{"id":224635,"date":"2026-01-11T11:43:14","date_gmt":"2026-01-11T11:43:14","guid":{"rendered":"https:\/\/www.europesays.com\/pt\/224635\/"},"modified":"2026-01-11T11:43:14","modified_gmt":"2026-01-11T11:43:14","slug":"clarice-repreende-a-filha-tu-estas-a-assustar-me-monica-estas-louca-novelas","status":"publish","type":"post","link":"https:\/\/www.europesays.com\/pt\/224635\/","title":{"rendered":"Clarice repreende a filha: \u00abTu est\u00e1s a assustar-me, M\u00f3nica. Est\u00e1s louca\u00bb &#8211; Novelas"},"content":{"rendered":"<p>Em \u00abA Protegida\u00bb, M\u00f3nica (Catarina Nifo) diz \u00e0 m\u00e3e que n\u00e3o vai desistir de lutar por JD (Pedro Sousa). Clarice (Fernanda Serrano) acha que M\u00f3nica devia era lutar para que ele recuperasse a mem\u00f3ria e descobrisse as poucas vergonhas que ela andou a fazer. M\u00f3nica afirma que salvou a vida de JD e conta o que se passou. Clarice fica perplexa e diz-lhe que devia ter ajudado JD e ter feito queixa na pol\u00edcia.<\/p>\n","protected":false},"excerpt":{"rendered":"Em \u00abA Protegida\u00bb, M\u00f3nica (Catarina Nifo) diz \u00e0 m\u00e3e que n\u00e3o vai desistir de lutar por JD (Pedro&hellip;\n","protected":false},"author":2,"featured_media":224636,"comment_status":"","ping_status":"","sticky":false,"template":"","format":"standard","meta":{"footnotes":""},"categories":[142],"tags":[168,160,166,114,115,157,167,164,2931,161,158,165,159,32,33,156,163,151,162],"class_list":{"0":"post-224635","1":"post","2":"type-post","3":"status-publish","4":"format-standard","5":"has-post-thumbnail","7":"category-tv","8":"tag-a-protegida","9":"tag-ana-guiomar","10":"tag-cristina-ferreira","11":"tag-entertainment","12":"tag-entretenimento","13":"tag-festa-e-festa","14":"tag-ficcao","15":"tag-jose-fidalgo","16":"tag-novela","17":"tag-novelas","18":"tag-para-sempre","19":"tag-pedro-sousa","20":"tag-pedro-teixeira","21":"tag-portugal","22":"tag-pt","23":"tag-queridos-papas","24":"tag-tiago-teotonio-pereira","25":"tag-tv","26":"tag-tvi"},"share_on_mastodon":{"url":"https:\/\/pubeurope.com\/@pt\/115876292345155751","error":""},"_links":{"self":[{"href":"https:\/\/www.europesays.com\/pt\/wp-json\/wp\/v2\/posts\/224635","targetHints":{"allow":["GET"]}}],"collection":[{"href":"https:\/\/www.europesays.com\/pt\/wp-json\/wp\/v2\/posts"}],"about":[{"href":"https:\/\/www.europesays.com\/pt\/wp-json\/wp\/v2\/types\/post"}],"author":[{"embeddable":true,"href":"https:\/\/www.europesays.com\/pt\/wp-json\/wp\/v2\/users\/2"}],"replies":[{"embeddable":true,"href":"https:\/\/www.europesays.com\/pt\/wp-json\/wp\/v2\/comments?post=224635"}],"version-history":[{"count":0,"href":"https:\/\/www.europesays.com\/pt\/wp-json\/wp\/v2\/posts\/224635\/revisions"}],"wp:featuredmedia":[{"embeddable":true,"href":"https:\/\/www.europesays.com\/pt\/wp-json\/wp\/v2\/media\/224636"}],"wp:attachment":[{"href":"https:\/\/www.europesays.com\/pt\/wp-json\/wp\/v2\/media?parent=224635"}],"wp:term":[{"taxonomy":"category","embeddable":true,"href":"https:\/\/www.europesays.com\/pt\/wp-json\/wp\/v2\/categories?post=224635"},{"taxonomy":"post_tag","embeddable":true,"href":"https:\/\/www.europesays.com\/pt\/wp-json\/wp\/v2\/tags?post=224635"}],"curies":[{"name":"wp","href":"https:\/\/api.w.org\/{rel}","templated":true}]}}