{"id":224637,"date":"2026-01-11T11:46:07","date_gmt":"2026-01-11T11:46:07","guid":{"rendered":"https:\/\/www.europesays.com\/pt\/224637\/"},"modified":"2026-01-11T11:46:07","modified_gmt":"2026-01-11T11:46:07","slug":"video-milhares-de-adeptos-recebem-equipa-do-vitoria-ja-de-madrugada","status":"publish","type":"post","link":"https:\/\/www.europesays.com\/pt\/224637\/","title":{"rendered":"V\u00cdDEO: milhares de adeptos recebem equipa do Vit\u00f3ria j\u00e1 de madrugada"},"content":{"rendered":"<p>O Vit\u00f3ria de Guimar\u00e3es venceu o d\u00e9rbi do Minho e <a href=\"https:\/\/maisfutebol.iol.pt\/jogo\/aominuto\/v-guimaraes\/sp-braga\/13826202\" rel=\"nofollow noopener\" target=\"_blank\">conquistou a primeira Ta\u00e7a da Liga da hist\u00f3ria do clube<\/a>. Ora, tal como Lu\u00eds Pinto referiu, a cidade de <a href=\"https:\/\/maisfutebol.iol.pt\/taca-da-liga\/v-guimaraes\/guimaraes-a-cidade-pode-passar-umas-horas-sem-dormir\" rel=\"nofollow noopener\" target=\"_blank\">Guimar\u00e3es iria passar umas boas horas sem dormir.<\/a><\/p>\n<p>J\u00e1 de madrugada, milhares de adeptos receberam o autocarro da equipa do Vit\u00f3ria no Largo do Toural, no centro de Guimar\u00e3es.<\/p>\n<p>As ruas encheram-se de preto e branco, houve cortejo improvisado dos jogadores e do staff t\u00e9cnico e fogo de artif\u00edcio.\u00a0<\/p>\n<p>A festa foi pela madrugada dentro, <a href=\"https:\/\/maisfutebol.iol.pt\/vitoria-guimaraes\/sp-braga\/v-guimaraes-sp-braga-2-1-cronica\" rel=\"nofollow noopener\" target=\"_blank\">depois do triunfo por 2-1, com reviravolta, frente ao rival Sp. Braga, no Est\u00e1dio Municipal de Leiria<\/a>.<\/p>\n<p>O Vit\u00f3ria conquista o terceiro trof\u00e9u nacional para o seu palmar\u00e9s e torna-se na primeira equipa fora dos designados tr\u00eas grandes a juntar as tr\u00eas ta\u00e7as: Ta\u00e7a de Portugal (2012\/13), Superta\u00e7a (1987\/88) e agora a Ta\u00e7a da Liga.<\/p>\n<p>Entre fogos de artif\u00edcio e anima\u00e7\u00e3o, dentro ou fora do autocarro, a madrugada da comunidade vitoriana foi, certamente, inesquec\u00edvel.\u00a0As ruas estavam completamente preenchidas por adeptos conquistadores. Houve, tamb\u00e9m, tempo para se festejar ao som de \u00abWe are the champions\u00bb, dos Queen.<\/p>\n<p><strong>Veja as imagens da festa vitoriana:<\/strong>\u00a0<\/p>\n","protected":false},"excerpt":{"rendered":"O Vit\u00f3ria de Guimar\u00e3es venceu o d\u00e9rbi do Minho e conquistou a primeira Ta\u00e7a da Liga da hist\u00f3ria&hellip;\n","protected":false},"author":2,"featured_media":224638,"comment_status":"","ping_status":"","sticky":false,"template":"","format":"standard","meta":{"footnotes":""},"categories":[87],"tags":[135,6831,1697,43304,46,32,33,47,1233,134,5344,2119],"class_list":{"0":"post-224637","1":"post","2":"type-post","3":"status-publish","4":"format-standard","5":"has-post-thumbnail","7":"category-desporto","8":"tag-desporto","9":"tag-festa","10":"tag-guimaraes","11":"tag-largo-do-toural","12":"tag-maisfutebol","13":"tag-portugal","14":"tag-pt","15":"tag-pura-paixao","16":"tag-sp-braga","17":"tag-sports","18":"tag-taca-da-liga","19":"tag-vitoria-guimaraes"},"share_on_mastodon":{"url":"https:\/\/pubeurope.com\/@pt\/115876304252128066","error":""},"_links":{"self":[{"href":"https:\/\/www.europesays.com\/pt\/wp-json\/wp\/v2\/posts\/224637","targetHints":{"allow":["GET"]}}],"collection":[{"href":"https:\/\/www.europesays.com\/pt\/wp-json\/wp\/v2\/posts"}],"about":[{"href":"https:\/\/www.europesays.com\/pt\/wp-json\/wp\/v2\/types\/post"}],"author":[{"embeddable":true,"href":"https:\/\/www.europesays.com\/pt\/wp-json\/wp\/v2\/users\/2"}],"replies":[{"embeddable":true,"href":"https:\/\/www.europesays.com\/pt\/wp-json\/wp\/v2\/comments?post=224637"}],"version-history":[{"count":0,"href":"https:\/\/www.europesays.com\/pt\/wp-json\/wp\/v2\/posts\/224637\/revisions"}],"wp:featuredmedia":[{"embeddable":true,"href":"https:\/\/www.europesays.com\/pt\/wp-json\/wp\/v2\/media\/224638"}],"wp:attachment":[{"href":"https:\/\/www.europesays.com\/pt\/wp-json\/wp\/v2\/media?parent=224637"}],"wp:term":[{"taxonomy":"category","embeddable":true,"href":"https:\/\/www.europesays.com\/pt\/wp-json\/wp\/v2\/categories?post=224637"},{"taxonomy":"post_tag","embeddable":true,"href":"https:\/\/www.europesays.com\/pt\/wp-json\/wp\/v2\/tags?post=224637"}],"curies":[{"name":"wp","href":"https:\/\/api.w.org\/{rel}","templated":true}]}}