{"id":224647,"date":"2026-01-11T11:54:17","date_gmt":"2026-01-11T11:54:17","guid":{"rendered":"https:\/\/www.europesays.com\/pt\/224647\/"},"modified":"2026-01-11T11:54:17","modified_gmt":"2026-01-11T11:54:17","slug":"isabel-veloso-influenciadora-que-morreu-aos-19-anos-deixa-filho-bebe-e-enfrentou-criticas-r7-entretenimento","status":"publish","type":"post","link":"https:\/\/www.europesays.com\/pt\/224647\/","title":{"rendered":"Isabel Veloso, influenciadora que morreu aos 19 anos, deixa filho beb\u00ea e enfrentou cr\u00edticas \u2013 R7 Entretenimento"},"content":{"rendered":"<p>LEIA AQUI O RESUMO DA NOT\u00cdCIA<\/p>\n<ul class=\"b-article-body-custom-embed-brief-news__list\" style=\"margin: 0; padding-left: 20px; list-style-type: disc;\">\n<li>A influenciadora Isabel Veloso, de 19 anos, faleceu ap\u00f3s lutar contra um c\u00e2ncer terminal, diagnosticado em 2021.<\/li>\n<li>Conhecida por compartilhar sua rotina de tratamento nas redes sociais, ela acumulou mais de 3 milh\u00f5es de seguidores.<\/li>\n<li>Isabel enfrentou cr\u00edticas pela decis\u00e3o de ter um filho, afirmando que a gesta\u00e7\u00e3o era uma escolha pessoal apesar das adversidades.<\/li>\n<\/ul>\n<p style=\"font-size: 0.8em; font-style: italic; text-align: right; margin-top: 15px; padding-bottom: 5px; margin-bottom: 0;\">Produzido pela Ri7a &#8211; a Intelig\u00eancia Artificial do R7<\/p>\n<p><img decoding=\"async\" data-chromatic=\"ignore\" alt=\"\" class=\"c-image\" loading=\"lazy\" src=\"https:\/\/www.europesays.com\/pt\/wp-content\/uploads\/2026\/01\/1768132457_884_WQUIWJVTTBGK3LEWQ7SVEPODEQ.jpeg\"  width=\"1200\" height=\"670\"\/>Isabel com o marido e o filho Reprodu\u00e7\u00e3o\/Instagram @isabelveloso <\/p>\n<p class=\"jarvics:base-text-neutral-high-400 base-text-[calc(theme(fontSize.xs)_*_var(--font-size,_1))] base-font-normal base-font-primary base-text-neutral-low-500 base-text-left\">A not\u00edcia da morte da <a href=\"https:\/\/entretenimento.r7.com\/prisma\/fabiola-reipert\/pai-de-isabel-veloso-relembra-conversa-antes-de-internacao-nao-sabiamos-o-que-viria-09012026\/\" target=\"_self\" rel=\"nofollow noopener\" title=\"https:\/\/entretenimento.r7.com\/prisma\/fabiola-reipert\/pai-de-isabel-veloso-relembra-conversa-antes-de-internacao-nao-sabiamos-o-que-viria-09012026\/\">influenciadora Isabel Veloso<\/a>, aos 19 anos, comoveu as <a href=\"https:\/\/noticias.r7.com\/entrevista\/isabel-veloso-magnesio-em-excesso-pode-ser-grave-em-doentes-renais-explica-medico-19122025\/\" target=\"_self\" rel=\"nofollow noopener\" title=\"https:\/\/noticias.r7.com\/entrevista\/isabel-veloso-magnesio-em-excesso-pode-ser-grave-em-doentes-renais-explica-medico-19122025\/\">redes sociais<\/a> na manh\u00e3 deste s\u00e1bado, 10. A informa\u00e7\u00e3o foi divulgada pelo marido de Isabel, Lucas Borbas, por meio de uma <a href=\"https:\/\/entretenimento.r7.com\/prisma\/fabiola-reipert\/isabel-veloso-sofre-complicacoes-apos-traqueostomia-e-marido-atualiza-estado-de-saude-28122025\/\" target=\"_self\" rel=\"nofollow noopener\" title=\"https:\/\/entretenimento.r7.com\/prisma\/fabiola-reipert\/isabel-veloso-sofre-complicacoes-apos-traqueostomia-e-marido-atualiza-estado-de-saude-28122025\/\">publica\u00e7\u00e3o no Instagram<\/a>.<\/p>\n<p class=\"jarvics:base-text-neutral-high-400 base-text-[calc(theme(fontSize.xs)_*_var(--font-size,_1))] base-font-normal base-font-primary base-text-neutral-low-500 base-text-left\">Isabel ficou conhecida por compartilhar na internet sua rotina de tratamento contra um c\u00e2ncer terminal. Ela foi diagnosticada com linfoma de Hodgkin em 2021 e passou por um tratamento paliativo por anos.<\/p>\n<p class=\"jarvics:base-text-neutral-high-400 base-text-[calc(theme(fontSize.xs)_*_var(--font-size,_1))] base-font-normal base-font-primary base-text-neutral-low-500 base-text-left\">Em maio de 2025, ela revelou que a doen\u00e7a estava em remiss\u00e3o, contrariando o progn\u00f3stico de muitos m\u00e9dicos e, em outubro, passou por um transplante de medula. Tanto seu o pai quanto sua m\u00e3e e a irm\u00e3 eram potenciais doadores, com 50% de compatibilidade da medula &#8211; a equipe m\u00e9dica optou pela doa\u00e7\u00e3o do pai.<\/p>\n<p class=\"jarvics:base-text-neutral-high-400 base-text-[calc(theme(fontSize.xs)_*_var(--font-size,_1))] base-font-normal base-font-primary base-text-neutral-low-500 base-text-left\">Isabel estava internada desde novembro e chegou a ser extubada em dezembro. \u00c0 \u00e9poca do in\u00edcio da interna\u00e7\u00e3o, os exames da influenciadora apontaram um excesso de magn\u00e9sio no sangue. Poucos dias depois, ela foi diagnosticada com um quadro grave de pneumonia.<\/p>\n<p class=\"jarvics:base-text-neutral-high-400 base-text-[calc(theme(fontSize.xs)_*_var(--font-size,_1))] base-font-normal base-font-primary base-text-neutral-low-500 base-text-left\">A influenciadora tinha apenas 15 anos quando recebeu o diagn\u00f3stico de linfoma de Hodgkin, um tipo de c\u00e2ncer agressivo que se origina no sistema linf\u00e1tico &#8211; sua expectativa de vida era de 2 meses. Aos 17, ela come\u00e7ou a ganhar popularidade nas redes sociais compartilhando a rotina de tratamento. Ela acumulava mais de 3 milh\u00f5es de seguidores no Instagram.<\/p>\n<p><video controls=\"\" class=\"video-js\" preload=\"metadata\" poster=\"https:\/\/d22yf0mxeu0gma.cloudfront.net\/09-05-2024\/t_0f73fa907e0e4eeaa9b28c750a05289d_name_THUMBS_EXTRAS_DOMINGO_ESPETACULAR__2_.jpg\" title=\"Isabel Veloso poderia engravidar mesmo com c\u00e2ncer? Oncologista explica | O Hospital Responde\" data-sprite-url=\"\" data-metadata=\"{&quot;title&quot;:&quot;Isabel Veloso poderia engravidar mesmo com c\u00e2ncer? Oncologista explica | O Hospital Responde&quot;,&quot;sectionName&quot;:&quot;R7&quot;,&quot;mainSection&quot;:&quot;Famosos e TV&quot;,&quot;subSection&quot;:&quot;&quot;,&quot;views&quot;:&quot;&quot;,&quot;disableAdv&quot;:&quot;false&quot;,&quot;createdDate&quot;:&quot;2024-09-05T20:02:58Z&quot;,&quot;mainSectionUrl&quot;:&quot;https:\/\/record.r7.com\/domingo-espetacular\/conteudo-exclusivo\/o-hospital-responde\/video\/isabel-veloso-poderia-engravidar-mesmo-com-cancer-oncologista-explica-o-hospital-responde-07092024\/&quot;,&quot;sectionPath&quot;:&quot;https:\/\/record.r7.com\/domingo-espetacular\/conteudo-exclusivo\/o-hospital-responde&quot;,&quot;ageRating&quot;:&quot;&quot;,&quot;ageRatingDescription&quot;:&quot;&quot;,&quot;duration&quot;:183786,&quot;playerUrl&quot;:&quot;https:\/\/record.r7.com\/player\/b72a4175-1ced-4153-8c02-3f377233fd5d\/&quot;}\" data-player-params=\"{&quot;p&quot;:&quot;true&quot;,&quot;autoPlay&quot;:&quot;false&quot;,&quot;logo&quot;:&quot;true&quot;,&quot;playlistId&quot;:&quot;false&quot;,&quot;calhau&quot;:&quot;false&quot;,&quot;share&quot;:&quot;true&quot;,&quot;sz&quot;:&quot;false&quot;,&quot;full&quot;:&quot;true&quot;,&quot;customAdHash&quot;:&quot;\/7542\/R7entretenimento\/famosostv&quot;,&quot;referrerUrl&quot;:&quot;&quot;,&quot;externalLinks&quot;:&quot;true&quot;,&quot;debug&quot;:&quot;false&quot;,&quot;debugHash&quot;:&quot;false&quot;,&quot;debugRelated&quot;:&quot;false&quot;,&quot;timerRelated&quot;:&quot;true&quot;,&quot;logoRecord&quot;:&quot;false&quot;,&quot;contextModal&quot;:&quot;false&quot;,&quot;parentUrl&quot;:&quot;https:\/\/record.r7.com\/&quot;,&quot;t&quot;:&quot;0&quot;,&quot;noTitle&quot;:false,&quot;endBehavior&quot;:&quot;default&quot;}\" data-related-videos=\"[{&quot;title&quot;:&quot;Vacinas contra dengue e v\u00edrus sincicial s\u00e3o inclu\u00eddas no calend\u00e1rio vacinal | O Hospital Responde&quot;,&quot;thumb&quot;:&quot;https:\/\/d22yf0mxeu0gma.cloudfront.net\/01-08-2026\/t_b3b86220bd5c4110a9123931714fd155_name_EXTRAS_DOMINGO_ESPETACULAR_2025.jpg&quot;,&quot;url&quot;:&quot;https:\/\/record.r7.com\/domingo-espetacular\/video\/vacinas-contra-dengue-e-virus-sincicial-sao-incluidas-no-calendario-vacinal-o-hospital-responde-10012026\/&quot;,&quot;embedUrl&quot;:&quot;https:\/\/record.r7.com\/player\/787c15c3-93da-405b-983b-0296da1239cc\/&quot;},{&quot;title&quot;:&quot;Dem\u00eancia por Corpos de Lewy: saiba o que \u00e9 a doen\u00e7a e quais os sintomas | O Hospital Responde&quot;,&quot;thumb&quot;:&quot;https:\/\/d22yf0mxeu0gma.cloudfront.net\/01-02-2026\/t_4931b6989ba54895a3e9c9bf67313ab1_name_GERAL_THUMBS_YOUTUBE_2025__44_.jpg&quot;,&quot;url&quot;:&quot;https:\/\/record.r7.com\/domingo-espetacular\/conteudo-exclusivo\/o-hospital-responde\/video\/demencia-por-corpos-de-lewy-saiba-o-que-e-a-doenca-e-quais-os-sintomas-o-hospital-responde-03012026\/&quot;,&quot;embedUrl&quot;:&quot;https:\/\/record.r7.com\/player\/050dfcb3-5f32-4a6a-b45d-8a3ce768e658\/&quot;},{&quot;title&quot;:&quot;Cirrose: o que \u00e9, causas e tratamento | O Hospital Responde&quot;,&quot;thumb&quot;:&quot;https:\/\/d22yf0mxeu0gma.cloudfront.net\/12-22-2025\/t_0d0b500889e948afb417b718dd147526_name_GERAL_THUMBS_YOUTUBE_2025___2025_12_22T132627_924.jpg&quot;,&quot;url&quot;:&quot;https:\/\/record.r7.com\/domingo-espetacular\/conteudo-exclusivo\/o-hospital-responde\/video\/cirrose-o-que-e-causas-e-tratamento-o-hospital-responde-27122025\/&quot;,&quot;embedUrl&quot;:&quot;https:\/\/record.r7.com\/player\/29d48732-0761-45ad-be31-befa6f7f436f\/&quot;}]\" data-player-url=\"https:\/\/record.r7.com\/player\/b72a4175-1ced-4153-8c02-3f377233fd5d\/\" data-arc-video=\"\" data-arc-id=\"b72a4175-1ced-4153-8c02-3f377233fd5d\" data-short=\"false\" style=\"visibility:hidden\"><\/video>Casamento e gravidez pol\u00eamica<\/p>\n<p class=\"jarvics:base-text-neutral-high-400 base-text-[calc(theme(fontSize.xs)_*_var(--font-size,_1))] base-font-normal base-font-primary base-text-neutral-low-500 base-text-left\">A influenciadora se casou com Lucas Borbas, de 27 anos, em 2024. No mesmo ano, ela gerou discuss\u00f5es nas redes sociais ap\u00f3s anunciar que estava gr\u00e1vida. Na ocasi\u00e3o, Isabel afirmou que os m\u00e9dicos teriam lhe dado uma expectativa de vida de 6 meses.<\/p>\n<p class=\"jarvics:base-text-neutral-high-400 base-text-[calc(theme(fontSize.xs)_*_var(--font-size,_1))] base-font-normal base-font-primary base-text-neutral-low-500 base-text-left\">\u201cA quantidade de gente mal informada, vindo disseminar \u00f3dio, me assusta\u201d, disse a influenciadora sobre os ataques que recebeu \u00e0 \u00e9poca. Na sequ\u00eancia, ela compartilhou uma das reportagens em que falou sobre o assunto e comentou: \u201c[As pessoas] gostam de ganhar engajamento para tornar uma coisa t\u00e3o bonita na pior do mundo\u201d.<\/p>\n<p class=\"jarvics:base-text-neutral-high-400 base-text-[calc(theme(fontSize.xs)_*_var(--font-size,_1))] base-font-normal base-font-primary base-text-neutral-low-500 base-text-left\">Isabel tamb\u00e9m compartilhou o story de um m\u00e9dico, o oncologista Rafael Franco, que afirmou ter ficado assustado com \u201co \u00f3dio para com a maternidade\u201d e citou um coment\u00e1rio que dizia que a influenciadora estaria sendo \u201cego\u00edsta\u201d por ter o filho.<\/p>\n<p class=\"jarvics:base-text-neutral-high-400 base-text-[calc(theme(fontSize.xs)_*_var(--font-size,_1))] base-font-normal base-font-primary base-text-neutral-low-500 base-text-left\">\u201cComo voc\u00ea chama de ego\u00edsmo uma mulher que escolhe gerar uma crian\u00e7a em seu ventre? Como voc\u00ea diz que \u00e9 ego\u00edsmo uma mulher que escolhe passar por todas as mudan\u00e7as no corpo de uma gravidez, por todos os sintomas que a gravidez causa, por todas as inseguran\u00e7as que uma gesta\u00e7\u00e3o traz?\u201d, comentou o m\u00e9dico.<\/p>\n<p class=\"jarvics:base-text-neutral-high-400 base-text-[calc(theme(fontSize.xs)_*_var(--font-size,_1))] base-font-normal base-font-primary base-text-neutral-low-500 base-text-left\">O filho de Isabel, Arthur, nasceu em 29 de dezembro de 2024. Ele foi prematuro, com um parto de 32 semanas, porque o c\u00e2ncer da influenciadora havia se espalhado para os pulm\u00f5es. Ela interrompeu o tratamento para poder amamentar.<\/p>\n<p class=\"jarvics:base-text-neutral-high-400 base-text-[calc(theme(fontSize.xs)_*_var(--font-size,_1))] base-font-normal base-font-primary base-text-neutral-low-500 base-text-left\">\u201cQuando estava fazendo quimioterapia, gr\u00e1vida, n\u00e3o poderia amamentar por um per\u00edodo de no m\u00ednimo 10 dias. Mas quando ganhei o Arthur, j\u00e1 fazia um tempo que eu tinha parado com a quimioterapia, porque ela n\u00e3o fez efeito. N\u00e3o segui. Ent\u00e3o esperamos ele nascer para eu come\u00e7ar o meu novo tratamento &#8211; que inclusive, ainda nem comecei. No momento n\u00e3o estou fazendo tratamento nenhum, estou limpa. N\u00e3o tem nada no meu organismo. Posso, sim, amamentar\u201d, explicou \u00e0 \u00e9poca.<\/p>\n<p class=\"jarvics:base-text-neutral-high-400 base-text-[calc(theme(fontSize.xs)_*_var(--font-size,_1))] base-font-normal base-font-primary base-text-neutral-low-500 base-text-left\">Em maio do ano passado, Isabel revelou que o c\u00e2ncer estava em remiss\u00e3o. \u201cO que mais me emociona nisso, \u00e9 que, se der tudo certo, se essa porcaria nunca mais voltar, eu vou poder ver meu filho crescer. \u00c9 a maior alegria para mim. N\u00e3o consigo nem descrever o que estou sentindo\u201d, disse ela.<\/p>\n<p class=\"jarvics:base-text-neutral-high-400 base-text-[calc(theme(fontSize.xs)_*_var(--font-size,_1))] base-font-normal base-font-primary base-text-neutral-low-500 base-text-left\">Na publica\u00e7\u00e3o sobre a morte da mulher, Lucas afirmou que ela \u201cviveu intensamente, amou profundamente, lutou at\u00e9 onde era humanamente poss\u00edvel &#8211; e at\u00e9 al\u00e9m\u201d. Ele tamb\u00e9m falou sobre o filho, que completou um ano recentemente. \u201cConstru\u00edmos uma fam\u00edlia, um amor que n\u00e3o depende do tempo nem da presen\u00e7a f\u00edsica para existir. Ela vive em mim, vive no nosso filho, vive em cada pessoa que foi tocada pela for\u00e7a dela\u201d, disse.<\/p>\n<p class=\"jarvics:base-text-neutral-high-400 base-text-[calc(theme(fontSize.xs)_*_var(--font-size,_1))] base-font-normal base-font-primary base-text-neutral-low-500 base-text-left\"><b>Para saber tudo do mundo dos famosos, <\/b><a href=\"https:\/\/whatsapp.com\/channel\/0029Va9UfKcHQbRyCyhPt71R\" rel=\"nofollow noopener\" target=\"_blank\"><b>siga o canal de entretenimento do R7<\/b><\/a><b>, o portal de not\u00edcias da RECORD, no WhatsApp<\/b><\/p>\n","protected":false},"excerpt":{"rendered":"LEIA AQUI O RESUMO DA NOT\u00cdCIA A influenciadora Isabel Veloso, de 19 anos, faleceu ap\u00f3s lutar contra um&hellip;\n","protected":false},"author":2,"featured_media":224170,"comment_status":"","ping_status":"","sticky":false,"template":"","format":"standard","meta":{"footnotes":""},"categories":[145],"tags":[1776,211,210,114,115,980,1041,32,33,151],"class_list":{"0":"post-224647","1":"post","2":"type-post","3":"status-publish","4":"format-standard","5":"has-post-thumbnail","7":"category-celebridades","8":"tag-cancer","9":"tag-celebridades","10":"tag-celebrities","11":"tag-entertainment","12":"tag-entretenimento","13":"tag-famosos","14":"tag-gravidez","15":"tag-portugal","16":"tag-pt","17":"tag-tv"},"share_on_mastodon":{"url":"https:\/\/pubeurope.com\/@pt\/115876335650048676","error":""},"_links":{"self":[{"href":"https:\/\/www.europesays.com\/pt\/wp-json\/wp\/v2\/posts\/224647","targetHints":{"allow":["GET"]}}],"collection":[{"href":"https:\/\/www.europesays.com\/pt\/wp-json\/wp\/v2\/posts"}],"about":[{"href":"https:\/\/www.europesays.com\/pt\/wp-json\/wp\/v2\/types\/post"}],"author":[{"embeddable":true,"href":"https:\/\/www.europesays.com\/pt\/wp-json\/wp\/v2\/users\/2"}],"replies":[{"embeddable":true,"href":"https:\/\/www.europesays.com\/pt\/wp-json\/wp\/v2\/comments?post=224647"}],"version-history":[{"count":0,"href":"https:\/\/www.europesays.com\/pt\/wp-json\/wp\/v2\/posts\/224647\/revisions"}],"wp:featuredmedia":[{"embeddable":true,"href":"https:\/\/www.europesays.com\/pt\/wp-json\/wp\/v2\/media\/224170"}],"wp:attachment":[{"href":"https:\/\/www.europesays.com\/pt\/wp-json\/wp\/v2\/media?parent=224647"}],"wp:term":[{"taxonomy":"category","embeddable":true,"href":"https:\/\/www.europesays.com\/pt\/wp-json\/wp\/v2\/categories?post=224647"},{"taxonomy":"post_tag","embeddable":true,"href":"https:\/\/www.europesays.com\/pt\/wp-json\/wp\/v2\/tags?post=224647"}],"curies":[{"name":"wp","href":"https:\/\/api.w.org\/{rel}","templated":true}]}}