{"id":224648,"date":"2026-01-11T11:57:06","date_gmt":"2026-01-11T11:57:06","guid":{"rendered":"https:\/\/www.europesays.com\/pt\/224648\/"},"modified":"2026-01-11T11:57:06","modified_gmt":"2026-01-11T11:57:06","slug":"10-anos-depois-o-gerente-da-noite-esta-de-volta-para-nova-temporada-nit","status":"publish","type":"post","link":"https:\/\/www.europesays.com\/pt\/224648\/","title":{"rendered":"10 anos depois, \u201cO Gerente da Noite\u201d est\u00e1 de volta para nova temporada \u2014 NiT"},"content":{"rendered":"<p>Com apenas uma temporada, lan\u00e7ada em 2016, \u201cO Gerente da Noite\u201d assumiu de imediato um lugar de destaque no ranking das melhores <a href=\"https:\/\/www.imdb.com\/title\/tt1399664\/?ref_=nv_sr_srsg_0_tt_8_nm_0_in_0_q_the%2520night%2520mana\" target=\"_blank\" rel=\"nofollow noopener\">s\u00e9ries<\/a> da d\u00e9cada. Entre aplausos e elogios, recebeu tr\u00eas Globos de Ouro: Melhor Ator Principal, Melhor Ator Secund\u00e1rio e Melhor Atriz Secund\u00e1ria. A 11 de janeiro, regressou \u00e0 Prime Video para a aguardada segunda temporada \u2014 novamente baseada no universo criado por John le Carr\u00e9.<\/p>\n<p>Na primeiros epis\u00f3dios, a narrativa acompanhava Jonathan Pine, um antigo soldado brit\u00e2nico a trabalhar como gerente da noite num hotel de luxo. A sua vida muda radicalmente quando se v\u00ea envolvido numa opera\u00e7\u00e3o secreta liderada pelos servi\u00e7os de intelig\u00eancia brit\u00e2nicos, com o objetivo de se infiltrar no c\u00edrculo \u00edntimo de Richard Roper, um carism\u00e1tico e impiedoso negociante de armas que se move com facilidade entre elites pol\u00edticas, empresariais e criminosas.<\/p>\n<p><strong>A segunda temporada parte das consequ\u00eancias do confronto final entre protagonista e mestre do e mostra Jonathan Pine numa nova fase da sua vida.<\/strong> No entanto, \u00e9 mais uma vez arrastado para o submundo da espionagem internacional.<\/p>\n<p>Mais experiente, mas tamb\u00e9m marcado pelas escolhas do passado, \u00e9 confrontado com novas amea\u00e7as globais e redes de poder complexas, num mundo que se tornou demasiado inst\u00e1vel e moralmente difuso.\u00a0<\/p>\n<p>A produ\u00e7\u00e3o volta a ser liderada por Tom Hiddleston e, ao seu lado, est\u00e1 Hugh Laurie. O elenco de luxo tamb\u00e9m conta com Olivia Colman, Camila Morrone e Diego Calva.<\/p>\n<p>A primeira temporada j\u00e1 tinha levado os cr\u00edticos \u00e0 loucura, mas parece que j\u00e1 foi superada pela continua\u00e7\u00e3o. No agregador Rotten Tomatoes, a segunda temporada tem uma avalia\u00e7\u00e3o de 94 por cento.<\/p>\n<p>\u201cJonathan re\u00fane as boas inten\u00e7\u00f5es de um her\u00f3i com o apelo perigoso de bad boy mais frequentemente associado a um vil\u00e3o. Os novos epis\u00f3dios s\u00e3o t\u00e3o sedutores quanto ele\u201d, descreve a BBC. \u201cR\u00e1pido e cheio de divers\u00e3o, este regresso faz-nos questionar como ningu\u00e9m pensou em fazer uma sequela h\u00e1 anos\u201d, acrescenta a revista \u201cEmpire\u201d.<\/p>\n<p>Carregue na galeria para conhecer outras s\u00e9ries e temporadas que estreiam em janeiro nas plataformas de streaming e canais de televis\u00e3o.<\/p>\n","protected":false},"excerpt":{"rendered":"Com apenas uma temporada, lan\u00e7ada em 2016, \u201cO Gerente da Noite\u201d assumiu de imediato um lugar de destaque&hellip;\n","protected":false},"author":2,"featured_media":224649,"comment_status":"","ping_status":"","sticky":false,"template":"","format":"standard","meta":{"footnotes":""},"categories":[142],"tags":[114,115,32,33,151],"class_list":{"0":"post-224648","1":"post","2":"type-post","3":"status-publish","4":"format-standard","5":"has-post-thumbnail","7":"category-tv","8":"tag-entertainment","9":"tag-entretenimento","10":"tag-portugal","11":"tag-pt","12":"tag-tv"},"share_on_mastodon":{"url":"https:\/\/pubeurope.com\/@pt\/115876347425303892","error":""},"_links":{"self":[{"href":"https:\/\/www.europesays.com\/pt\/wp-json\/wp\/v2\/posts\/224648","targetHints":{"allow":["GET"]}}],"collection":[{"href":"https:\/\/www.europesays.com\/pt\/wp-json\/wp\/v2\/posts"}],"about":[{"href":"https:\/\/www.europesays.com\/pt\/wp-json\/wp\/v2\/types\/post"}],"author":[{"embeddable":true,"href":"https:\/\/www.europesays.com\/pt\/wp-json\/wp\/v2\/users\/2"}],"replies":[{"embeddable":true,"href":"https:\/\/www.europesays.com\/pt\/wp-json\/wp\/v2\/comments?post=224648"}],"version-history":[{"count":0,"href":"https:\/\/www.europesays.com\/pt\/wp-json\/wp\/v2\/posts\/224648\/revisions"}],"wp:featuredmedia":[{"embeddable":true,"href":"https:\/\/www.europesays.com\/pt\/wp-json\/wp\/v2\/media\/224649"}],"wp:attachment":[{"href":"https:\/\/www.europesays.com\/pt\/wp-json\/wp\/v2\/media?parent=224648"}],"wp:term":[{"taxonomy":"category","embeddable":true,"href":"https:\/\/www.europesays.com\/pt\/wp-json\/wp\/v2\/categories?post=224648"},{"taxonomy":"post_tag","embeddable":true,"href":"https:\/\/www.europesays.com\/pt\/wp-json\/wp\/v2\/tags?post=224648"}],"curies":[{"name":"wp","href":"https:\/\/api.w.org\/{rel}","templated":true}]}}