{"id":224650,"date":"2026-01-11T12:00:20","date_gmt":"2026-01-11T12:00:20","guid":{"rendered":"https:\/\/www.europesays.com\/pt\/224650\/"},"modified":"2026-01-11T12:00:20","modified_gmt":"2026-01-11T12:00:20","slug":"diomande-eliminado-na-can-regressa-com-o-casa-pia","status":"publish","type":"post","link":"https:\/\/www.europesays.com\/pt\/224650\/","title":{"rendered":"Diomande eliminado na CAN&#8230; regressa com o Casa Pia!"},"content":{"rendered":"<p>Rui Borges respira de al\u00edvio! A <a target=\"_blank\" class=\"editor-link autolink-enabled\" href=\"https:\/\/www.abola.pt\/futebol\/costa-do-marfim-2332\" data-resource-id=\"2332\" data-resource-type=\"team\" data-sport=\"football\" rel=\"nofollow noopener\">Costa do Marfim<\/a>, campe\u00e3 em t\u00edtulo, de <a target=\"_blank\" class=\"editor-link autolink-enabled\" href=\"https:\/\/www.abola.pt\/futebol\/jogador\/ousmane-diomande-271526\" data-resource-id=\"271526\" data-resource-type=\"player\" data-sport=\"football\" rel=\"nofollow noopener\">Ousmane Diomande<\/a>, foi este s\u00e1bado eliminada nos quartos de final da CAN, diante do Egito, por 2-3, e o treinador dos le\u00f5es ganha, assim, mais uma importante op\u00e7\u00e3o para a partida marcada para a pr\u00f3xima sexta-feira, em Alvalade, com o <a target=\"_blank\" class=\"editor-link autolink-enabled\" href=\"https:\/\/www.abola.pt\/futebol\/casa-pia-4772\" data-resource-id=\"4772\" data-resource-type=\"team\" data-sport=\"football\" rel=\"nofollow noopener\">Casa Pia<\/a>. \u00a0<\/p>\n<p>\t\t<img decoding=\"async\" src=\"https:\/\/www.europesays.com\/pt\/wp-content\/uploads\/2026\/01\/1768132820_130_thumbs.web.sapo.io.webp\"  loading=\"true\"\/><\/p>\n<p>                        Diomande somou apenas 92 minutos nesta prova e regressa a Alvalade&#8230; fresquinho<\/p>\n<p>Perante a enorme onda de les\u00f5es que assola o plantel leonino (<a class=\"autolink-enabled\" data-resource-id=\"222095\" data-resource-type=\"player\" data-sport=\"football\" href=\"https:\/\/www.abola.pt\/futebol\/jogador\/eduardo-quaresma-222095\" rel=\"nofollow noopener\" target=\"_blank\">Eduardo Quaresma<\/a> foi a \u00faltima baixa ap\u00f3s les\u00e3o sofrida com o <a class=\"autolink-enabled\" data-resource-id=\"443\" data-resource-type=\"team\" data-sport=\"football\" href=\"https:\/\/www.abola.pt\/futebol\/vitoria-de-guimaraes-443\" rel=\"nofollow noopener\" target=\"_blank\">Vit\u00f3ria de Guimar\u00e3es<\/a> para a Ta\u00e7a da <a class=\"autolink-enabled\" data-resource-id=\"13\" data-resource-type=\"competition\" data-sport=\"football\" href=\"https:\/\/www.abola.pt\/futebol\/competicao\/liga-portugal-betclic-13\" rel=\"nofollow noopener\" target=\"_blank\">Liga<\/a>), n\u00e3o restavam muitas solu\u00e7\u00f5es para o eixo, at\u00e9 porque, conv\u00e9m lembrar, <a class=\"autolink-enabled\" data-resource-id=\"233639\" data-resource-type=\"player\" data-sport=\"football\" href=\"https:\/\/www.abola.pt\/futebol\/jogador\/debast-233639\" rel=\"nofollow noopener\" target=\"_blank\">Debast<\/a> ainda est\u00e1 ausente dos trabalhos, na fase final de recupera\u00e7\u00e3o a uma entorse no joelho. Depois de <a class=\"autolink-enabled\" data-resource-id=\"214433\" data-resource-type=\"player\" data-sport=\"football\" href=\"https:\/\/www.abola.pt\/futebol\/jogador\/geny-catamo-214433\" rel=\"nofollow noopener\" target=\"_blank\">Geny Catamo<\/a>, reintegrado nos \u00faltimos dias ap\u00f3s a elimina\u00e7\u00e3o de <a class=\"autolink-enabled\" data-resource-id=\"1560\" data-resource-type=\"team\" data-sport=\"football\" href=\"https:\/\/www.abola.pt\/futebol\/mocambique-1560\" rel=\"nofollow noopener\" target=\"_blank\">Mo\u00e7ambique<\/a>, eis que o le\u00e3o volta a \u2018refor\u00e7ar\u2019 o plantel com o regresso de <a class=\"autolink-enabled\" data-resource-id=\"271526\" data-resource-type=\"player\" data-sport=\"football\" href=\"https:\/\/www.abola.pt\/futebol\/jogador\/ousmane-diomande-271526\" rel=\"nofollow noopener\" target=\"_blank\">Diomande<\/a>. \u00a0<\/p>\n<p>O central leonino, que somou apenas 91 minutos em dois jogos, despediu-se hoje desta competi\u00e7\u00e3o que decorre em Marrocos e regressar\u00e1 entre este domingo e segunda-feira a Lisboa, sendo certa a sua presen\u00e7a no ensaio da pr\u00f3xima ter\u00e7a-feira ap\u00f3s dois dias de folga. O plantel come\u00e7a, assim, a ganhar forma com o regresso de dois \u2018pesos-pesados\u2019 para atacar a segunda metade da temporada. \u00a0<\/p>\n","protected":false},"excerpt":{"rendered":"Rui Borges respira de al\u00edvio! A Costa do Marfim, campe\u00e3 em t\u00edtulo, de Ousmane Diomande, foi este s\u00e1bado&hellip;\n","protected":false},"author":2,"featured_media":224651,"comment_status":"","ping_status":"","sticky":false,"template":"","format":"standard","meta":{"footnotes":""},"categories":[87],"tags":[135,32,33,134],"class_list":{"0":"post-224650","1":"post","2":"type-post","3":"status-publish","4":"format-standard","5":"has-post-thumbnail","7":"category-desporto","8":"tag-desporto","9":"tag-portugal","10":"tag-pt","11":"tag-sports"},"share_on_mastodon":{"url":"https:\/\/pubeurope.com\/@pt\/115876359245388457","error":""},"_links":{"self":[{"href":"https:\/\/www.europesays.com\/pt\/wp-json\/wp\/v2\/posts\/224650","targetHints":{"allow":["GET"]}}],"collection":[{"href":"https:\/\/www.europesays.com\/pt\/wp-json\/wp\/v2\/posts"}],"about":[{"href":"https:\/\/www.europesays.com\/pt\/wp-json\/wp\/v2\/types\/post"}],"author":[{"embeddable":true,"href":"https:\/\/www.europesays.com\/pt\/wp-json\/wp\/v2\/users\/2"}],"replies":[{"embeddable":true,"href":"https:\/\/www.europesays.com\/pt\/wp-json\/wp\/v2\/comments?post=224650"}],"version-history":[{"count":0,"href":"https:\/\/www.europesays.com\/pt\/wp-json\/wp\/v2\/posts\/224650\/revisions"}],"wp:featuredmedia":[{"embeddable":true,"href":"https:\/\/www.europesays.com\/pt\/wp-json\/wp\/v2\/media\/224651"}],"wp:attachment":[{"href":"https:\/\/www.europesays.com\/pt\/wp-json\/wp\/v2\/media?parent=224650"}],"wp:term":[{"taxonomy":"category","embeddable":true,"href":"https:\/\/www.europesays.com\/pt\/wp-json\/wp\/v2\/categories?post=224650"},{"taxonomy":"post_tag","embeddable":true,"href":"https:\/\/www.europesays.com\/pt\/wp-json\/wp\/v2\/tags?post=224650"}],"curies":[{"name":"wp","href":"https:\/\/api.w.org\/{rel}","templated":true}]}}