{"id":224652,"date":"2026-01-11T12:05:07","date_gmt":"2026-01-11T12:05:07","guid":{"rendered":"https:\/\/www.europesays.com\/pt\/224652\/"},"modified":"2026-01-11T12:05:07","modified_gmt":"2026-01-11T12:05:07","slug":"nicolas-maduro-diz-estar-bem-e-pede-para-ninguem-ficar-triste","status":"publish","type":"post","link":"https:\/\/www.europesays.com\/pt\/224652\/","title":{"rendered":"Nicol\u00e1s Maduro diz estar &#8220;bem&#8221; e pede para ningu\u00e9m ficar triste"},"content":{"rendered":"<p>&#13;<br \/>\nO presidente deposto da Venezuela, Nicol\u00e1s Maduro, garantiu no s\u00e1bado que est\u00e1 bem e pediu para que ningu\u00e9m fique triste. As declara\u00e7\u00f5es foram feitas a partir da pris\u00e3o e transmitidas aos seus advogados, segundo o filho do ex-chefe de Estado.&#13;\n<\/p>\n<p>&#13;<br \/>\n<b>&#8220;Estamos bem. Somos lutadores&#8221;<\/b>, declarou Nicol\u00e1s Maduro a partir da pris\u00e3o nos Estados Unidos, segundo o seu filho, num v\u00eddeo publicado no s\u00e1bado pelo partido no poder na Venezuela.&#13;\n<\/p>\n<p>&#13;<br \/>\n<b>&#8220;N\u00e3o fiquem tristes&#8221;<\/b>, disse Maduro, que est\u00e1 preso em Nova Iorque com a mulher, a primeira-dama Cilia Flores. O relato foi feito pelo filho Nicol\u00e1s Maduro Guerra, filmado durante uma reuni\u00e3o do PSUV (Partido Socialista Unido da Venezuela) em Caracas no s\u00e1bado.&#13;\n<\/p>\n<p>&#13;<br \/>\nAcusados de tr\u00e1fico de droga, Nicol\u00e1s Maduro e Cilia Flores declararam-se inocentes perante a justi\u00e7a norte-americana, na segunda-feira.&#13;\n<\/p>\n<p>&#13;<br \/>\nAmbos v\u00e3o ficar detidos nos Estados Unidos at\u00e9 \u00e0 pr\u00f3xima audi\u00eancia, marcada para 17 de mar\u00e7o.EUA pedem que cidad\u00e3os deixem &#8220;imediatamente&#8221; a Venezuela<br \/>&#13;<br \/>\nEntretanto, o Departamento de Estado dos EUA recomendou aos cidad\u00e3os norte-americanos que n\u00e3o viajassem para a Venezuela e que aqueles que l\u00e1 se encontram <b>&#8220;abandonassem o pa\u00eds imediatamente&#8221;, devido a uma situa\u00e7\u00e3o de seguran\u00e7a considerada &#8220;inst\u00e1vel&#8221;.<\/b><\/p>\n<p>Washington referiu a presen\u00e7a de &#8220;grupos de mil\u00edcias armadas&#8221; que &#8220;instalam barricadas nas estradas e revistam ve\u00edculos \u00e0 procura de provas de cidadania americana ou de apoio aos Estados Unidos&#8221;.<\/p>\n<p>Caracas reagiu em comunicado, garantindo que o alerta americano se baseia em &#8220;relatos inexistentes que visam criar uma perce\u00e7\u00e3o de risco que n\u00e3o existe&#8221;, acrescentando que <b>&#8220;a Venezuela oferece calma, paz e estabilidade absolutas&#8221;<\/b>.&#8221;Queremos o seu regresso&#8221;<br \/>&#13;<br \/>\nCerca de mil simpatizantes marcharam no s\u00e1bado pelas ruas de Caracas com cartazes proclamando <b>&#8220;Queremos o seu regresso&#8221; e entoando &#8220;Maduro e Cilia s\u00e3o a nossa fam\u00edlia!&#8221;.&#13;<br \/>\n<\/b>&#13;\n<\/p>\n<p>&#13;<br \/>\nOs apelos para manifestar apoio ao l\u00edder socialista deposto s\u00e3o di\u00e1rios desde a opera\u00e7\u00e3o militar norte-americana de 3 de janeiro.&#13;\n<\/p>\n<p>&#13;<br \/>\nA manifesta\u00e7\u00e3o coincidiu tamb\u00e9m com o anivers\u00e1rio da tomada de posse de Maduro para um terceiro mandato, ap\u00f3s as elei\u00e7\u00f5es de 2024, denunciadas pela oposi\u00e7\u00e3o como fraudulentas.&#13;\n<\/p>\n<p>&#13;<br \/>\nA televis\u00e3o p\u00fablica transmitiu uma visita da presidente interina Delcy Rodriguez a uma feira agr\u00edcola em Petare, um bairro emblem\u00e1tico de Caracas, onde tamb\u00e9m se realizou uma pequena manifesta\u00e7\u00e3o a favor de Maduro.&#13;\n<\/p>\n<p>&#13;<br \/>\n<b>&#8220;N\u00e3o vamos descansar um \u00fanico minuto at\u00e9 recuperarmos o presidente&#8221;<\/b>, disse Rodriguez, acrescentando: &#8220;Vamos salv\u00e1-lo, com certeza que sim&#8221;.<\/p>\n<p>c\/ Lusa&#13;<\/p>\n","protected":false},"excerpt":{"rendered":"&#13; O presidente deposto da Venezuela, Nicol\u00e1s Maduro, garantiu no s\u00e1bado que est\u00e1 bem e pediu para que&hellip;\n","protected":false},"author":2,"featured_media":224653,"comment_status":"","ping_status":"","sticky":false,"template":"","format":"standard","meta":{"footnotes":""},"categories":[50],"tags":[27,28,43309,15,16,14,25,26,21,22,62,12,13,19,20,23,24,43310,17,18,29,30,31,63,64,65],"class_list":{"0":"post-224652","1":"post","2":"type-post","3":"status-publish","4":"format-standard","5":"has-post-thumbnail","7":"category-mundo","8":"tag-breaking-news","9":"tag-breakingnews","10":"tag-cilia-flores-nicolas-maduro","11":"tag-featured-news","12":"tag-featurednews","13":"tag-headlines","14":"tag-latest-news","15":"tag-latestnews","16":"tag-main-news","17":"tag-mainnews","18":"tag-mundo","19":"tag-news","20":"tag-noticias","21":"tag-noticias-principais","22":"tag-noticiasprincipais","23":"tag-principais-noticias","24":"tag-principaisnoticias","25":"tag-rodriguez","26":"tag-top-stories","27":"tag-topstories","28":"tag-ultimas","29":"tag-ultimas-noticias","30":"tag-ultimasnoticias","31":"tag-world","32":"tag-world-news","33":"tag-worldnews"},"share_on_mastodon":{"url":"https:\/\/pubeurope.com\/@pt\/115876378887291751","error":""},"_links":{"self":[{"href":"https:\/\/www.europesays.com\/pt\/wp-json\/wp\/v2\/posts\/224652","targetHints":{"allow":["GET"]}}],"collection":[{"href":"https:\/\/www.europesays.com\/pt\/wp-json\/wp\/v2\/posts"}],"about":[{"href":"https:\/\/www.europesays.com\/pt\/wp-json\/wp\/v2\/types\/post"}],"author":[{"embeddable":true,"href":"https:\/\/www.europesays.com\/pt\/wp-json\/wp\/v2\/users\/2"}],"replies":[{"embeddable":true,"href":"https:\/\/www.europesays.com\/pt\/wp-json\/wp\/v2\/comments?post=224652"}],"version-history":[{"count":0,"href":"https:\/\/www.europesays.com\/pt\/wp-json\/wp\/v2\/posts\/224652\/revisions"}],"wp:featuredmedia":[{"embeddable":true,"href":"https:\/\/www.europesays.com\/pt\/wp-json\/wp\/v2\/media\/224653"}],"wp:attachment":[{"href":"https:\/\/www.europesays.com\/pt\/wp-json\/wp\/v2\/media?parent=224652"}],"wp:term":[{"taxonomy":"category","embeddable":true,"href":"https:\/\/www.europesays.com\/pt\/wp-json\/wp\/v2\/categories?post=224652"},{"taxonomy":"post_tag","embeddable":true,"href":"https:\/\/www.europesays.com\/pt\/wp-json\/wp\/v2\/tags?post=224652"}],"curies":[{"name":"wp","href":"https:\/\/api.w.org\/{rel}","templated":true}]}}