{"id":224654,"date":"2026-01-11T12:07:10","date_gmt":"2026-01-11T12:07:10","guid":{"rendered":"https:\/\/www.europesays.com\/pt\/224654\/"},"modified":"2026-01-11T12:07:10","modified_gmt":"2026-01-11T12:07:10","slug":"cotrim-figueiredo-avisa-que-votar-em-ventura-e-eleger-seguro","status":"publish","type":"post","link":"https:\/\/www.europesays.com\/pt\/224654\/","title":{"rendered":"Cotrim Figueiredo avisa que votar em Ventura \u00e9 eleger Seguro"},"content":{"rendered":"<p id=\"block-1\"> O candidato presidencial Cotrim Figueiredo avisou hoje que &#8220;quem quer muito mudar&#8221; n\u00e3o pode votar em Andr\u00e9 Ventura, presidente do Chega e advers\u00e1rio na corrida a Bel\u00e9m, porque isso significa eleger Ant\u00f3nio Jos\u00e9 Seguro. <\/p>\n<p id=\"block-2\">&#8220;Quem quer mudar muito n\u00e3o vai votar em Ventura porque votar em Ventura \u00e9 garantir que quem for com ele \u00e0 segunda volta ganha. E, neste momento, os dados indicam que votar em Ventura \u00e9 eleger Seguro&#8221;, assinalou o tamb\u00e9m eurodeputado durante um discurso de mais de 20 minutos num com\u00edcio no T\u00e9cnico Innovation Center, em Lisboa. <\/p>\n<p id=\"block-3\">Perante uma sala cheia, e depois de um discurso de um dos seus quatro filhos, Cotrim Figueiredo referiu que os portugueses j\u00e1 perceberam que \u00e9 necess\u00e1ria uma mudan\u00e7a pol\u00edtica em Portugal porque o pa\u00eds n\u00e3o pode continuar no &#8220;eterno aviar de problemas, estagna\u00e7\u00e3o e desesperante conformismo&#8221;. <\/p>\n<p id=\"block-4\">E para mudar, o antigo l\u00edder da IL afirmou que os portugueses n\u00e3o podem votar em Marques Mendes, apoiado pelo PSD e CDS-PP, nem em Ant\u00f3nio Jos\u00e9 Seguro, apoiado pelo PS, porque s\u00e3o &#8220;mais do mesmo&#8221; e &#8220;n\u00e3o t\u00eam coragem de assumir posi\u00e7\u00f5es claras&#8221;. <\/p>\n<p id=\"block-5\">&#8220;Quem quer mudar n\u00e3o vai votar em Gouveia e Melo cujas convic\u00e7\u00f5es parecem vaguear ao sabor das mar\u00e9s e com a mesma frequ\u00eancia&#8221;, acrescentou. <\/p>\n<p id=\"block-6\">E, neste rol, Cotrim Figueiredo juntou ainda Ant\u00f3nio Filipe, Catarina Martins e Jorge Pinto, apoiados por PCP, BE e Livre, respetivamente, porque, caso n\u00e3o desistam antes, &#8220;nunca chegar\u00e3o \u00e0 segunda volta&#8221;, considerou. <\/p>\n<p id=\"block-7\">Na sala, onde estavam faixas grandes onde se lia em letras garrafais &#8220;Rumo \u00e0 2.\u00aa Volta&#8221;, o candidato presidencial contou que tem defeitos reais, n\u00e3o precisando que os advers\u00e1rios lhe inventem outros. <\/p>\n<p id=\"block-8\">&#8220;J\u00e1 fui acusado de me querer apropriar de S\u00e1 Carneiro e de Passos Coelho. Mas, por quem, perguntam voc\u00eas? Por aqueles que, de facto, se querem apropriar dessas figuras, mas falta-lhes grandeza para isso&#8221;, reagiu, desta forma, \u00e0s cr\u00edticas essencialmente de Andr\u00e9 Ventura e Marques Mendes. <\/p>\n<p id=\"block-9\">J\u00e1 sobre as cr\u00edticas \u00e0 sua falta de experi\u00eancia, Cotrim Figueiredo salientou que, se essas se referirem \u00e0 sua vida pol\u00edtica t\u00eam sentido, mas se forem em obter resultados em projetos ambiciosos a\u00ed &#8220;tem mais experi\u00eancia&#8221; do que v\u00e1rios dos seus advers\u00e1rios juntos. <\/p>\n<p id=\"block-10\">&#8220;J\u00e1 me disseram que sou um radical. Se insistir na mensagem de que Portugal pode ser bastante melhor \u00e9 ser radical, ent\u00e3o, sim, sou orgulhosamente radical&#8221;, concluiu. <\/p>\n<p id=\"block-11\">As elei\u00e7\u00f5es presidenciais est\u00e3o marcadas para 18 de janeiro de 2026 e \u00e0s quais concorrem 11 candidatos, um n\u00famero recorde. <\/p>\n<p id=\"block-12\">Caso nenhum deles consiga mais de metade dos votos validamente expressos, realizar-se-\u00e1 uma segunda volta a 08 de fevereiro entre os dois mais votados.<\/p>\n","protected":false},"excerpt":{"rendered":"O candidato presidencial Cotrim Figueiredo avisou hoje que &#8220;quem quer muito mudar&#8221; n\u00e3o pode votar em Andr\u00e9 Ventura,&hellip;\n","protected":false},"author":2,"featured_media":224655,"comment_status":"","ping_status":"","sticky":false,"template":"","format":"standard","meta":{"footnotes":""},"categories":[8],"tags":[27,28,15,16,14,25,26,21,22,12,13,19,20,32,23,24,33,17,18,29,30,31],"class_list":{"0":"post-224654","1":"post","2":"type-post","3":"status-publish","4":"format-standard","5":"has-post-thumbnail","7":"category-principais-noticias","8":"tag-breaking-news","9":"tag-breakingnews","10":"tag-featured-news","11":"tag-featurednews","12":"tag-headlines","13":"tag-latest-news","14":"tag-latestnews","15":"tag-main-news","16":"tag-mainnews","17":"tag-news","18":"tag-noticias","19":"tag-noticias-principais","20":"tag-noticiasprincipais","21":"tag-portugal","22":"tag-principais-noticias","23":"tag-principaisnoticias","24":"tag-pt","25":"tag-top-stories","26":"tag-topstories","27":"tag-ultimas","28":"tag-ultimas-noticias","29":"tag-ultimasnoticias"},"share_on_mastodon":{"url":"https:\/\/pubeurope.com\/@pt\/115876386830514141","error":""},"_links":{"self":[{"href":"https:\/\/www.europesays.com\/pt\/wp-json\/wp\/v2\/posts\/224654","targetHints":{"allow":["GET"]}}],"collection":[{"href":"https:\/\/www.europesays.com\/pt\/wp-json\/wp\/v2\/posts"}],"about":[{"href":"https:\/\/www.europesays.com\/pt\/wp-json\/wp\/v2\/types\/post"}],"author":[{"embeddable":true,"href":"https:\/\/www.europesays.com\/pt\/wp-json\/wp\/v2\/users\/2"}],"replies":[{"embeddable":true,"href":"https:\/\/www.europesays.com\/pt\/wp-json\/wp\/v2\/comments?post=224654"}],"version-history":[{"count":0,"href":"https:\/\/www.europesays.com\/pt\/wp-json\/wp\/v2\/posts\/224654\/revisions"}],"wp:featuredmedia":[{"embeddable":true,"href":"https:\/\/www.europesays.com\/pt\/wp-json\/wp\/v2\/media\/224655"}],"wp:attachment":[{"href":"https:\/\/www.europesays.com\/pt\/wp-json\/wp\/v2\/media?parent=224654"}],"wp:term":[{"taxonomy":"category","embeddable":true,"href":"https:\/\/www.europesays.com\/pt\/wp-json\/wp\/v2\/categories?post=224654"},{"taxonomy":"post_tag","embeddable":true,"href":"https:\/\/www.europesays.com\/pt\/wp-json\/wp\/v2\/tags?post=224654"}],"curies":[{"name":"wp","href":"https:\/\/api.w.org\/{rel}","templated":true}]}}