{"id":224662,"date":"2026-01-11T12:19:06","date_gmt":"2026-01-11T12:19:06","guid":{"rendered":"https:\/\/www.europesays.com\/pt\/224662\/"},"modified":"2026-01-11T12:19:06","modified_gmt":"2026-01-11T12:19:06","slug":"o-fim-de-tudo-ambicao-de-trump-pela-gronelandia-ameaca-destruir-a-nato","status":"publish","type":"post","link":"https:\/\/www.europesays.com\/pt\/224662\/","title":{"rendered":"&#8220;O fim de tudo&#8221;. Ambi\u00e7\u00e3o de Trump pela Gronel\u00e2ndia amea\u00e7a destruir a NATO"},"content":{"rendered":"<p data-remotead-prev-elm=\"true\" data-remotead-elm-id=\"inread\">No dia 4 de janeiro, o presidente norte-americano <a href=\"https:\/\/www.jn.pt\/mundo\/artigo\/trump-da-prazo-a-gronelandia-e-ameca-atacar-a-colombia\/18037012\" target=\"_blank\" rel=\"nofollow noopener\">adiantou mesmo um prazo<\/a>: &#8220;Vamos falar sobre a Gronel\u00e2ndia daqui a 20 dias&#8221;. Embora o secret\u00e1rio de Estado, Marco Rubio, tenha dito que a op\u00e7\u00e3o preferida de Trump seja a compra, o primeiro-ministro do territ\u00f3rio localizado no \u00c1rtico, Jens-Frederik Nielsen, j\u00e1 sublinhou que a maior ilha do Mundo n\u00e3o est\u00e1 \u00e0 venda.<\/p>\n","protected":false},"excerpt":{"rendered":"No dia 4 de janeiro, o presidente norte-americano adiantou mesmo um prazo: &#8220;Vamos falar sobre a Gronel\u00e2ndia daqui&hellip;\n","protected":false},"author":2,"featured_media":224663,"comment_status":"","ping_status":"","sticky":false,"template":"","format":"standard","meta":{"footnotes":""},"categories":[50],"tags":[27,28,92,413,15,16,13033,14,25,26,21,22,62,12,13,19,20,23,24,17,18,29,30,31,63,64,65],"class_list":{"0":"post-224662","1":"post","2":"type-post","3":"status-publish","4":"format-standard","5":"has-post-thumbnail","7":"category-mundo","8":"tag-breaking-news","9":"tag-breakingnews","10":"tag-donald-trump","11":"tag-eua","12":"tag-featured-news","13":"tag-featurednews","14":"tag-gronelandia","15":"tag-headlines","16":"tag-latest-news","17":"tag-latestnews","18":"tag-main-news","19":"tag-mainnews","20":"tag-mundo","21":"tag-news","22":"tag-noticias","23":"tag-noticias-principais","24":"tag-noticiasprincipais","25":"tag-principais-noticias","26":"tag-principaisnoticias","27":"tag-top-stories","28":"tag-topstories","29":"tag-ultimas","30":"tag-ultimas-noticias","31":"tag-ultimasnoticias","32":"tag-world","33":"tag-world-news","34":"tag-worldnews"},"share_on_mastodon":{"url":"https:\/\/pubeurope.com\/@pt\/115876433901612094","error":""},"_links":{"self":[{"href":"https:\/\/www.europesays.com\/pt\/wp-json\/wp\/v2\/posts\/224662","targetHints":{"allow":["GET"]}}],"collection":[{"href":"https:\/\/www.europesays.com\/pt\/wp-json\/wp\/v2\/posts"}],"about":[{"href":"https:\/\/www.europesays.com\/pt\/wp-json\/wp\/v2\/types\/post"}],"author":[{"embeddable":true,"href":"https:\/\/www.europesays.com\/pt\/wp-json\/wp\/v2\/users\/2"}],"replies":[{"embeddable":true,"href":"https:\/\/www.europesays.com\/pt\/wp-json\/wp\/v2\/comments?post=224662"}],"version-history":[{"count":0,"href":"https:\/\/www.europesays.com\/pt\/wp-json\/wp\/v2\/posts\/224662\/revisions"}],"wp:featuredmedia":[{"embeddable":true,"href":"https:\/\/www.europesays.com\/pt\/wp-json\/wp\/v2\/media\/224663"}],"wp:attachment":[{"href":"https:\/\/www.europesays.com\/pt\/wp-json\/wp\/v2\/media?parent=224662"}],"wp:term":[{"taxonomy":"category","embeddable":true,"href":"https:\/\/www.europesays.com\/pt\/wp-json\/wp\/v2\/categories?post=224662"},{"taxonomy":"post_tag","embeddable":true,"href":"https:\/\/www.europesays.com\/pt\/wp-json\/wp\/v2\/tags?post=224662"}],"curies":[{"name":"wp","href":"https:\/\/api.w.org\/{rel}","templated":true}]}}