{"id":224664,"date":"2026-01-11T12:21:08","date_gmt":"2026-01-11T12:21:08","guid":{"rendered":"https:\/\/www.europesays.com\/pt\/224664\/"},"modified":"2026-01-11T12:21:08","modified_gmt":"2026-01-11T12:21:08","slug":"dezenas-de-milhares-protestam-nos-eua-pela-abolicao-do-ice-eua","status":"publish","type":"post","link":"https:\/\/www.europesays.com\/pt\/224664\/","title":{"rendered":"Dezenas de milhares protestam nos EUA pela \u201caboli\u00e7\u00e3o do ICE\u201d | EUA"},"content":{"rendered":"<p>Dezenas de milhares de pessoas marcharam por Mine\u00e1polis, no s\u00e1bado, para condenar a ac\u00e7\u00e3o do ICE, depois de um agente dos servi\u00e7os de imigra\u00e7\u00e3o ter <a href=\"https:\/\/www.publico.pt\/2026\/01\/07\/mundo\/noticia\/ice-mata-mulher-desarmada-tiro-minneapolis-casa-branca-acusaa-terrorismo-2160446\" rel=\"nofollow noopener\" target=\"_blank\">matado uma mulher desarmada<\/a>. Esta foi apenas uma das mais de mil manifesta\u00e7\u00f5es esperadas em todo o pa\u00eds ao longo do fim-de-semana.<\/p>\n<p>A participa\u00e7\u00e3o maci\u00e7a em Mine\u00e1polis, apesar do vento forte e frio, ressalta como a morte de Renee Good, de 37 anos, causou como\u00e7\u00e3o, alimentando manifesta\u00e7\u00f5es nas principais cidades e em alguns munic\u00edpios, sobretudo depois de um <a href=\"https:\/\/www.publico.pt\/2026\/01\/10\/mundo\/noticia\/morte-tiro-renee-good-agente-ice-desencadeia-protestos-nacionais-2160717\" rel=\"nofollow noopener\" target=\"_blank\">novo v\u00eddeo<\/a> mostrar a atitude serena da v\u00edtima segundos antes de o agente atirar. As imagens contradizem a vers\u00e3o da Administra\u00e7\u00e3o Trump e do pr\u00f3prio Presidente, que alegam que o agente disparou em leg\u00edtima defesa, corroborando as posi\u00e7\u00f5es dos l\u00edderes democratas do Minnesota.<\/p>\n<p>Liderados por um grupo de dan\u00e7arinos ind\u00edgenas mexicanos, os manifestantes em Mine\u00e1polis, que tem uma popula\u00e7\u00e3o metropolitana de 3,8 milh\u00f5es de habitantes, marcharam em direc\u00e7\u00e3o \u00e0 rua residencial onde Good foi morta dentro do seu carro.<\/p>\n<p><strong>\u201cDesolados e devastados\u201d<\/strong><\/p>\n<p>A multid\u00e3o barulhenta, que o Departamento de Pol\u00edcia de Mine\u00e1polis estimou em dezenas de milhares, gritava o nome de Good e slogans como \u201cAbolir o ICE\u201d e \u201cSem justi\u00e7a, sem paz \u2014 tirem o ICE das nossas ruas\u201d.<\/p>\n<p>\u201cEstou tremendamente zangado, completamente de cora\u00e7\u00e3o partido e devastado, e depois apenas com esperan\u00e7a de que as coisas melhorem\u201d, disse Ellison Montgomery, um manifestante de 30 anos, \u00e0 Reuters.<\/p>\n<p>As autoridades do Minnesota consideraram o tiroteio injustificado, apontando para um v\u00eddeo de um transeunte que mostrava o ve\u00edculo de Good a afastar-se do agente quando este disparou. O Departamento de Seguran\u00e7a Interna, que supervisiona o ICE, afirmou que o agente agiu em leg\u00edtima defesa porque Good, volunt\u00e1ria de uma rede comunit\u00e1ria que monitoriza e grava as opera\u00e7\u00f5es do ICE em Mine\u00e1polis, avan\u00e7ou na direc\u00e7\u00e3o do agente, que s\u00f3 depois abriu fogo, na mesma altura em que outro agente se aproximou do ve\u00edculo a exigir que a mulher sa\u00edsse do carro.<\/p>\n<p>No entanto, um v\u00eddeo revelado na sexta-feira e filmado pelo agente envolvido nos disparos, Jonathan Ross, mostra a v\u00edtima aparentemente calma, enquanto diz: \u201cEst\u00e1 tudo bem, p\u00e1, n\u00e3o estou zangada contigo\u201d. A mulher parece tentar desviar o carro, quando ele abre fogo.<\/p>\n<p>O incidente de quarta-feira ocorreu logo ap\u00f3s cerca de dois mil agentes federais terem sido enviados para a \u00e1rea de Mine\u00e1polis-St. Paul, no que o Departamento de Seguran\u00e7a Interna (DHS, na sigla original) chamou de \u201ca sua maior opera\u00e7\u00e3o de todos os tempos\u201d, aprofundando a divis\u00e3o entre o Governo federal e os l\u00edderes democratas no estado. As tens\u00f5es entre os governos federal e estaduais intensificaram-se ainda mais na quinta-feira, quando um agente da Patrulha de Fronteira dos EUA em Portland, Oregon, atirou e feriu um homem e uma mulher, que se encontravam dentro de um autom\u00f3vel, ap\u00f3s ter tentado parar o ve\u00edculo. Usando linguagem semelhante \u00e0 sua descri\u00e7\u00e3o do incidente em Mine\u00e1polis, o DHS disse que o motorista tentou usar o seu ve\u00edculo como uma arma e atropelar os agentes.<\/p>\n<p>Os dois tiroteios relacionados com o DHS levaram a uma alian\u00e7a de grupos progressistas e de direitos civis, incluindo Indivisible e a American Civil Liberties Union, que convocaram mais de mil eventos sob o lema \u201cICE Out For Good\u201d (Fora com o ICE para sempre) neste s\u00e1bado e domingo. Os com\u00edcios foram programados para terminar antes do anoitecer, a fim de minimizar o potencial de viol\u00eancia, mas em Mine\u00e1polis, por exemplo, <a href=\"https:\/\/edition.cnn.com\/us\/live-news\/minneapolis-ice-shooting-immigration-crackdown-01-10-26\" rel=\"nofollow noopener\" target=\"_blank\">segundo a CNN<\/a>, a multid\u00e3o s\u00f3 dispersou pela 1h (7h em Lisboa). Um agente sofreu ferimentos ligeiros e 29 pessoas foram detidas e posteriormente libertadas, de acordo com um porta-voz da pol\u00edcia da cidade.<\/p>\n<p>Na Filad\u00e9lfia, os manifestantes entoaram \u201cICE tem de sair\u201d e \u201cN\u00e3o aos EUA fascistas\u201d, enquanto marchavam da C\u00e2mara Municipal at\u00e9 um com\u00edcio em frente a um centro de deten\u00e7\u00e3o federal, de acordo com a afiliada local da ABC. Em Manhattan, v\u00e1rias centenas de pessoas carregavam cartazes contra o ICE enquanto passavam por um tribunal de imigra\u00e7\u00e3o onde os agentes prenderam migrantes ap\u00f3s as suas audi\u00eancias.<\/p>\n<p>\u201cExigimos justi\u00e7a para Renee, o ICE fora das nossas comunidades e ac\u00e7\u00e3o dos nossos l\u00edderes eleitos. J\u00e1 chega\u201d, disse Leah Greenberg, co-directora executiva da Indivisible.<\/p>\n<p><strong>Manifesta\u00e7\u00f5es na maioria pac\u00edficas <\/strong><\/p>\n<p>Minnesota tornou-se um importante ponto de conflito nos esfor\u00e7os do Governo para deportar milh\u00f5es de imigrantes meses antes do tiroteio de Good, com Trump a criticar os seus l\u00edderes democratas no meio de um enorme esc\u00e2ndalo de fraude previdenci\u00e1ria a envolver alguns membros da grande comunidade somali-americana local.<\/p>\n<p>O presidente da c\u00e2mara de Mine\u00e1polis, Jacob Frey, um democrata que tem criticado os agentes de imigra\u00e7\u00e3o e a ac\u00e7\u00e3o do ICE no caso da morte de Good, disse numa confer\u00eancia de imprensa no s\u00e1bado que as manifesta\u00e7\u00f5es permaneceram pac\u00edficas e que qualquer pessoa que danificasse propriedade ou se envolvesse em actividades ilegais seria detida pela pol\u00edcia. \u201cN\u00e3o vamos combater o caos de Donald Trump com o nosso pr\u00f3prio caos\u201d, disse Frey. \u201cEle quer que mordamos o isco.\u201d<\/p>\n<p>Mais de 200 agentes foram destacados na sexta-feira \u00e0 noite para controlar os protestos que causaram pelo menos seis mil d\u00f3lares em danos no Depot Renaissance Hotel e tentativas frustradas de alguns manifestantes de entrar no Hilton Canopy Hotel, onde se acredita que estejam alojados agentes do ICE, informou a cidade de Mine\u00e1polis em comunicado.<\/p>\n<p><strong>Deputados federais impedidos de entrar nas instala\u00e7\u00f5es do ICE<\/strong><\/p>\n<p>Tr\u00eas deputados federais democratas de Minnesota compareceram \u00e0 sede regional do ICE perto de Mine\u00e1polis na manh\u00e3 de s\u00e1bado, onde manifestantes entraram em confronto com agentes federais nesta semana, mas tiveram o acesso negado. Os legisladores consideraram a recusa ilegal.<\/p>\n<p>\u201cDeix\u00e1mos claro para o ICE e para o DHS que eles estavam a violar a lei federal\u201d, disse a deputada federal Angie Craig aos rep\u00f3rteres enquanto estava do lado de fora do Edif\u00edcio Federal Whipple, em St. Paul, com as deputadas Kelly Morrison e Ilhan Omar.<\/p>\n<p>A lei federal pro\u00edbe o DHS de impedir que membros do Congresso entrem nas instala\u00e7\u00f5es de deten\u00e7\u00e3o do ICE, mas o DHS tem restringido cada vez mais essas visitas de supervis\u00e3o, provocando confrontos com legisladores democratas.<\/p>\n<p>\u201c\u00c9 nosso trabalho, como membros do Congresso, garantir que os detidos sejam tratados com humanidade, porque somos os malditos Estados Unidos da Am\u00e9rica\u201d, rematou Craig.<\/p>\n","protected":false},"excerpt":{"rendered":"Dezenas de milhares de pessoas marcharam por Mine\u00e1polis, no s\u00e1bado, para condenar a ac\u00e7\u00e3o do ICE, depois de&hellip;\n","protected":false},"author":2,"featured_media":224665,"comment_status":"","ping_status":"","sticky":false,"template":"","format":"standard","meta":{"footnotes":""},"categories":[8],"tags":[993,7809,27,28,413,15,16,14,25,26,21,22,14198,62,12,13,19,20,32,23,24,4256,33,17,18,29,30,31,18712],"class_list":{"0":"post-224664","1":"post","2":"type-post","3":"status-publish","4":"format-standard","5":"has-post-thumbnail","7":"category-principais-noticias","8":"tag-america","9":"tag-america-do-norte","10":"tag-breaking-news","11":"tag-breakingnews","12":"tag-eua","13":"tag-featured-news","14":"tag-featurednews","15":"tag-headlines","16":"tag-latest-news","17":"tag-latestnews","18":"tag-main-news","19":"tag-mainnews","20":"tag-minnesota","21":"tag-mundo","22":"tag-news","23":"tag-noticias","24":"tag-noticias-principais","25":"tag-noticiasprincipais","26":"tag-portugal","27":"tag-principais-noticias","28":"tag-principaisnoticias","29":"tag-protestos","30":"tag-pt","31":"tag-top-stories","32":"tag-topstories","33":"tag-ultimas","34":"tag-ultimas-noticias","35":"tag-ultimasnoticias","36":"tag-violencia-policial"},"share_on_mastodon":{"url":"https:\/\/pubeurope.com\/@pt\/115876442242407965","error":""},"_links":{"self":[{"href":"https:\/\/www.europesays.com\/pt\/wp-json\/wp\/v2\/posts\/224664","targetHints":{"allow":["GET"]}}],"collection":[{"href":"https:\/\/www.europesays.com\/pt\/wp-json\/wp\/v2\/posts"}],"about":[{"href":"https:\/\/www.europesays.com\/pt\/wp-json\/wp\/v2\/types\/post"}],"author":[{"embeddable":true,"href":"https:\/\/www.europesays.com\/pt\/wp-json\/wp\/v2\/users\/2"}],"replies":[{"embeddable":true,"href":"https:\/\/www.europesays.com\/pt\/wp-json\/wp\/v2\/comments?post=224664"}],"version-history":[{"count":0,"href":"https:\/\/www.europesays.com\/pt\/wp-json\/wp\/v2\/posts\/224664\/revisions"}],"wp:featuredmedia":[{"embeddable":true,"href":"https:\/\/www.europesays.com\/pt\/wp-json\/wp\/v2\/media\/224665"}],"wp:attachment":[{"href":"https:\/\/www.europesays.com\/pt\/wp-json\/wp\/v2\/media?parent=224664"}],"wp:term":[{"taxonomy":"category","embeddable":true,"href":"https:\/\/www.europesays.com\/pt\/wp-json\/wp\/v2\/categories?post=224664"},{"taxonomy":"post_tag","embeddable":true,"href":"https:\/\/www.europesays.com\/pt\/wp-json\/wp\/v2\/tags?post=224664"}],"curies":[{"name":"wp","href":"https:\/\/api.w.org\/{rel}","templated":true}]}}