{"id":224668,"date":"2026-01-11T12:25:04","date_gmt":"2026-01-11T12:25:04","guid":{"rendered":"https:\/\/www.europesays.com\/pt\/224668\/"},"modified":"2026-01-11T12:25:04","modified_gmt":"2026-01-11T12:25:04","slug":"vem-ai-em-amor-a-prova-encantado-com-o-filho-cris-quer-assumir-a-paternidade-novelas","status":"publish","type":"post","link":"https:\/\/www.europesays.com\/pt\/224668\/","title":{"rendered":"Vem a\u00ed em \u00abAmor \u00e0 Prova\u00bb: Encantado com o filho, Cris quer assumir a paternidade &#8211; Novelas"},"content":{"rendered":"<p>Em \u00abAmor \u00e0 Prova\u00bb, Cris (Jos\u00e9 Condessa) est\u00e1 sentado num baloi\u00e7o e observa um pai a brincar com um filho. Andr\u00e9 (Lucas Dutra) senta-se ao p\u00e9 dele e tenta perceber o que lhe vai na alma. Cris confessa que est\u00e1 muito confuso. Andr\u00e9 achou que ele estava feliz por poder salvar o mi\u00fado. Cris revela que est\u00e1, mas depois conheceu-o e aquilo mexeu com ele.<\/p>\n<p>Cris diz que a ideia era dar a medula ao mi\u00fado e seguir com a sua vida, mas quando o viu n\u00e3o conseguiu ficar indiferente. Cris p\u00f5e a hip\u00f3tese de se darem todos bem e criar uma rela\u00e7\u00e3o com o mi\u00fado, mas Andr\u00e9 avisa que isso pode n\u00e3o correr bem e que o mi\u00fado o pode rejeitar quando souber a verdade. Cris fica ainda mais confuso.<\/p>\n<p>Recorde-se que Nico adotado:<\/p>\n","protected":false},"excerpt":{"rendered":"Em \u00abAmor \u00e0 Prova\u00bb, Cris (Jos\u00e9 Condessa) est\u00e1 sentado num baloi\u00e7o e observa um pai a brincar com&hellip;\n","protected":false},"author":2,"featured_media":224669,"comment_status":"","ping_status":"","sticky":false,"template":"","format":"standard","meta":{"footnotes":""},"categories":[142],"tags":[17049,160,6472,41057,166,114,115,157,167,8203,164,43311,161,158,165,159,32,33,156,163,151,162],"class_list":{"0":"post-224668","1":"post","2":"type-post","3":"status-publish","4":"format-standard","5":"has-post-thumbnail","7":"category-tv","8":"tag-amor-a-prova","9":"tag-ana-guiomar","10":"tag-andre","11":"tag-cris","12":"tag-cristina-ferreira","13":"tag-entertainment","14":"tag-entretenimento","15":"tag-festa-e-festa","16":"tag-ficcao","17":"tag-jose-condessa","18":"tag-jose-fidalgo","19":"tag-lucas-dutra","20":"tag-novelas","21":"tag-para-sempre","22":"tag-pedro-sousa","23":"tag-pedro-teixeira","24":"tag-portugal","25":"tag-pt","26":"tag-queridos-papas","27":"tag-tiago-teotonio-pereira","28":"tag-tv","29":"tag-tvi"},"share_on_mastodon":{"url":"https:\/\/pubeurope.com\/@pt\/115876457488118048","error":""},"_links":{"self":[{"href":"https:\/\/www.europesays.com\/pt\/wp-json\/wp\/v2\/posts\/224668","targetHints":{"allow":["GET"]}}],"collection":[{"href":"https:\/\/www.europesays.com\/pt\/wp-json\/wp\/v2\/posts"}],"about":[{"href":"https:\/\/www.europesays.com\/pt\/wp-json\/wp\/v2\/types\/post"}],"author":[{"embeddable":true,"href":"https:\/\/www.europesays.com\/pt\/wp-json\/wp\/v2\/users\/2"}],"replies":[{"embeddable":true,"href":"https:\/\/www.europesays.com\/pt\/wp-json\/wp\/v2\/comments?post=224668"}],"version-history":[{"count":0,"href":"https:\/\/www.europesays.com\/pt\/wp-json\/wp\/v2\/posts\/224668\/revisions"}],"wp:featuredmedia":[{"embeddable":true,"href":"https:\/\/www.europesays.com\/pt\/wp-json\/wp\/v2\/media\/224669"}],"wp:attachment":[{"href":"https:\/\/www.europesays.com\/pt\/wp-json\/wp\/v2\/media?parent=224668"}],"wp:term":[{"taxonomy":"category","embeddable":true,"href":"https:\/\/www.europesays.com\/pt\/wp-json\/wp\/v2\/categories?post=224668"},{"taxonomy":"post_tag","embeddable":true,"href":"https:\/\/www.europesays.com\/pt\/wp-json\/wp\/v2\/tags?post=224668"}],"curies":[{"name":"wp","href":"https:\/\/api.w.org\/{rel}","templated":true}]}}