{"id":224670,"date":"2026-01-11T12:28:07","date_gmt":"2026-01-11T12:28:07","guid":{"rendered":"https:\/\/www.europesays.com\/pt\/224670\/"},"modified":"2026-01-11T12:28:07","modified_gmt":"2026-01-11T12:28:07","slug":"luis-castro-ganha-aposta-em-avancado-de-17-anos-e-estreia-se-com-goleada","status":"publish","type":"post","link":"https:\/\/www.europesays.com\/pt\/224670\/","title":{"rendered":"Lu\u00eds Castro ganha aposta em avan\u00e7ado de 17 anos e estreia-se com goleada"},"content":{"rendered":"<p>Lu\u00eds Castro estreou-se no comando do <a class=\"autolink-enabled\" data-resource-id=\"184\" data-resource-type=\"team\" data-sport=\"football\" href=\"https:\/\/www.abola.pt\/futebol\/gremio-184\" rel=\"nofollow noopener\" target=\"_blank\">Gr\u00eamio<\/a> com uma goleada por 4-0 sobre o Avenida, em jogo da 1.\u00aa jornada do\u00a0Campeonato Ga\u00facho, ou\u00a0Gauch\u00e3o. Amuzu, Wagner Leonardo, Roger e Arthur marcaram todos os golos na segunda parte.<\/p>\n<p>Uma das grandes novidades foi o avan\u00e7ado Roger, que aos 17 anos se estreou e participou nos tr\u00eas\u00a0primeiros\u00a0golos, mas Lu\u00eds Castro deu tamb\u00e9m a titularidade a outro jovem de 17 anos, Tiaguinho.<\/p>\n<p>\u00abVamos contextualizar o jogo e o momento da temporada. A qualidade n\u00e3o tem idade, n\u00e3o h\u00e1 jogadores velhos e novos, h\u00e1 jogadores que est\u00e3o no Gr\u00eamio para serem rentabilizados. Um jogador novo pode estar tremendamente pronto para jogar. Eles e todos da forma\u00e7\u00e3o\u00a0s\u00e3o investimentos ao longo do tempo feito pelo Gr\u00eamio, gosto disso. Vamos dar muita aten\u00e7\u00e3o \u00e0 forma\u00e7\u00e3o, muitas vezes a utiliza\u00e7\u00e3o ser\u00e1 gradual porque est\u00e3o em processo de crescimento,\u00a0n\u00e3o\u00a0vamos\u00a0colocar as expectativas\u00a0muito alto, mas gostei muito da atua\u00e7\u00e3o deles, do Tiago e do Roger\u00bb,\u00a0elogiou Lu\u00eds Castro, que sublinhou o pouco tempo que teve de pr\u00e9-temporada.<\/p>\n<p>\u00abTemos oito dias de treino, jogadores trabalharam debaixo de fadiga. Vamos preparar uma equipa\u00a0para o primeiro jogo do Brasileir\u00e3o [no fim do m\u00eas] e vamos dar oportunidade a todos\u00a0para mostrar\u00a0o que podem fazer.\u00a0Observ\u00e1mos coisas muito boas, 623 passes\u00a0num campo destes,\u00a0em\u00a0muito mau estado, e consegue acerto de 93%, s\u00f3 uma equipa\u00a0que trabalha muito bem para ter essa performance. Muito ganho de bola, ataques, velocidade para\u00a0a baliza. Satisfeito com os jogadores\u00bb, disse ainda.<\/p>\n","protected":false},"excerpt":{"rendered":"Lu\u00eds Castro estreou-se no comando do Gr\u00eamio com uma goleada por 4-0 sobre o Avenida, em jogo da&hellip;\n","protected":false},"author":2,"featured_media":224671,"comment_status":"","ping_status":"","sticky":false,"template":"","format":"standard","meta":{"footnotes":""},"categories":[87],"tags":[135,32,33,134],"class_list":{"0":"post-224670","1":"post","2":"type-post","3":"status-publish","4":"format-standard","5":"has-post-thumbnail","7":"category-desporto","8":"tag-desporto","9":"tag-portugal","10":"tag-pt","11":"tag-sports"},"share_on_mastodon":{"url":"https:\/\/pubeurope.com\/@pt\/115876469288794048","error":""},"_links":{"self":[{"href":"https:\/\/www.europesays.com\/pt\/wp-json\/wp\/v2\/posts\/224670","targetHints":{"allow":["GET"]}}],"collection":[{"href":"https:\/\/www.europesays.com\/pt\/wp-json\/wp\/v2\/posts"}],"about":[{"href":"https:\/\/www.europesays.com\/pt\/wp-json\/wp\/v2\/types\/post"}],"author":[{"embeddable":true,"href":"https:\/\/www.europesays.com\/pt\/wp-json\/wp\/v2\/users\/2"}],"replies":[{"embeddable":true,"href":"https:\/\/www.europesays.com\/pt\/wp-json\/wp\/v2\/comments?post=224670"}],"version-history":[{"count":0,"href":"https:\/\/www.europesays.com\/pt\/wp-json\/wp\/v2\/posts\/224670\/revisions"}],"wp:featuredmedia":[{"embeddable":true,"href":"https:\/\/www.europesays.com\/pt\/wp-json\/wp\/v2\/media\/224671"}],"wp:attachment":[{"href":"https:\/\/www.europesays.com\/pt\/wp-json\/wp\/v2\/media?parent=224670"}],"wp:term":[{"taxonomy":"category","embeddable":true,"href":"https:\/\/www.europesays.com\/pt\/wp-json\/wp\/v2\/categories?post=224670"},{"taxonomy":"post_tag","embeddable":true,"href":"https:\/\/www.europesays.com\/pt\/wp-json\/wp\/v2\/tags?post=224670"}],"curies":[{"name":"wp","href":"https:\/\/api.w.org\/{rel}","templated":true}]}}