{"id":224674,"date":"2026-01-11T12:34:07","date_gmt":"2026-01-11T12:34:07","guid":{"rendered":"https:\/\/www.europesays.com\/pt\/224674\/"},"modified":"2026-01-11T12:34:07","modified_gmt":"2026-01-11T12:34:07","slug":"quem-e-o-agente-do-ice-que-matou-mulher-em-minneapolis-observador","status":"publish","type":"post","link":"https:\/\/www.europesays.com\/pt\/224674\/","title":{"rendered":"Quem \u00e9 o agente do ICE que matou mulher em Minneapolis? &#8211; Observador"},"content":{"rendered":"<ol>\n<li><a href=\"https:\/\/news.google.com\/rss\/articles\/CBMi_gFBVV95cUxNb3lVaFNzTi11WHM1Q0IwSURHSE5lbUFrakp5SU4tOEhrMWt6XzN1TjZhZEZLcGFlaW52UW9oajdVNnBTRHlJeC1ZaE43S0tfcWtxc3VGS1I0Wm9zZmZBempKa3Z0ZlE2WkdzM2NsdW0zdmJHVGYwSU9TMEhVNU5iZGdnRWhZNHVkeFg3N1E2TEhtMDBzX25MbHVKQk51TUpXbWwtd0hMSlNJSlhaY0VINmhmWWI4LWdkb25ESzZ1cjlmWWZQQWhzRmg3clhRU0dMNngycnNLQmx1blEtUml5STF6TEQ5SG81V241bzAtVU9EVzhuWWRKcUhTekFoZw?oc=5\" target=\"_blank\" rel=\"nofollow noopener\">Quem \u00e9 o agente do ICE que matou mulher em Minneapolis?<\/a>&nbsp;&nbsp;Observador<\/li>\n<li><a href=\"https:\/\/news.google.com\/rss\/articles\/CBMi3AFBVV95cUxNX24xZnFsUEhRSkFIYTM4TVQxbFBueHZEcURCb09hQ19uYUJibzVYTWh4a2ozTVkyMTNXTENnMEhaQkVkQ2R4UkRfV0dPOTNJUjVremEzMVFRTG5rcnRYdE9udlhqbEtSVjNpYmNKSFViVGs5cHZQYkJSMDJuOENBTUgyTUpic1UyM0ZYY240Z2NxaTAyNGs3ZVF5b21aOVVqNktpcGJxT2hRTWowZWtxMzNfX05WaE5mQmhQLWRyVkJ5M3JLR0E1cEhiMlNobU5Cdk8zNGxnTHNNSlZk0gHrAUFVX3lxTE5tQm5Uejhsc2xOLTBwUks0X2RTZ053dGdSSEJQTWRsR2ItUW1IeHFrVG1EOE14MGFKMDhjVE5Md045cXFzMXVEdUwzTE9EUGlTU3ZKMkstUTRvRFl1VWVHd195STN2bXVWSEp3OGRSQ0lBSW4wRDBUdFpfUmlQdzF6LXUxbTl6YTFLRkJQQW9GaVV4TnMtajEwd2NSUlpSbFIxM0I2NlNSV1lNLUFpWGt5RjA4RVh1b28wME1WSGYzYTJVM2R2WldENzJsMmxCNFVBdEpuZ0tiQ0hqU1FXNmtHbE51V0h3SW1MTjQ?oc=5\" target=\"_blank\" rel=\"nofollow noopener\">Milhares protestam e dezenas s\u00e3o presos ap\u00f3s morte de mulher por agente de imigra\u00e7\u00e3o dos EUA<\/a>&nbsp;&nbsp;G1<\/li>\n<li><a href=\"https:\/\/news.google.com\/rss\/articles\/CBMiywFBVV95cUxNMnIwRndqRUV2eGc4ZXlxaWN1MWFvbDV1SHd6Rmp3WDJlZjByenhfNkN5N3hzcEVtZTc1RFEzRmlfXzBzM3VQU2FGYWZPM2FOZXZCSUprcUtXYzItaU0zaVBLRmxabVFPaDFqOHV4YUZlSVltOU5oWDlybmd0dnBSOF80RXVib21KX1hXM2RqZG03V1p6Y3JDMmtIRVZUdUJtNUx0U0hMbGVKb25BY0xDaGxaVUc5aU1MRmJOcGxYTFVLT1hGSGhVczh0c9IB0AFBVV95cUxPdzg2UkJjY3VWNU15eTJ4YnBET1p6T2xUdkdqdmFYTF80RzlSZjRMVHZjNW9TMEc1dFhlUlNpMHVBVk56VmhfdGJCcGtGYVRTVkNmby1VNFhhNGdVWEkwVW5DUzV4RGNOdEc5ZWVrWDBLejhsSmxsVkx3WFlXZFBaME51RFBPeDNrZW5fbjRERk5SM0dEa3N0ZzZzWmYtZmtNQ1lCU3I4MkViZWlZaUlPODgyZTMzVWlGQWtQamMyN1I2NlcybjhLNDVKdmw4R1hh?oc=5\" target=\"_blank\" rel=\"nofollow noopener\">Governos democratas confrontam Trump em investiga\u00e7\u00f5es contra agentes de imigra\u00e7\u00e3o<\/a>&nbsp;&nbsp;Folha de S.Paulo<\/li>\n<li><a href=\"https:\/\/news.google.com\/rss\/articles\/CBMiyAFBVV95cUxOemE4MFo4dXc3VjZKaXlMZmlNc3B4OFpzZHR0UmhZQ2RfRjVIZHFYS2xLNGlXNm5HSlBTblJSd1J3Wkl4MUVDUjFKMWpSMWNMOWNXMEptU0pkTmFpNVVxa2FBT2hTT0d3cGVFczhHNFZVTjljOEtKZ0E1QnpaelQtS1RhT3VVN2RnTHUwaFRfemlGNTh5Vk12ODV2WWlNcFQ5R1diS2xjbHJ1T0xVaWZzZjRjVU05Zjg4UlBLODhtZmM1TkJxLUhOWg?oc=5\" target=\"_blank\" rel=\"nofollow noopener\">Protestos contra pol\u00edcia de imigra\u00e7\u00e3o dos EUA re\u00fanem milhares ap\u00f3s morte em Minneapolis<\/a>&nbsp;&nbsp;Estad\u00e3o<\/li>\n<li><a href=\"https:\/\/news.google.com\/rss\/articles\/CBMipAFBVV95cUxPRjlQUWNyaDl6UjRzejBXamw4b3dUR3VLUmZwVmJzb1dxSENSOVJmcFZvU0oyZWsxc0tkNkFhTVc3aHVLbTRKS25sdEFVZTl1ekNnTXc3SlVnZ1ZQMENXSTkwMVBKWnZ1M0JwZ1c2QjlHb2M2cWhTVGdDczJnS0JMdEFNM0xBdGgzMHBhczBwN1Q2ZVVuUEZuZTZaZmIxbVF3ME5sRg?oc=5\" target=\"_blank\" rel=\"nofollow noopener\">Agente do ICE que matou mulher pode ser processado? Entenda<\/a>&nbsp;&nbsp;CNN Brasil<\/li>\n<\/ol>\n","protected":false},"excerpt":{"rendered":"Quem \u00e9 o agente do ICE que matou mulher em Minneapolis?&nbsp;&nbsp;Observador Milhares protestam e dezenas s\u00e3o presos ap\u00f3s&hellip;\n","protected":false},"author":2,"featured_media":196976,"comment_status":"","ping_status":"","sticky":false,"template":"","format":"standard","meta":{"footnotes":""},"categories":[50],"tags":[27,28,15,16,14,25,26,21,22,62,12,13,19,20,23,24,17,18,29,30,31,63,64,65],"class_list":{"0":"post-224674","1":"post","2":"type-post","3":"status-publish","4":"format-standard","5":"has-post-thumbnail","7":"category-mundo","8":"tag-breaking-news","9":"tag-breakingnews","10":"tag-featured-news","11":"tag-featurednews","12":"tag-headlines","13":"tag-latest-news","14":"tag-latestnews","15":"tag-main-news","16":"tag-mainnews","17":"tag-mundo","18":"tag-news","19":"tag-noticias","20":"tag-noticias-principais","21":"tag-noticiasprincipais","22":"tag-principais-noticias","23":"tag-principaisnoticias","24":"tag-top-stories","25":"tag-topstories","26":"tag-ultimas","27":"tag-ultimas-noticias","28":"tag-ultimasnoticias","29":"tag-world","30":"tag-world-news","31":"tag-worldnews"},"share_on_mastodon":{"url":"https:\/\/pubeurope.com\/@pt\/115876492910608814","error":""},"_links":{"self":[{"href":"https:\/\/www.europesays.com\/pt\/wp-json\/wp\/v2\/posts\/224674","targetHints":{"allow":["GET"]}}],"collection":[{"href":"https:\/\/www.europesays.com\/pt\/wp-json\/wp\/v2\/posts"}],"about":[{"href":"https:\/\/www.europesays.com\/pt\/wp-json\/wp\/v2\/types\/post"}],"author":[{"embeddable":true,"href":"https:\/\/www.europesays.com\/pt\/wp-json\/wp\/v2\/users\/2"}],"replies":[{"embeddable":true,"href":"https:\/\/www.europesays.com\/pt\/wp-json\/wp\/v2\/comments?post=224674"}],"version-history":[{"count":0,"href":"https:\/\/www.europesays.com\/pt\/wp-json\/wp\/v2\/posts\/224674\/revisions"}],"wp:featuredmedia":[{"embeddable":true,"href":"https:\/\/www.europesays.com\/pt\/wp-json\/wp\/v2\/media\/196976"}],"wp:attachment":[{"href":"https:\/\/www.europesays.com\/pt\/wp-json\/wp\/v2\/media?parent=224674"}],"wp:term":[{"taxonomy":"category","embeddable":true,"href":"https:\/\/www.europesays.com\/pt\/wp-json\/wp\/v2\/categories?post=224674"},{"taxonomy":"post_tag","embeddable":true,"href":"https:\/\/www.europesays.com\/pt\/wp-json\/wp\/v2\/tags?post=224674"}],"curies":[{"name":"wp","href":"https:\/\/api.w.org\/{rel}","templated":true}]}}