{"id":224679,"date":"2026-01-11T12:40:08","date_gmt":"2026-01-11T12:40:08","guid":{"rendered":"https:\/\/www.europesays.com\/pt\/224679\/"},"modified":"2026-01-11T12:40:08","modified_gmt":"2026-01-11T12:40:08","slug":"morreu-o-autor-de-novelas-brasileiras-manoel-carlos","status":"publish","type":"post","link":"https:\/\/www.europesays.com\/pt\/224679\/","title":{"rendered":"Morreu o autor de novelas brasileiras Manoel Carlos"},"content":{"rendered":"<p>\t                Maneco, como era conhecido, tinha 92 anos<\/p>\n<p>O autor de novelas brasileiras Manoel Carlos morreu no s\u00e1bado aos 92 anos, depois de um ano de luta contra a doen\u00e7a de Parkinson, disse a fam\u00edlia nas redes sociais.<\/p>\n<p>\u201cCom profundo pesar comunicamos a morte de Manoel Carlos Gon\u00e7alves de Almeida, conhecido carinhosamente como Maneco, ocorrida hoje [s\u00e1bado] aos 92 anos\u201d, escreveu a atriz J\u00falia Almeida, filha de Manoel Carlos e administradora do legado audiovisual do pai.<\/p>\n<p>Segundo meios de comunica\u00e7\u00e3o social locais, o autor passou os \u00faltimos dias internado no Hospital Copa Starr, em Copacabana, no Rio de Janeiro, onde estava a fazer um tratamento contra a doen\u00e7a de Parkinson, que o afetou a n\u00edvel motor e cognitivo no \u00faltimo ano.<\/p>\n<p>Maneco nasceu em 14 de mar\u00e7o de 1933 em S\u00e3o Paulo, mas considerava-se \u201ccarioca de cora\u00e7\u00e3o\u201d e colocava a cidade do Rio de Janeiro como protagonista em todas as suas obras.<\/p>\n<p>Manoel Carlos iniciou a sua carreira na televis\u00e3o na d\u00e9cada de 1960 como guionista e diretor de programas, mas foi na d\u00e9cada de 70 que se come\u00e7ou a distinguir como autor de telenovelas na esta\u00e7\u00e3o Globo, a de maior audi\u00eancia no pa\u00eds.<\/p>\n<p>Foi o criador da trilogia de telenovelas &#8216;Vale Tudo&#8217; (1988), &#8216;Por Amor&#8217; (1997) e &#8216;La\u00e7os de Fam\u00edlia&#8217; (2000) e deixou a marca de ser o autor que mais apostou em personagens femininos fortes.<\/p>\n<p>Inspirado em Helena de Troia, as personagens principais das suas telenovelas foram todas Helenas, mulheres independentes e de car\u00e1ter forte.<\/p>\n<p>Mais de uma dezena de Helenas converteram-se em \u00edcones da cultura popular brasileira e passaram fronteiras, uma vez que as novelas de Manoel Carlos foram transmitidas em mais de 150 pa\u00edses.<\/p>\n<p>Al\u00e9m das telenovelas, foi tamb\u00e9m autor de s\u00e9ries de televis\u00e3o e obras teatrais.<\/p>\n","protected":false},"excerpt":{"rendered":"Maneco, como era conhecido, tinha 92 anos O autor de novelas brasileiras Manoel Carlos morreu no s\u00e1bado aos&hellip;\n","protected":false},"author":2,"featured_media":224680,"comment_status":"","ping_status":"","sticky":false,"template":"","format":"standard","meta":{"footnotes":""},"categories":[142],"tags":[609,611,1753,27,470,607,608,315,3144,610,114,115,870,570,170,11549,150,13,161,2409,32,33,941,2387,151,29],"class_list":{"0":"post-224679","1":"post","2":"type-post","3":"status-publish","4":"format-standard","5":"has-post-thumbnail","7":"category-tv","8":"tag-alerta","9":"tag-ao-minuto","10":"tag-artes","11":"tag-breaking-news","12":"tag-cinema","13":"tag-cnn","14":"tag-cnn-portugal","15":"tag-cultura","16":"tag-danca","17":"tag-direto","18":"tag-entertainment","19":"tag-entretenimento","20":"tag-eventos","21":"tag-live","22":"tag-livros","23":"tag-manoel-carlos","24":"tag-musica","25":"tag-noticias","26":"tag-novelas","27":"tag-obito","28":"tag-portugal","29":"tag-pt","30":"tag-series","31":"tag-teatro","32":"tag-tv","33":"tag-ultimas"},"share_on_mastodon":{"url":"https:\/\/pubeurope.com\/@pt\/115876516511830911","error":""},"_links":{"self":[{"href":"https:\/\/www.europesays.com\/pt\/wp-json\/wp\/v2\/posts\/224679","targetHints":{"allow":["GET"]}}],"collection":[{"href":"https:\/\/www.europesays.com\/pt\/wp-json\/wp\/v2\/posts"}],"about":[{"href":"https:\/\/www.europesays.com\/pt\/wp-json\/wp\/v2\/types\/post"}],"author":[{"embeddable":true,"href":"https:\/\/www.europesays.com\/pt\/wp-json\/wp\/v2\/users\/2"}],"replies":[{"embeddable":true,"href":"https:\/\/www.europesays.com\/pt\/wp-json\/wp\/v2\/comments?post=224679"}],"version-history":[{"count":0,"href":"https:\/\/www.europesays.com\/pt\/wp-json\/wp\/v2\/posts\/224679\/revisions"}],"wp:featuredmedia":[{"embeddable":true,"href":"https:\/\/www.europesays.com\/pt\/wp-json\/wp\/v2\/media\/224680"}],"wp:attachment":[{"href":"https:\/\/www.europesays.com\/pt\/wp-json\/wp\/v2\/media?parent=224679"}],"wp:term":[{"taxonomy":"category","embeddable":true,"href":"https:\/\/www.europesays.com\/pt\/wp-json\/wp\/v2\/categories?post=224679"},{"taxonomy":"post_tag","embeddable":true,"href":"https:\/\/www.europesays.com\/pt\/wp-json\/wp\/v2\/tags?post=224679"}],"curies":[{"name":"wp","href":"https:\/\/api.w.org\/{rel}","templated":true}]}}