{"id":224681,"date":"2026-01-11T12:43:08","date_gmt":"2026-01-11T12:43:08","guid":{"rendered":"https:\/\/www.europesays.com\/pt\/224681\/"},"modified":"2026-01-11T12:43:08","modified_gmt":"2026-01-11T12:43:08","slug":"primeiro-semifinalista-da-taca-de-portugal-conhecido-esta-noite","status":"publish","type":"post","link":"https:\/\/www.europesays.com\/pt\/224681\/","title":{"rendered":"Primeiro semifinalista da Ta\u00e7a de Portugal conhecido esta noite"},"content":{"rendered":"<p>Os quartos de final da <a class=\"autolink-enabled\" data-resource-id=\"112\" data-resource-type=\"competition\" data-sport=\"football\" href=\"https:\/\/www.abola.pt\/futebol\/competicao\/taca-de-portugal-112\" rel=\"nofollow noopener\" target=\"_blank\">Ta\u00e7a de Portugal<\/a> arrancam hoje, com duelo de <a class=\"autolink-enabled\" data-resource-id=\"111\" data-resource-type=\"competition\" data-sport=\"football\" href=\"https:\/\/www.abola.pt\/futebol\/competicao\/liga-portugal-2-meu-super-111\" rel=\"nofollow noopener\" target=\"_blank\">Liga 2<\/a> entre <a class=\"autolink-enabled\" data-resource-id=\"4771\" data-resource-type=\"team\" data-sport=\"football\" href=\"https:\/\/www.abola.pt\/futebol\/torreense-4771\" rel=\"nofollow noopener\" target=\"_blank\">Torreense<\/a> e <a class=\"autolink-enabled\" data-resource-id=\"449\" data-resource-type=\"team\" data-sport=\"football\" href=\"https:\/\/www.abola.pt\/futebol\/ud-leiria-449\" rel=\"nofollow noopener\" target=\"_blank\">UD Leiria<\/a>, equipas separadas na classifica\u00e7\u00e3o por apenas um ponto, respetivamente no 8.\u00ba e no 7.\u00ba lugar.<\/p>\n<p>\u00c9 a quinta presen\u00e7a nos quartos de final para os dois clubes, mas se os leirienses apenas por uma vez ca\u00edram nesta fase (h\u00e1 dois anos, 0-3 na rece\u00e7\u00e3o ao <a class=\"autolink-enabled\" data-resource-id=\"448\" data-resource-type=\"team\" data-sport=\"football\" href=\"https:\/\/www.abola.pt\/futebol\/sporting-448\" rel=\"nofollow noopener\" target=\"_blank\">Sporting<\/a>), o Torreense s\u00f3 numa avan\u00e7ou para as meias \u2014 em 1955\/56, \u00e9poca em que viria a perder a final para o <a class=\"autolink-enabled\" data-resource-id=\"451\" data-resource-type=\"team\" data-sport=\"football\" href=\"https:\/\/www.abola.pt\/futebol\/fc-porto-451\" rel=\"nofollow noopener\" target=\"_blank\">FC Porto<\/a>. A UD Leiria tamb\u00e9m perdeu uma final para os drag\u00f5es, em 2002\/03.<\/p>\n<p>A eliminat\u00f3ria prossegue na quarta-feira, com dois jogos, entre eles o FC Porto-<a class=\"autolink-enabled\" data-resource-id=\"450\" data-resource-type=\"team\" data-sport=\"football\" href=\"https:\/\/www.abola.pt\/futebol\/benfica-450\" rel=\"nofollow noopener\" target=\"_blank\">Benfica<\/a>, e s\u00f3 ficar\u00e1 conclu\u00edda em fevereiro \u2014 o Sporting-<a class=\"autolink-enabled\" data-resource-id=\"5657\" data-resource-type=\"team\" data-sport=\"football\" href=\"https:\/\/www.abola.pt\/futebol\/aves-sad-5657\" rel=\"nofollow noopener\" target=\"_blank\">Aves SAD<\/a> ainda n\u00e3o est\u00e1 marcado, mas a Federa\u00e7\u00e3o Portuguesa de Futebol j\u00e1 anunciou que ser\u00e1 a 3, 4 ou 5 de fevereiro.<\/p>\n","protected":false},"excerpt":{"rendered":"Os quartos de final da Ta\u00e7a de Portugal arrancam hoje, com duelo de Liga 2 entre Torreense e&hellip;\n","protected":false},"author":2,"featured_media":224682,"comment_status":"","ping_status":"","sticky":false,"template":"","format":"standard","meta":{"footnotes":""},"categories":[87],"tags":[135,32,33,134],"class_list":{"0":"post-224681","1":"post","2":"type-post","3":"status-publish","4":"format-standard","5":"has-post-thumbnail","7":"category-desporto","8":"tag-desporto","9":"tag-portugal","10":"tag-pt","11":"tag-sports"},"share_on_mastodon":{"url":"https:\/\/pubeurope.com\/@pt\/115876528312688445","error":""},"_links":{"self":[{"href":"https:\/\/www.europesays.com\/pt\/wp-json\/wp\/v2\/posts\/224681","targetHints":{"allow":["GET"]}}],"collection":[{"href":"https:\/\/www.europesays.com\/pt\/wp-json\/wp\/v2\/posts"}],"about":[{"href":"https:\/\/www.europesays.com\/pt\/wp-json\/wp\/v2\/types\/post"}],"author":[{"embeddable":true,"href":"https:\/\/www.europesays.com\/pt\/wp-json\/wp\/v2\/users\/2"}],"replies":[{"embeddable":true,"href":"https:\/\/www.europesays.com\/pt\/wp-json\/wp\/v2\/comments?post=224681"}],"version-history":[{"count":0,"href":"https:\/\/www.europesays.com\/pt\/wp-json\/wp\/v2\/posts\/224681\/revisions"}],"wp:featuredmedia":[{"embeddable":true,"href":"https:\/\/www.europesays.com\/pt\/wp-json\/wp\/v2\/media\/224682"}],"wp:attachment":[{"href":"https:\/\/www.europesays.com\/pt\/wp-json\/wp\/v2\/media?parent=224681"}],"wp:term":[{"taxonomy":"category","embeddable":true,"href":"https:\/\/www.europesays.com\/pt\/wp-json\/wp\/v2\/categories?post=224681"},{"taxonomy":"post_tag","embeddable":true,"href":"https:\/\/www.europesays.com\/pt\/wp-json\/wp\/v2\/tags?post=224681"}],"curies":[{"name":"wp","href":"https:\/\/api.w.org\/{rel}","templated":true}]}}