{"id":224689,"date":"2026-01-11T12:51:13","date_gmt":"2026-01-11T12:51:13","guid":{"rendered":"https:\/\/www.europesays.com\/pt\/224689\/"},"modified":"2026-01-11T12:51:13","modified_gmt":"2026-01-11T12:51:13","slug":"brasil-tem-quase-10-dos-votantes-no-globo-de-ouro-que-vai-ter-gala-no-rio-em-marco","status":"publish","type":"post","link":"https:\/\/www.europesays.com\/pt\/224689\/","title":{"rendered":"Brasil tem quase 10% dos votantes no Globo de Ouro, que vai ter gala no Rio em mar\u00e7o"},"content":{"rendered":"\n<p class=\" content-text__container theme-color-primary-first-letter\" data-track-category=\"Link no Texto\" data-track-links=\"\"> Faz sentido que o <a class=\"\" href=\"https:\/\/oglobo.globo.com\/tudo-sobre\/programa-de-tv\/globo-de-ouro-programa-de-televisao\" rel=\"nofollow noopener\" target=\"_blank\">Globo de Ouro<\/a> seja mais internacional, inclusive promovendo eventos fora dos EUA \u2014 em mar\u00e7o, haver\u00e1 uma gala no Rio. A Critics Choice Association, formada em 2019, conta com mais de 500 jornalistas e cr\u00edticos, majoritariamente dos EUA e Canad\u00e1. Os indicados do Actor Awards (antigo SAG, o Screen Actor Guild Awards) s\u00e3o escolhidos por comit\u00eas selecionados entre os mais de 100 mil membros do sindicato de artistas de TV e r\u00e1dio dos EUA, que incluem atores, cantores, dan\u00e7arinos, dubl\u00eas, entre outros. J\u00e1 o Globo de Ouro surgiu a partir de uma premia\u00e7\u00e3o criada em 1944 pela Associa\u00e7\u00e3o de Correspondentes Estrangeiros em Hollywood, mais tarde chamada de Associa\u00e7\u00e3o de Imprensa Estrangeira (ou Hollywood Foreign Press Association, HFPA). Ou seja, seus votantes sempre foram basicamente de fora dos EUA, embora originalmente baseados em Los Angeles. <\/p>\n<p class=\" content-text__container \" data-track-category=\"Link no Texto\" data-track-links=\"\"> Desde 2021, o Globo de Ouro vem expandindo sua lista de votantes. Na \u00e9poca, a HFPA foi alvo de cr\u00edticas, que variavam de problemas \u00e9ticos \u00e0 falta de diversidade. Entre seus 87 membros, n\u00e3o havia nenhuma pessoa negra, por exemplo. Naquele mesmo ano, a associa\u00e7\u00e3o admitiu 21 novos integrantes morando nos EUA, com 103 juntando-se em 2022, quando a cerim\u00f4nia nem foi transmitida pela televis\u00e3o. Eram aguardadas as mudan\u00e7as prometidas. A organiza\u00e7\u00e3o implementou uma s\u00e9rie de medidas para promover a lisura do processo. Em 2023, o corpo votante passou a 300 jornalistas e cr\u00edticos, que n\u00e3o necessariamente estavam baseados nos EUA, sendo 47% mulheres e 60% identificando-se como racialmente e etnicamente diversos. <\/p>\n<p>              <img decoding=\"async\" class=\"content-video__placeholder__thumb\" src=\"https:\/\/www.europesays.com\/pt\/wp-content\/uploads\/2026\/01\/14240948.jpg\" alt=\"Rep\u00f3rter mostra os bastidores do local do Globo de Ouro\" title=\"Rep\u00f3rter mostra os bastidores do local do Globo de Ouro\"\/>      <\/p>\n<p class=\"content-media__description\" itemprop=\"description\"> Rep\u00f3rter mostra os bastidores do local do Globo de Ouro <\/p>\n<p class=\" content-text__container \" data-track-category=\"Link no Texto\" data-track-links=\"\"> Nessa \u00e9poca, o Globo de Ouro, que se desvinculou da HFPA em 2023, buscava novos votantes ativamente, por meio de associa\u00e7\u00f5es de cr\u00edticos e indica\u00e7\u00f5es de membros. Foi dessa forma que aceitei me inscrever para passar por uma sele\u00e7\u00e3o para me tornar votante, depois de resistir a fazer parte da HFPA nos anos em que morei em Los Angeles. Hoje em dia, o Globo de Ouro n\u00e3o recruta ativamente, mas continua em contato com associa\u00e7\u00f5es de cr\u00edticos e grupos e ve\u00edculos diversos em pa\u00edses que ainda n\u00e3o t\u00eam representantes para expandir sua presen\u00e7a. A maioria dos votantes, por\u00e9m, precisa se inscrever pelo site para ter sua candidatura considerada. Os que j\u00e1 votam passam pelo processo todos os anos. <\/p>\n<p class=\" content-text__container \" data-track-category=\"Link no Texto\" data-track-links=\"\"> Na edi\u00e7\u00e3o de 2026, s\u00e3o 399 votantes segundo o site, sendo 38 deles do Brasil. Essa diversidade tem se refletido nas indica\u00e7\u00f5es e nos pr\u00eamios. No ano passado, a surpreendente vit\u00f3ria de Fernanda Torres na categoria melhor atriz de drama, por \u201cAinda estou aqui\u201d, pavimentou seu caminho para o Oscar, impulsionando tamb\u00e9m o filme, que acabou levando a estatueta de produ\u00e7\u00e3o internacional. Este ano, com uma safra internacional forte, a presen\u00e7a estrangeira fez-se mais presente. <\/p>\n<p class=\" content-text__container \" data-track-category=\"Link no Texto\" data-track-links=\"\"> Curiosamente, como a Academia de Artes e Ci\u00eancias Cinematogr\u00e1ficas de Hollywood tamb\u00e9m tem buscado a internacionaliza\u00e7\u00e3o, com cerca de 25% dos seus membros vivendo fora dos EUA, \u00e9 poss\u00edvel que o Globo de Ouro passe a influenciar e se alinhar mais com o Oscar do que outras premia\u00e7\u00f5es. <\/p>\n<p>               <img decoding=\"async\" class=\"content-video__placeholder__thumb\" src=\"https:\/\/www.europesays.com\/pt\/wp-content\/uploads\/2026\/01\/14242191.jpg\" alt=\"Globo de Ouro: quais nomes devem levar a premia\u00e7\u00e3o?\" title=\"Globo de Ouro: quais nomes devem levar a premia\u00e7\u00e3o?\"\/>      <\/p>\n<p class=\"content-media__description\" itemprop=\"description\"> Globo de Ouro: quais nomes devem levar a premia\u00e7\u00e3o? <\/p>\n<p class=\" content-text__container \" data-track-category=\"Link no Texto\" data-track-links=\"\"> Al\u00e9m de contar com votantes do mundo inteiro, o Globo de Ouro passou a promover eventos fora dos EUA, entregando pr\u00eamios de document\u00e1rios durante os festivais de Cannes e Veneza e o Omar Sharif e Horizontes, para artistas do Oriente M\u00e9dio, da \u00c1sia e do Norte da \u00c1frica, no Red Sea International Film Festival, na Ar\u00e1bia Saudita. Agora \u00e9 a vez do Brasil. Em 18 de mar\u00e7o, acontece uma gala Globo de Ouro no Belmond Copacabana Palace, no Rio. No evento para 350 convidados brasileiros e internacionais, ser\u00e3o entregues pr\u00eamios de melhor ator, atriz, al\u00e9m de ator e atriz revela\u00e7\u00e3o e pelo conjunto da carreira. Os homenageados ainda v\u00e3o ser anunciados. <\/p>\n<p class=\" content-text__container \" data-track-category=\"Link no Texto\" data-track-links=\"\"> \u2014 O Globo de Ouro tem uma longa hist\u00f3ria no reconhecimento de talentos internacionais, e o Brasil deu ao mundo algumas das vozes, hist\u00f3rias e vis\u00e3o art\u00edstica mais extraordin\u00e1rias \u2014 diz Hoehne. \u2014 Esse \u00e9 um novo cap\u00edtulo na miss\u00e3o de expandir sua pegada global hospedando eventos em grandes centros internacionais de desenvolvimento de entretenimento. Essas iniciativas celebram as hist\u00f3rias locais e constroem pontes dos talentos regionais com o palco global. <\/p>\n<p class=\" content-text__container \" data-track-category=\"Link no Texto\" data-track-links=\"\"> A ideia de levar o evento ao Rio surgiu a partir de uma conversa da presidente do Globo de Ouro com o produtor Uri Singer, que morou no Brasil e est\u00e1 baseado em Los Angeles. Segundo ele, h\u00e1 um componente de filantropia na gala, com organiza\u00e7\u00e3o a ser escolhida, e a ideia de, no futuro, criar um Globo de Ouro Latino. <\/p>\n<p class=\" content-text__container \" data-track-category=\"Link no Texto\" data-track-links=\"\"> \u2014 Vai ser muito importante para a ind\u00fastria audiovisual brasileira, porque Hollywood vai olhar o Brasil de maneira diferente. O evento pode abrir muitas portas para intera\u00e7\u00e3o entre as duas partes \u2014 diz Singer. <\/p>\n","protected":false},"excerpt":{"rendered":"Faz sentido que o Globo de Ouro seja mais internacional, inclusive promovendo eventos fora dos EUA \u2014 em&hellip;\n","protected":false},"author":2,"featured_media":224690,"comment_status":"","ping_status":"","sticky":false,"template":"","format":"standard","meta":{"footnotes":""},"categories":[145],"tags":[1244,211,210,114,115,19262,2153,2158,32,33,679,12348],"class_list":{"0":"post-224689","1":"post","2":"type-post","3":"status-publish","4":"format-standard","5":"has-post-thumbnail","7":"category-celebridades","8":"tag-ator","9":"tag-celebridades","10":"tag-celebrities","11":"tag-entertainment","12":"tag-entretenimento","13":"tag-globo-de-ouro","14":"tag-kleber-mendonca-filho","15":"tag-o-agente-secreto","16":"tag-portugal","17":"tag-pt","18":"tag-reportagem","19":"tag-wagner-moura"},"share_on_mastodon":{"url":"https:\/\/pubeurope.com\/@pt\/115876559822091671","error":""},"_links":{"self":[{"href":"https:\/\/www.europesays.com\/pt\/wp-json\/wp\/v2\/posts\/224689","targetHints":{"allow":["GET"]}}],"collection":[{"href":"https:\/\/www.europesays.com\/pt\/wp-json\/wp\/v2\/posts"}],"about":[{"href":"https:\/\/www.europesays.com\/pt\/wp-json\/wp\/v2\/types\/post"}],"author":[{"embeddable":true,"href":"https:\/\/www.europesays.com\/pt\/wp-json\/wp\/v2\/users\/2"}],"replies":[{"embeddable":true,"href":"https:\/\/www.europesays.com\/pt\/wp-json\/wp\/v2\/comments?post=224689"}],"version-history":[{"count":0,"href":"https:\/\/www.europesays.com\/pt\/wp-json\/wp\/v2\/posts\/224689\/revisions"}],"wp:featuredmedia":[{"embeddable":true,"href":"https:\/\/www.europesays.com\/pt\/wp-json\/wp\/v2\/media\/224690"}],"wp:attachment":[{"href":"https:\/\/www.europesays.com\/pt\/wp-json\/wp\/v2\/media?parent=224689"}],"wp:term":[{"taxonomy":"category","embeddable":true,"href":"https:\/\/www.europesays.com\/pt\/wp-json\/wp\/v2\/categories?post=224689"},{"taxonomy":"post_tag","embeddable":true,"href":"https:\/\/www.europesays.com\/pt\/wp-json\/wp\/v2\/tags?post=224689"}],"curies":[{"name":"wp","href":"https:\/\/api.w.org\/{rel}","templated":true}]}}