{"id":224761,"date":"2026-01-11T14:08:07","date_gmt":"2026-01-11T14:08:07","guid":{"rendered":"https:\/\/www.europesays.com\/pt\/224761\/"},"modified":"2026-01-11T14:08:07","modified_gmt":"2026-01-11T14:08:07","slug":"impasse-na-renovacao-de-nelson-oliveira-faz-v-guimaraes-olhar-para-henrique-araujo","status":"publish","type":"post","link":"https:\/\/www.europesays.com\/pt\/224761\/","title":{"rendered":"Impasse na renova\u00e7\u00e3o de N\u00e9lson Oliveira faz V. Guimar\u00e3es olhar para Henrique Ara\u00fajo"},"content":{"rendered":"<p>Com a renova\u00e7\u00e3o de N\u00e9lson Oliveira indefinida, o Vit\u00f3ria de Guimar\u00e3es, <a href=\"https:\/\/maisfutebol.iol.pt\/jogo\/aominuto\/v-guimaraes\/sp-braga\/13826202\" target=\"_blank\" rel=\"nofollow noopener\"><strong>atual campe\u00e3o da Ta\u00e7a da Liga<\/strong><\/a>, quer o quanto antes refor\u00e7ar o ataque e, segundo apurou o <strong>Maisfutebol<\/strong>, j\u00e1 abriu conversa\u00e7\u00f5es com o Benfica por Henrique Ara\u00fajo.<\/p>\n<p>Sem espa\u00e7o com Jos\u00e9 Mourinho nas \u00e1guias, o jovem ponta de lan\u00e7a, que fez apenas 11 jogos na atual temporada, h\u00e1 meses que \u00e9 bem avaliado pelo emblema minhoto, sobretudo por Lu\u00eds Pinto.<\/p>\n<p>O interesse no jogador encarnado tamb\u00e9m est\u00e1 ligado ao futuro de N\u00e9lson Oliveira. Os vitorianos t\u00eam encontrado dificuldades para renovar o contrato do goleador de 34 anos, cujo v\u00ednculo termina em junho.<\/p>\n<p>Aos 23 anos, Henrique Ara\u00fajo tem contrato v\u00e1lido com o Benfica at\u00e9 junho de 2027. J\u00e1 foi emprestado tr\u00eas vezes nos \u00faltimos anos, duas em Portugal (Famalic\u00e3o e Arouca) e uma em Inglaterra (Watford).<\/p>\n","protected":false},"excerpt":{"rendered":"Com a renova\u00e7\u00e3o de N\u00e9lson Oliveira indefinida, o Vit\u00f3ria de Guimar\u00e3es, atual campe\u00e3o da Ta\u00e7a da Liga, quer&hellip;\n","protected":false},"author":2,"featured_media":224762,"comment_status":"","ping_status":"","sticky":false,"template":"","format":"standard","meta":{"footnotes":""},"categories":[87],"tags":[51,135,35389,36,46,40,42,3589,41,23597,32,33,47,134,35,2119],"class_list":{"0":"post-224761","1":"post","2":"type-post","3":"status-publish","4":"format-standard","5":"has-post-thumbnail","7":"category-desporto","8":"tag-benfica","9":"tag-desporto","10":"tag-henrique-araujo","11":"tag-liga","12":"tag-maisfutebol","13":"tag-maistransferencias","14":"tag-mercado","15":"tag-mercado-benfica","16":"tag-mercado-de-transferencias","17":"tag-nelson-oliveira","18":"tag-portugal","19":"tag-pt","20":"tag-pura-paixao","21":"tag-sports","22":"tag-transferencias","23":"tag-vitoria-guimaraes"},"share_on_mastodon":{"url":"https:\/\/pubeurope.com\/@pt\/115876862625724761","error":""},"_links":{"self":[{"href":"https:\/\/www.europesays.com\/pt\/wp-json\/wp\/v2\/posts\/224761","targetHints":{"allow":["GET"]}}],"collection":[{"href":"https:\/\/www.europesays.com\/pt\/wp-json\/wp\/v2\/posts"}],"about":[{"href":"https:\/\/www.europesays.com\/pt\/wp-json\/wp\/v2\/types\/post"}],"author":[{"embeddable":true,"href":"https:\/\/www.europesays.com\/pt\/wp-json\/wp\/v2\/users\/2"}],"replies":[{"embeddable":true,"href":"https:\/\/www.europesays.com\/pt\/wp-json\/wp\/v2\/comments?post=224761"}],"version-history":[{"count":0,"href":"https:\/\/www.europesays.com\/pt\/wp-json\/wp\/v2\/posts\/224761\/revisions"}],"wp:featuredmedia":[{"embeddable":true,"href":"https:\/\/www.europesays.com\/pt\/wp-json\/wp\/v2\/media\/224762"}],"wp:attachment":[{"href":"https:\/\/www.europesays.com\/pt\/wp-json\/wp\/v2\/media?parent=224761"}],"wp:term":[{"taxonomy":"category","embeddable":true,"href":"https:\/\/www.europesays.com\/pt\/wp-json\/wp\/v2\/categories?post=224761"},{"taxonomy":"post_tag","embeddable":true,"href":"https:\/\/www.europesays.com\/pt\/wp-json\/wp\/v2\/tags?post=224761"}],"curies":[{"name":"wp","href":"https:\/\/api.w.org\/{rel}","templated":true}]}}