{"id":224771,"date":"2026-01-11T14:22:09","date_gmt":"2026-01-11T14:22:09","guid":{"rendered":"https:\/\/www.europesays.com\/pt\/224771\/"},"modified":"2026-01-11T14:22:09","modified_gmt":"2026-01-11T14:22:09","slug":"duvidas-na-baliza-para-o-classico-claudio-ramos-sob-alerta-vermelho-fc-porto","status":"publish","type":"post","link":"https:\/\/www.europesays.com\/pt\/224771\/","title":{"rendered":"D\u00favidas na baliza para o cl\u00e1ssico: Cl\u00e1udio Ramos sob alerta vermelho &#8211; FC Porto"},"content":{"rendered":"<p>                    03:50<\/p>\n<p>Desconforto na zona da anca retirou Diogo Costa do teste com o Farense, mas h\u00e1 confian\u00e7a de que recupera para o cl\u00e1ssico, tal como a que existe no suplente caso tenha de avan\u00e7ar<\/p>\n<p>    &#13;<br \/>\n            &#13;<br \/>\n                &#13;<br \/>\n                    &#13;<br \/>\n                &#13;<br \/>\n                &#13;<br \/>\n            &#13;<\/p>\n<p class=\"\">&#13;<br \/>\n        N\u00e3o foi considerado nada suficientemente grave para o departamento de sa\u00fade, liderado por Nelson Puga, inseri-lo no boletim cl\u00ednico, nem algo t\u00e3o ligeiro ao ponto de Francesco Farioli arriscar lan\u00e7\u00e1-lo, sem reservas, no particular com Farense. Mas, de facto, Diogo Costa ficou de fora das op\u00e7\u00f5es do FC Porto nesse teste com os algarvios, devido a um problema de ordem f\u00edsica que, segundo apurou Record, j\u00e1 dura desde o jogo com o Santa Clara, realizado no passado domingo. &#13;\n    <\/p>\n<p>                        Para ler TODOS OS ARTIGOS RECORD PREMIUM durante o dia 11.01.2026 insira o seu n\u00famero de telem\u00f3vel e clique em OK<\/p>\n<p>Consulte a aplica\u00e7\u00e3o MBway no seu telem\u00f3vel e aceite a transa\u00e7\u00e3o&#13;\n                    <\/p>\n<p>                        Os seus dados n\u00e3o ser\u00e3o guardados pelo Record<\/p>\n","protected":false},"excerpt":{"rendered":"03:50 Desconforto na zona da anca retirou Diogo Costa do teste com o Farense, mas h\u00e1 confian\u00e7a de&hellip;\n","protected":false},"author":2,"featured_media":224772,"comment_status":"","ping_status":"","sticky":false,"template":"","format":"standard","meta":{"footnotes":""},"categories":[87],"tags":[135,32,33,134],"class_list":{"0":"post-224771","1":"post","2":"type-post","3":"status-publish","4":"format-standard","5":"has-post-thumbnail","7":"category-desporto","8":"tag-desporto","9":"tag-portugal","10":"tag-pt","11":"tag-sports"},"share_on_mastodon":{"url":"https:\/\/pubeurope.com\/@pt\/115876917619076174","error":""},"_links":{"self":[{"href":"https:\/\/www.europesays.com\/pt\/wp-json\/wp\/v2\/posts\/224771","targetHints":{"allow":["GET"]}}],"collection":[{"href":"https:\/\/www.europesays.com\/pt\/wp-json\/wp\/v2\/posts"}],"about":[{"href":"https:\/\/www.europesays.com\/pt\/wp-json\/wp\/v2\/types\/post"}],"author":[{"embeddable":true,"href":"https:\/\/www.europesays.com\/pt\/wp-json\/wp\/v2\/users\/2"}],"replies":[{"embeddable":true,"href":"https:\/\/www.europesays.com\/pt\/wp-json\/wp\/v2\/comments?post=224771"}],"version-history":[{"count":0,"href":"https:\/\/www.europesays.com\/pt\/wp-json\/wp\/v2\/posts\/224771\/revisions"}],"wp:featuredmedia":[{"embeddable":true,"href":"https:\/\/www.europesays.com\/pt\/wp-json\/wp\/v2\/media\/224772"}],"wp:attachment":[{"href":"https:\/\/www.europesays.com\/pt\/wp-json\/wp\/v2\/media?parent=224771"}],"wp:term":[{"taxonomy":"category","embeddable":true,"href":"https:\/\/www.europesays.com\/pt\/wp-json\/wp\/v2\/categories?post=224771"},{"taxonomy":"post_tag","embeddable":true,"href":"https:\/\/www.europesays.com\/pt\/wp-json\/wp\/v2\/tags?post=224771"}],"curies":[{"name":"wp","href":"https:\/\/api.w.org\/{rel}","templated":true}]}}