{"id":224782,"date":"2026-01-11T14:34:20","date_gmt":"2026-01-11T14:34:20","guid":{"rendered":"https:\/\/www.europesays.com\/pt\/224782\/"},"modified":"2026-01-11T14:34:20","modified_gmt":"2026-01-11T14:34:20","slug":"horoscopo-do-dia-previsao-para-os-12-signos-em-11-01-2026","status":"publish","type":"post","link":"https:\/\/www.europesays.com\/pt\/224782\/","title":{"rendered":"Hor\u00f3scopo do dia: previs\u00e3o para os 12 signos em 11\/01\/2026"},"content":{"rendered":"<p>                    As energias deste domingo promover\u00e3o transforma\u00e7\u00f5es, ajustes e revis\u00f5es em diferentes \u00e1reas da vida <img decoding=\"async\" src=\"https:\/\/www.europesays.com\/pt\/wp-content\/uploads\/2026\/01\/horoscopo-do-dia-previsao-para-os-12-signos-em-11-01-2026.jpg\" class=\"img-responsive type:primaryImage\" alt=\"As energias deste domingo promover\u00e3o transforma\u00e7\u00f5es, ajustes e revis\u00f5es em diferentes \u00e1reas da vida \"\/>Imagem: ARTDAWN | Shutterstock<\/p>\n<p>Neste domingo, o movimento dos astros criar\u00e1 um clima de intensidade emocional, revelando oportunidades de crescimento e pontos que pedem aten\u00e7\u00e3o. As energias celestes estimular\u00e3o transforma\u00e7\u00f5es internas, ajustes nas rela\u00e7\u00f5es e revis\u00f5es de prioridades, tanto no campo afetivo quanto no profissional e nas finan\u00e7as. A seguir, confira as previs\u00f5es do hor\u00f3scopo para o seu signo e descubra como aproveitar as influ\u00eancias do dia da melhor forma poss\u00edvel!<\/p>\n<p><strong>\u00c1ries<\/strong><br \/>\nO domingo dos nativos de \u00c1ries ser\u00e1 marcado por transforma\u00e7\u00f5es internas, conversas delicadas e decis\u00f5es que pedem desapego <img decoding=\"async\" src=\"https:\/\/www.europesays.com\/pt\/wp-content\/uploads\/2026\/01\/1aries-10-1024x683.jpg\" class=\"img-responsive type:primaryImage\"\/>Imagem: Gulnazya_art | Shutterstock<\/p>\n<p>Emo\u00e7\u00f5es intensas surgir\u00e3o nas rela\u00e7\u00f5es e nas finan\u00e7as compartilhadas, o que exigir\u00e1 equil\u00edbrio, maturidade e escolhas conscientes para lidar com desejos profundos e poss\u00edveis tens\u00f5es ocultas. Ser\u00e1 um dia de transforma\u00e7\u00f5es internas, conversas delicadas e decis\u00f5es que pedem desapego, sobretudo caso se depare com antigas paix\u00f5es ou ci\u00fames.<\/p>\n<p><strong>Touro<\/strong><br \/>\nAlguns dos relacionamentos dos nativos de Touro pedir\u00e3o ajustes profundos <img decoding=\"async\" src=\"https:\/\/www.europesays.com\/pt\/wp-content\/uploads\/2026\/01\/2touro-15-1024x683.jpg\" class=\"img-responsive type:primaryImage\"\/>Imagem: Gulnazya_art | Shutterstock<\/p>\n<p>Voc\u00ea perceber\u00e1 que alguns <strong>relacionamentos <\/strong>exigir\u00e3o ajustes profundos, o que despertar\u00e1 sentimentos intensos e a necessidade de negociar limites com mais consci\u00eancia. O domingo ser\u00e1 importante para lidar com conflitos de forma madura, transformando inseguran\u00e7as em for\u00e7a interior e evitando decis\u00f5es impulsivas movidas por apego ou medo da perda.<\/p>\n<p><strong>G\u00eameos<\/strong><br \/>\nCaso os nativos de G\u00eameos ajam com flexibilidade, autocuidado e responsabilidade, poder\u00e1 haver o aumento da produtividade <img decoding=\"async\" src=\"https:\/\/www.europesays.com\/pt\/wp-content\/uploads\/2026\/01\/3gemeos-13-1024x683.jpg\" class=\"img-responsive type:primaryImage\"\/>Imagem: Gulnazya_art | Shutterstock<\/p>\n<p>Voc\u00ea notar\u00e1 tens\u00f5es sutis na rotina, no trabalho e nos cuidados com a sa\u00fade. O dia pedir\u00e1 equil\u00edbrio emocional, diplomacia, ajustes, escolhas conscientes e aten\u00e7\u00e3o aos pr\u00f3prios limites. Ao agir com flexibilidade, autocuidado e responsabilidade, sua produtividade tender\u00e1 a aumentar.<\/p>\n<p><strong>C\u00e2ncer<\/strong><br \/>\nOs nativos de C\u00e2ncer dever\u00e3o lidar com ci\u00fames, car\u00eancias ou jogos emocionais de forma consciente e madura <img decoding=\"async\" src=\"https:\/\/www.europesays.com\/pt\/wp-content\/uploads\/2026\/01\/4cancer-14-1024x683.jpg\" class=\"img-responsive type:primaryImage\"\/>Imagem: Gulnazya_art | Shutterstock<\/p>\n<p>Neste domingo, emo\u00e7\u00f5es intensas surgir\u00e3o nos romances e nos momentos criativos, exigindo equil\u00edbrio entre o prazer e a necessidade de seguran\u00e7a emocional. Ser\u00e1 um dia marcado por transforma\u00e7\u00f5es profundas nos desejos, em que voc\u00ea poder\u00e1 lidar com <strong>ci\u00fames<\/strong>, car\u00eancias ou jogos emocionais de forma consciente e madura.<\/p>\n<p><strong>Le\u00e3o<\/strong><br \/>\nOs nativos de Le\u00e3o dever\u00e3o aproveitar as influ\u00eancias do dia para transformar padr\u00f5es afetivos, restaurar a harmonia e fortalecer as bases internas <img decoding=\"async\" src=\"https:\/\/www.europesays.com\/pt\/wp-content\/uploads\/2026\/01\/5leao-9-1024x683.jpg\" class=\"img-responsive type:primaryImage\"\/>Imagem: Gulnazya_art | Shutterstock<\/p>\n<p>Emo\u00e7\u00f5es profundas envolvendo a fam\u00edlia, o lar e a seguran\u00e7a emocional vir\u00e3o \u00e0 tona, exigindo equil\u00edbrio e maturidade para lidar com antigas tens\u00f5es e mem\u00f3rias sens\u00edveis. Aproveite as influ\u00eancias do dia para transformar padr\u00f5es afetivos, restaurar a harmonia e fortalecer as bases internas por meio de acordos justos. Tamb\u00e9m ser\u00e1 importante evitar disputas de poder.<\/p>\n<p><strong>Virgem<\/strong><br \/>\nAo longo deste domingo, as finan\u00e7as e os relacionamentos dos nativos de Virgem poder\u00e3o se misturar <img decoding=\"async\" src=\"https:\/\/www.europesays.com\/pt\/wp-content\/uploads\/2026\/01\/6virgem-10-1024x683.jpg\" class=\"img-responsive type:primaryImage\"\/>Imagem: Gulnazya_art | Shutterstock<\/p>\n<p>Voc\u00ea buscar\u00e1 seguran\u00e7a material neste domingo. Contudo, ser\u00e1 necess\u00e1rio manter o equil\u00edbrio emocional diante de desejos intensos e mudan\u00e7as internas. Ainda hoje, as rela\u00e7\u00f5es afetivas e as<strong> finan\u00e7as<\/strong> poder\u00e3o se misturar, trazendo a necessidade de negociar, evitar excessos e reconhecer o pr\u00f3prio valor.<\/p>\n<p><strong>Libra<\/strong><br \/>\nA tend\u00eancia ser\u00e1 que os nativos de Libra dediquem mais aten\u00e7\u00e3o \u00e0s finan\u00e7as e aos valores pessoais <img decoding=\"async\" src=\"https:\/\/www.europesays.com\/pt\/wp-content\/uploads\/2026\/01\/7libra-10-1024x683.jpg\" class=\"img-responsive type:primaryImage\"\/>Imagem: Gulnazya_art | Shutterstock<\/p>\n<p>Voc\u00ea tender\u00e1 a dedicar mais aten\u00e7\u00e3o \u00e0s finan\u00e7as e aos valores pessoais a fim de encontrar seguran\u00e7a nesses setores. Entretanto, poder\u00e1 enfrentar desafios financeiros e relacionados \u00e0 autoestima, o que exigir\u00e1 desapego, coragem e consci\u00eancia. Al\u00e9m disso, ser\u00e1 preciso equil\u00edbrio ao lidar com escolhas e necessidades profundas.<\/p>\n<p><strong>Escorpi\u00e3o<\/strong><br \/>\nOs nativos de Escorpi\u00e3o se deparar\u00e3o com sentimentos intensos no setor afetivo <img decoding=\"async\" src=\"https:\/\/www.europesays.com\/pt\/wp-content\/uploads\/2026\/01\/8escorpiao-7-1024x683.jpg\" class=\"img-responsive type:primaryImage\"\/>Imagem: Gulnazya_art | Shutterstock<\/p>\n<p>Devido \u00e0s emo\u00e7\u00f5es intensas e press\u00f5es internas, voc\u00ea sentir\u00e1 a necessidade de se posicionar e redefinir a sua imagem, buscando o equil\u00edbrio na vida. Ademais, rela\u00e7\u00f5es pr\u00f3ximas poder\u00e3o ativar<strong> sentimentos intensos<\/strong>, o que exigir\u00e1 autocontrole, cautela e honestidade para evitar disputas silenciosas ou expectativas exageradas.<\/p>\n<p><strong>Sagit\u00e1rio<\/strong><br \/>\nOs nativos de Sagit\u00e1rio dever\u00e3o descansar e encontrar equil\u00edbrio antes de agir ou decidir algo importante <img decoding=\"async\" src=\"https:\/\/www.europesays.com\/pt\/wp-content\/uploads\/2026\/01\/9sagitario-4-1024x683.jpg\" class=\"img-responsive type:primaryImage\"\/>Imagem: Gulnazya_art | Shutterstock<\/p>\n<p>Voc\u00ea estar\u00e1 mais introspectivo(a), com emo\u00e7\u00f5es sutis emergindo do inconsciente. Al\u00e9m disso, antigos padr\u00f5es emocionais e medos ocultos poder\u00e3o aflorar. Diante desses cen\u00e1rios, ser\u00e1 necess\u00e1rio descanso e equil\u00edbrio antes de agir ou decidir algo importante. Tamb\u00e9m dever\u00e1 ser honesto(a) consigo, respeitar o seu tempo interno e se fortalecer espiritualmente.<\/p>\n<p><strong>Capric\u00f3rnio<\/strong><br \/>\nOs nativos de Capric\u00f3rnio dedicar\u00e3o bastante aten\u00e7\u00e3o \u00e0s amizades, grupos e projetos coletivos <img decoding=\"async\" src=\"https:\/\/www.europesays.com\/pt\/wp-content\/uploads\/2026\/01\/10capricornio-7-1024x683.jpg\" class=\"img-responsive type:primaryImage\"\/>Imagem: Gulnazya_art | Shutterstock<\/p>\n<p>Voc\u00ea dedicar\u00e1 mais aten\u00e7\u00e3o \u00e0s<strong> amizades<\/strong>, grupos e projetos coletivos. No entanto, expectativas em excesso poder\u00e3o levar a conflitos e transforma\u00e7\u00f5es profundas nas rela\u00e7\u00f5es. Logo, tome cuidado ao lidar com din\u00e2micas de poder e influ\u00eancia social. Ademais, tenha paci\u00eancia e discernimento para proteger os seus interesses.<\/p>\n<p><strong>Aqu\u00e1rio<\/strong><br \/>\nA mente e as emo\u00e7\u00f5es dos nativos de Aqu\u00e1rio estar\u00e3o voltadas para novos aprendizados e expans\u00e3o dos horizontes <img decoding=\"async\" src=\"https:\/\/www.europesays.com\/pt\/wp-content\/uploads\/2026\/01\/11aquario-8-1024x683.jpg\" class=\"img-responsive type:primaryImage\"\/>Imagem: Gulnazya_art | Shutterstock<\/p>\n<p>O dia tender\u00e1 a ser intenso, com a mente e as emo\u00e7\u00f5es voltadas para novos aprendizados ou expans\u00e3o dos horizontes. Ao mesmo tempo, desafios internos poder\u00e3o surgir, exigindo cuidado com as decis\u00f5es impulsivas. Ademais, algumas ideias possivelmente gerar\u00e3o questionamentos profundos. Por isso, ser\u00e1 importante refletir e se abrir para novas perspectivas.<\/p>\n<p><strong>Peixes<\/strong><br \/>\nPara fortalecer os relacionamentos, ser\u00e1 preciso que os nativos de Peixes enfrentem os medos e liberem padr\u00f5es antigos <img decoding=\"async\" src=\"https:\/\/www.europesays.com\/pt\/wp-content\/uploads\/2026\/01\/12peixes-12-1024x683.jpg\" class=\"img-responsive type:primaryImage\"\/>Imagem: Gulnazya_art | Shutterstock<\/p>\n<p>O domingo ser\u00e1 marcado por transforma\u00e7\u00f5es pessoais e emo\u00e7\u00f5es intensas ligadas \u00e0 intimidade. Nesse cen\u00e1rio, poder\u00e3o surgir tens\u00f5es nas finan\u00e7as conjuntas ou nos v\u00ednculos afetivos. Invista na cautela, no equil\u00edbrio emocional e na reflex\u00e3o para lidar com os desafios sem se sobrecarregar. Procure tamb\u00e9m <strong>enfrentar medos <\/strong>e liberar padr\u00f5es antigos para fortalecer os relacionamentos.<\/p>\n","protected":false},"excerpt":{"rendered":"As energias deste domingo promover\u00e3o transforma\u00e7\u00f5es, ajustes e revis\u00f5es em diferentes \u00e1reas da vida Imagem: ARTDAWN | Shutterstock&hellip;\n","protected":false},"author":2,"featured_media":224783,"comment_status":"","ping_status":"","sticky":false,"template":"","format":"standard","meta":{"footnotes":""},"categories":[141],"tags":[114,115,149,150,32,33],"class_list":{"0":"post-224782","1":"post","2":"type-post","3":"status-publish","4":"format-standard","5":"has-post-thumbnail","7":"category-musica","8":"tag-entertainment","9":"tag-entretenimento","10":"tag-music","11":"tag-musica","12":"tag-portugal","13":"tag-pt"},"share_on_mastodon":{"url":"https:\/\/pubeurope.com\/@pt\/115876965103871063","error":""},"_links":{"self":[{"href":"https:\/\/www.europesays.com\/pt\/wp-json\/wp\/v2\/posts\/224782","targetHints":{"allow":["GET"]}}],"collection":[{"href":"https:\/\/www.europesays.com\/pt\/wp-json\/wp\/v2\/posts"}],"about":[{"href":"https:\/\/www.europesays.com\/pt\/wp-json\/wp\/v2\/types\/post"}],"author":[{"embeddable":true,"href":"https:\/\/www.europesays.com\/pt\/wp-json\/wp\/v2\/users\/2"}],"replies":[{"embeddable":true,"href":"https:\/\/www.europesays.com\/pt\/wp-json\/wp\/v2\/comments?post=224782"}],"version-history":[{"count":0,"href":"https:\/\/www.europesays.com\/pt\/wp-json\/wp\/v2\/posts\/224782\/revisions"}],"wp:featuredmedia":[{"embeddable":true,"href":"https:\/\/www.europesays.com\/pt\/wp-json\/wp\/v2\/media\/224783"}],"wp:attachment":[{"href":"https:\/\/www.europesays.com\/pt\/wp-json\/wp\/v2\/media?parent=224782"}],"wp:term":[{"taxonomy":"category","embeddable":true,"href":"https:\/\/www.europesays.com\/pt\/wp-json\/wp\/v2\/categories?post=224782"},{"taxonomy":"post_tag","embeddable":true,"href":"https:\/\/www.europesays.com\/pt\/wp-json\/wp\/v2\/tags?post=224782"}],"curies":[{"name":"wp","href":"https:\/\/api.w.org\/{rel}","templated":true}]}}