{"id":224784,"date":"2026-01-11T14:36:08","date_gmt":"2026-01-11T14:36:08","guid":{"rendered":"https:\/\/www.europesays.com\/pt\/224784\/"},"modified":"2026-01-11T14:36:08","modified_gmt":"2026-01-11T14:36:08","slug":"goncalo-ramos-merece-jogar-mais-eu-sei","status":"publish","type":"post","link":"https:\/\/www.europesays.com\/pt\/224784\/","title":{"rendered":"\u00abGon\u00e7alo Ramos merece jogar mais, eu sei&#8230;\u00bb"},"content":{"rendered":"<p>Lan\u00e7ado ao minuto 89 na final da Superta\u00e7a de <a class=\"autolink-enabled\" data-resource-id=\"2434\" data-resource-type=\"team\" data-sport=\"football\" href=\"https:\/\/www.abola.pt\/futebol\/franca-2434\" rel=\"nofollow noopener\" target=\"_blank\">Fran\u00e7a<\/a>, <a class=\"autolink-enabled\" data-resource-id=\"194315\" data-resource-type=\"player\" data-sport=\"football\" href=\"https:\/\/www.abola.pt\/futebol\/jogador\/goncalo-ramos-194315\" rel=\"nofollow noopener\" target=\"_blank\">Gon\u00e7alo Ramos<\/a> entrou bem a tempo de ser decisivo. O ponta de lan\u00e7a portugu\u00eas marcou, aos 90&#8217;+5&#8242;, o golo (2-2) que levou a partida entre <a class=\"autolink-enabled\" data-resource-id=\"295\" data-resource-type=\"team\" data-sport=\"football\" href=\"https:\/\/www.abola.pt\/futebol\/psg-295\" rel=\"nofollow noopener\" target=\"_blank\">PSG<\/a> e <a class=\"autolink-enabled\" data-resource-id=\"289\" data-resource-type=\"team\" data-sport=\"football\" href=\"https:\/\/www.abola.pt\/futebol\/marselha-289\" rel=\"nofollow noopener\" target=\"_blank\">Marselha<\/a> para o desempate por grandes penalidades, em que os parisienses levaram a melhor.<\/p>\n<p>Com 10 golos na conta pessoal de 2025\/26, o internacional luso \u00e9 mesmo o melhor marcador da equipa orientada por Luis Enrique, apesar de n\u00e3o ser um dos jogadores mais utilizados do plantel. Longe disso, ali\u00e1s: surge no 16.\u00ba posto do ranking de minutos do <a class=\"autolink-enabled\" data-resource-id=\"295\" data-resource-type=\"team\" data-sport=\"football\" href=\"https:\/\/www.abola.pt\/futebol\/psg-295\" rel=\"nofollow noopener\" target=\"_blank\">PSG<\/a>, com 1065&#8242; jogados.<\/p>\n<p>Os n\u00fameros, por\u00e9m, n\u00e3o mentem e at\u00e9 o treinador espanhol teve de se render \u00e0s evid\u00eancias, falando sobre a situa\u00e7\u00e3o de <a class=\"autolink-enabled\" data-resource-id=\"194315\" data-resource-type=\"player\" data-sport=\"football\" href=\"https:\/\/www.abola.pt\/futebol\/jogador\/goncalo-ramos-194315\" rel=\"nofollow noopener\" target=\"_blank\">Ramos<\/a> na confer\u00eancia de Imprensa de antevis\u00e3o do d\u00e9rbi com o <a class=\"autolink-enabled\" data-resource-id=\"812\" data-resource-type=\"team\" data-sport=\"football\" href=\"https:\/\/www.abola.pt\/futebol\/paris-fc-812\" rel=\"nofollow noopener\" target=\"_blank\">Paris FC<\/a>, marcado para esta segunda-feira e referente aos 16 avos de final da Ta\u00e7a de Fran\u00e7a.<\/p>\n<p>\u00abQuando assinas contrato com um grande clube como o <a class=\"autolink-enabled\" data-resource-id=\"295\" data-resource-type=\"team\" data-sport=\"football\" href=\"https:\/\/www.abola.pt\/futebol\/psg-295\" rel=\"nofollow noopener\" target=\"_blank\">PSG<\/a>, n\u00e3o sabes quantos minutos vais jogar. Quando assinas, a tua responsabilidade \u00e9 estar pronto para ajudar a equipa e \u00e9 isso que o <a class=\"autolink-enabled\" data-resource-id=\"194315\" data-resource-type=\"player\" data-sport=\"football\" href=\"https:\/\/www.abola.pt\/futebol\/jogador\/goncalo-ramos-194315\" rel=\"nofollow noopener\" target=\"_blank\">Gon\u00e7alo<\/a> e muitos outros jogadores fazem. Ele \u00e9 um grande exemplo de profissionalismo, est\u00e1 sempre a postos\u00bb, come\u00e7ou por elogiar Luis Enrique.<\/p>\n<p>\u00abTenho a certeza de que ele quer jogar muito mais tempo, mas o <a target=\"_blank\" class=\"editor-link autolink-enabled\" href=\"https:\/\/www.abola.pt\/futebol\/jogador\/goncalo-ramos-194315\" data-resource-id=\"194315\" data-resource-type=\"player\" data-sport=\"football\" rel=\"nofollow noopener\">Gon\u00e7alo<\/a> incorpora aquilo que um jogador do <a target=\"_blank\" class=\"editor-link autolink-enabled\" href=\"https:\/\/www.abola.pt\/futebol\/psg-295\" data-resource-id=\"295\" data-resource-type=\"team\" data-sport=\"football\" rel=\"nofollow noopener\">PSG<\/a> tem de fazer. Ele merece jogar mais, eu sei, mas tamb\u00e9m tenho de dizer que estou muito feliz por termos um jogador como ele. \u00c9 o nosso melhor marcador, com n\u00fameros incr\u00edveis\u00bb, acrescentou o t\u00e9cnico do campe\u00e3o gaul\u00eas. Palavras que deixam antever a eventual titularidade do artilheiro no encontro desta segunda-feira&#8230;<\/p>\n","protected":false},"excerpt":{"rendered":"Lan\u00e7ado ao minuto 89 na final da Superta\u00e7a de Fran\u00e7a, Gon\u00e7alo Ramos entrou bem a tempo de ser&hellip;\n","protected":false},"author":2,"featured_media":224785,"comment_status":"","ping_status":"","sticky":false,"template":"","format":"standard","meta":{"footnotes":""},"categories":[87],"tags":[135,32,33,134],"class_list":{"0":"post-224784","1":"post","2":"type-post","3":"status-publish","4":"format-standard","5":"has-post-thumbnail","7":"category-desporto","8":"tag-desporto","9":"tag-portugal","10":"tag-pt","11":"tag-sports"},"share_on_mastodon":{"url":"https:\/\/pubeurope.com\/@pt\/115876972712900482","error":""},"_links":{"self":[{"href":"https:\/\/www.europesays.com\/pt\/wp-json\/wp\/v2\/posts\/224784","targetHints":{"allow":["GET"]}}],"collection":[{"href":"https:\/\/www.europesays.com\/pt\/wp-json\/wp\/v2\/posts"}],"about":[{"href":"https:\/\/www.europesays.com\/pt\/wp-json\/wp\/v2\/types\/post"}],"author":[{"embeddable":true,"href":"https:\/\/www.europesays.com\/pt\/wp-json\/wp\/v2\/users\/2"}],"replies":[{"embeddable":true,"href":"https:\/\/www.europesays.com\/pt\/wp-json\/wp\/v2\/comments?post=224784"}],"version-history":[{"count":0,"href":"https:\/\/www.europesays.com\/pt\/wp-json\/wp\/v2\/posts\/224784\/revisions"}],"wp:featuredmedia":[{"embeddable":true,"href":"https:\/\/www.europesays.com\/pt\/wp-json\/wp\/v2\/media\/224785"}],"wp:attachment":[{"href":"https:\/\/www.europesays.com\/pt\/wp-json\/wp\/v2\/media?parent=224784"}],"wp:term":[{"taxonomy":"category","embeddable":true,"href":"https:\/\/www.europesays.com\/pt\/wp-json\/wp\/v2\/categories?post=224784"},{"taxonomy":"post_tag","embeddable":true,"href":"https:\/\/www.europesays.com\/pt\/wp-json\/wp\/v2\/tags?post=224784"}],"curies":[{"name":"wp","href":"https:\/\/api.w.org\/{rel}","templated":true}]}}