{"id":224806,"date":"2026-01-11T15:10:31","date_gmt":"2026-01-11T15:10:31","guid":{"rendered":"https:\/\/www.europesays.com\/pt\/224806\/"},"modified":"2026-01-11T15:10:31","modified_gmt":"2026-01-11T15:10:31","slug":"mendes-inspira-se-em-mitterrand-para-afastar-desnorte-observador","status":"publish","type":"post","link":"https:\/\/www.europesays.com\/pt\/224806\/","title":{"rendered":"Mendes inspira-se em Mitterrand para afastar desnorte \u2013 Observador"},"content":{"rendered":"<p>Primeiro, os ataques violentos do almirante. Depois, as sondagens di\u00e1rias que apontam para uma queda inesperada. Por fim, a sucess\u00e3o de casos sobre o socorro do INEM, que puseram o Governo debaixo de fogo. As not\u00edcias que \u201ctentam desanimar\u201d a sua campanha e <strong>atingem<\/strong> o Governo e a coliga\u00e7\u00e3o que o apoiam n\u00e3o t\u00eam ajudado \u00e0 defini\u00e7\u00e3o da estrat\u00e9gia de Lu\u00eds Marques Mendes, que se viu obrigado a fazer ajustes e a <strong>corrigir<\/strong> o discurso em v\u00e1rias frentes. A semana foi passada a tentar encontrar o tom certo para mobilizar o eleitorado da AD, sendo preciso, em simult\u00e2neo, garantir que n\u00e3o ser\u00e1 apenas o Presidente \u201camigo\u201d do Governo.<\/p>\n<p>A campanha vai <strong>desvalorizando<\/strong> os resultados da tracking poll da CNN\/TVI, que coloca Mendes em quinto lugar, atr\u00e1s de Jo\u00e3o Cotrim Figueiredo, lembrando o desfasamento entre as previs\u00f5es que o mesmo estudo fez nas elei\u00e7\u00f5es legislativas de 2022 e a surpreendente maioria absoluta de Ant\u00f3nio Costa. Mas qualquer sondagem negativa tem, naturalmente, um impacto <strong>an\u00edmico<\/strong> \u2014 al\u00e9m de obrigar a ajustes no discurso, seja para apontar ao liberal, agora seu maior advers\u00e1rio na passagem \u00e0 segunda volta, seja para se referir com equil\u00edbrio ao Governo, desmentindo a ideia de estar completamente <strong>\u201ccolado\u201d<\/strong> a Lu\u00eds Montenegro.<\/p>\n<p>Na campanha assume-se que a ideia \u00e9 <strong>afinar<\/strong> o discurso para destacar as reformas concretas que o candidato \u00e0 Presid\u00eancia quer defender, devolvendo-lhe um tom presidencial, <strong>\u201cmoderado\u201d<\/strong> e sem se confundir com quem quer discutir o \u201cacess\u00f3rio\u201d. O que pode representar uma tentativa de corrigir o tiro, depois de nos \u00faltimos dias Mendes ter aparecido nas televis\u00f5es em <strong>trocas de acusa\u00e7\u00f5es<\/strong> duras com os principais rivais, que o foram acusando de estar colado ao Governo (Ventura e Gouveia e Melo) ou de nem sequer ser o candidato que mais favorece o Executivo de Lu\u00eds Montegro (Cotrim).<\/p>\n<p>O discurso em rela\u00e7\u00e3o ao liberal \u00e9 o que tem sofrido mais altera\u00e7\u00f5es: como <a href=\"https:\/\/observador.pt\/especiais\/luta-presidencial-a-direita-cotrim-quer-seduzir-metade-do-psd-mendes-encosta-o-ao-estilo-do-chega\/\" rel=\"nofollow noopener\" target=\"_blank\">o Observador escrevia<\/a>, a campanha come\u00e7ou convicta de que Cotrim, pelo estilo e tom do discurso que estava a adotar, competiria sobretudo na pista de <strong>Andr\u00e9 Ventura<\/strong>; com o liberal a crescer nas sondagens, a equipa come\u00e7ou por acreditar que conviria evitar ataques diretos, focando-se em argumentos que mobilizassem o eleitorado da AD pela positiva; mas acabou mesmo por entrar em confronto direto, com Mendes a classificar como <strong>\u201crid\u00edcula\u201d<\/strong> a ideia de Cotrim, em plena luta pelo eleitorado da AD, ter enviado uma carta a Montenegro.<\/p>\n<p>Foi no sexto dia de campanha eleitoral, o terceiro consecutivo em que aparecia atr\u00e1s de Cotrim, que Lu\u00eds Marques Mendes cal\u00e7ou as luvas de boxe. Literalmente. Num centro de dia em Cascais, o candidato juntou-se a uma pr\u00e1tica de boxe dos idosos e fez as del\u00edcias dos fotojornalistas e das c\u00e2maras de televis\u00e3o, trocando uns socos amig\u00e1veis com o autarca Nuno Piteira Lopes. \u00c0 sa\u00edda, tentaria deixar Cotrim Figueiredo em KO, acusando o rival de ser um \u201c<strong>catavento\u201d<\/strong>.<\/p>\n<p>N\u00e3o lhe correu particularmente bem. Na resposta, Cotrim recordou que o mesmo Mendes tinha chamado catavento a Pedro Passos Coelho, por quem toda a gente \u00e0 direita suspira nesta campanha. Horas depois, j\u00e1 \u00e0 noite, Mendes voltou a guardar as luvas de boxe e tentou focar a estrat\u00e9gia: esquecer a trica pol\u00edtica e inspirar-se em <strong>Fran\u00e7ois Mitterrand<\/strong> para prometer uma lideran\u00e7a \u201ctranquila\u201d.<\/p>\n","protected":false},"excerpt":{"rendered":"Primeiro, os ataques violentos do almirante. Depois, as sondagens di\u00e1rias que apontam para uma queda inesperada. Por fim,&hellip;\n","protected":false},"author":2,"featured_media":224807,"comment_status":"","ping_status":"","sticky":false,"template":"","format":"standard","meta":{"footnotes":""},"categories":[10],"tags":[27,28,1077,15,16,14,25,26,21,22,12,13,19,20,302,32,1076,23,24,33,17,18,29,30,31],"class_list":{"0":"post-224806","1":"post","2":"type-post","3":"status-publish","4":"format-standard","5":"has-post-thumbnail","7":"category-portugal","8":"tag-breaking-news","9":"tag-breakingnews","10":"tag-eleiu00e7u00f5es","11":"tag-featured-news","12":"tag-featurednews","13":"tag-headlines","14":"tag-latest-news","15":"tag-latestnews","16":"tag-main-news","17":"tag-mainnews","18":"tag-news","19":"tag-noticias","20":"tag-noticias-principais","21":"tag-noticiasprincipais","22":"tag-polu00edtica","23":"tag-portugal","24":"tag-presidenciais-2026","25":"tag-principais-noticias","26":"tag-principaisnoticias","27":"tag-pt","28":"tag-top-stories","29":"tag-topstories","30":"tag-ultimas","31":"tag-ultimas-noticias","32":"tag-ultimasnoticias"},"share_on_mastodon":{"url":"https:\/\/pubeurope.com\/@pt\/115877106524366978","error":""},"_links":{"self":[{"href":"https:\/\/www.europesays.com\/pt\/wp-json\/wp\/v2\/posts\/224806","targetHints":{"allow":["GET"]}}],"collection":[{"href":"https:\/\/www.europesays.com\/pt\/wp-json\/wp\/v2\/posts"}],"about":[{"href":"https:\/\/www.europesays.com\/pt\/wp-json\/wp\/v2\/types\/post"}],"author":[{"embeddable":true,"href":"https:\/\/www.europesays.com\/pt\/wp-json\/wp\/v2\/users\/2"}],"replies":[{"embeddable":true,"href":"https:\/\/www.europesays.com\/pt\/wp-json\/wp\/v2\/comments?post=224806"}],"version-history":[{"count":0,"href":"https:\/\/www.europesays.com\/pt\/wp-json\/wp\/v2\/posts\/224806\/revisions"}],"wp:featuredmedia":[{"embeddable":true,"href":"https:\/\/www.europesays.com\/pt\/wp-json\/wp\/v2\/media\/224807"}],"wp:attachment":[{"href":"https:\/\/www.europesays.com\/pt\/wp-json\/wp\/v2\/media?parent=224806"}],"wp:term":[{"taxonomy":"category","embeddable":true,"href":"https:\/\/www.europesays.com\/pt\/wp-json\/wp\/v2\/categories?post=224806"},{"taxonomy":"post_tag","embeddable":true,"href":"https:\/\/www.europesays.com\/pt\/wp-json\/wp\/v2\/tags?post=224806"}],"curies":[{"name":"wp","href":"https:\/\/api.w.org\/{rel}","templated":true}]}}