{"id":224833,"date":"2026-01-11T15:43:07","date_gmt":"2026-01-11T15:43:07","guid":{"rendered":"https:\/\/www.europesays.com\/pt\/224833\/"},"modified":"2026-01-11T15:43:07","modified_gmt":"2026-01-11T15:43:07","slug":"tadeu-schmidt-da-bronca-em-candidato-que-pensa-em-desistir","status":"publish","type":"post","link":"https:\/\/www.europesays.com\/pt\/224833\/","title":{"rendered":"Tadeu Schmidt d\u00e1 bronca em candidato que pensa em desistir"},"content":{"rendered":"<p class=\"bullet mt-0\" data-v-232111b4=\"\">Tadeu Schmidt conversou ao vivo com a casa de vidro do sudeste e repreendeu Marcel, <a href=\"https:\/\/www.uol.com.br\/splash\/noticias\/2026\/01\/11\/bbb-26-marcel-pensa-em-desistir-de-casa-de-vidro-ja-ta-decidido.htm\" rel=\"nofollow noopener\" target=\"_blank\">que pensou em desistir do processo de vota\u00e7\u00e3o<\/a> para o BBB 26 (Globo).<\/p>\n<p>O que aconteceu<\/p>\n<p class=\"bullet\" data-v-232111b4=\"\"><strong>No Esporte Espetacular, Tadeu conversou ao vivo com a casa e questionou o candidato. <\/strong>&#8220;Recebi a informa\u00e7\u00e3o agora h\u00e1 pouco, Marcel, de que voc\u00ea queria desistir da casa de vidro. Preciso confirmar agora: voc\u00ea est\u00e1 desistindo do jogo ou n\u00e3o?&#8221; <\/p>\n<p class=\"bullet\" data-v-232111b4=\"\"><strong>Marcel pediu desculpas e afirmou querer seguir. no jogo.<\/strong> &#8220;Eu pe\u00e7o desculpas. Foi um momento de instabilidade, porque com 3 noites sem dormir, dormindo pouco&#8230; mas eu n\u00e3o desisto. O apoio que recebi da minha torcida est\u00e1 muito grande e continuo por mim e por eles!&#8221; <\/p>\n","protected":false},"excerpt":{"rendered":"Tadeu Schmidt conversou ao vivo com a casa de vidro do sudeste e repreendeu Marcel, que pensou em&hellip;\n","protected":false},"author":2,"featured_media":224834,"comment_status":"","ping_status":"","sticky":false,"template":"","format":"standard","meta":{"footnotes":""},"categories":[142],"tags":[114,115,32,33,151],"class_list":{"0":"post-224833","1":"post","2":"type-post","3":"status-publish","4":"format-standard","5":"has-post-thumbnail","7":"category-tv","8":"tag-entertainment","9":"tag-entretenimento","10":"tag-portugal","11":"tag-pt","12":"tag-tv"},"share_on_mastodon":{"url":"https:\/\/pubeurope.com\/@pt\/115877236074801783","error":""},"_links":{"self":[{"href":"https:\/\/www.europesays.com\/pt\/wp-json\/wp\/v2\/posts\/224833","targetHints":{"allow":["GET"]}}],"collection":[{"href":"https:\/\/www.europesays.com\/pt\/wp-json\/wp\/v2\/posts"}],"about":[{"href":"https:\/\/www.europesays.com\/pt\/wp-json\/wp\/v2\/types\/post"}],"author":[{"embeddable":true,"href":"https:\/\/www.europesays.com\/pt\/wp-json\/wp\/v2\/users\/2"}],"replies":[{"embeddable":true,"href":"https:\/\/www.europesays.com\/pt\/wp-json\/wp\/v2\/comments?post=224833"}],"version-history":[{"count":0,"href":"https:\/\/www.europesays.com\/pt\/wp-json\/wp\/v2\/posts\/224833\/revisions"}],"wp:featuredmedia":[{"embeddable":true,"href":"https:\/\/www.europesays.com\/pt\/wp-json\/wp\/v2\/media\/224834"}],"wp:attachment":[{"href":"https:\/\/www.europesays.com\/pt\/wp-json\/wp\/v2\/media?parent=224833"}],"wp:term":[{"taxonomy":"category","embeddable":true,"href":"https:\/\/www.europesays.com\/pt\/wp-json\/wp\/v2\/categories?post=224833"},{"taxonomy":"post_tag","embeddable":true,"href":"https:\/\/www.europesays.com\/pt\/wp-json\/wp\/v2\/tags?post=224833"}],"curies":[{"name":"wp","href":"https:\/\/api.w.org\/{rel}","templated":true}]}}