{"id":224900,"date":"2026-01-11T17:06:08","date_gmt":"2026-01-11T17:06:08","guid":{"rendered":"https:\/\/www.europesays.com\/pt\/224900\/"},"modified":"2026-01-11T17:06:08","modified_gmt":"2026-01-11T17:06:08","slug":"trump-exorta-cuba-a-aceitar-acordo-antes-que-seja-tarde-observador","status":"publish","type":"post","link":"https:\/\/www.europesays.com\/pt\/224900\/","title":{"rendered":"Trump exorta Cuba a aceitar &#8220;acordo, antes que seja tarde&#8221; \u2013 Observador"},"content":{"rendered":"<p>O Presidente dos Estados Unidos exortou este domingo Cuba a \u201caceitar um acordo, antes que seja tarde demais\u201d e o pa\u00eds fique sem petr\u00f3leo e dinheiro venezuelanos. \u201cN\u00e3o haver\u00e1 mais petr\u00f3leo ou dinheiro para Cuba \u2014 zero!\u201d, escreveu Donald Trump na sua rede social Truth Social. Numa outra publica\u00e7\u00e3o, Trump sugeriu que concorda com a ideia de que o Secret\u00e1rio de Estado Marco Rubio \u2014 que tem ra\u00edzes cubanas \u2014 possa vir a governar o pa\u00eds.<\/p>\n<p>\u201c<strong>Sugiro fortemente que aceitem um acordo, antes que seja tarde demais<\/strong>\u201c, acrescentou. Os Estados Unidos lan\u00e7aram h\u00e1 uma semana uma opera\u00e7\u00e3o em Caracas para capturar o Presidente da Venezuela, Nicol\u00e1s Maduro, e anunciaram que pretendem administrar o pa\u00eds e o petr\u00f3leo.<\/p>\n<p>        <img src=\"https:\/\/www.europesays.com\/pt\/wp-content\/uploads\/2026\/01\/captura-de-ecra-2026-01-11-as-150236.png\" alt=\"\" loading=\"lazy\" decoding=\"async\" class=\"alignnone\" onload=\"this.parentElement.classList.remove('spinner')\" onerror=\"this.parentElement.classList.remove('spinner')\" width=\"593\" height=\"465\"\/>    <\/p>\n<p>Acusados de tr\u00e1fico de droga, Maduro e a mulher, Cilia Flores, que se declararam inocentes perante a justi\u00e7a norte-americana, em Nova Iorque, encontram-se detidos nos Estados Unidos. Na sequ\u00eancia da captura de Maduro, a antiga vice-presidente Delcy Rodriguez foi nomeada Presidente interina.<\/p>\n<p>No s\u00e1bado, Trump decretou<strong> \u201cemerg\u00eancia nacional\u201d para proteger as receitas das vendas de petr\u00f3leo da Venezuela<\/strong> nas contas do Tesouro norte-americano, impedindo que os credores da d\u00edvida externa venezuelana reclamem os fundos. A Casa Branca afirmou, num comunicado, que aquele decreto \u201cvai impedir a apreens\u00e3o das receitas do petr\u00f3leo venezuelano que podiam comprometer os esfor\u00e7os cr\u00edticos dos EUA para garantir a estabilidade pol\u00edtica e econ\u00f3mica da Venezuela\u201d.<\/p>\n<p>A ordem \u201cbloqueia qualquer embargo, julgamento, decreto, direito de reten\u00e7\u00e3o, execu\u00e7\u00e3o ou qualquer outro processo judicial contra\u201d fundos que estejam em contas do governo dos Estados Unidos derivados das vendas de petr\u00f3leo venezuelano e \u201cpro\u00edbe transfer\u00eancias ou negocia\u00e7\u00f5es\u201d desses recursos.<\/p>\n<p>        <img src=\"https:\/\/www.europesays.com\/pt\/wp-content\/uploads\/2026\/01\/captura-de-ecra-2026-01-11-as-150128.png\" alt=\"\" loading=\"lazy\" decoding=\"async\" class=\"alignnone\" onload=\"this.parentElement.classList.remove('spinner')\" onerror=\"this.parentElement.classList.remove('spinner')\" width=\"576\" height=\"420\"\/>    <\/p>\n<p>A Venezuela possui as maiores reservas comprovadas de petr\u00f3leo bruto do mundo, com mais de 300 mil milh\u00f5es de barris, de acordo com a Organiza\u00e7\u00e3o dos Pa\u00edses Exportadores de Petr\u00f3leo (OPEP), \u00e0 frente da Ar\u00e1bia Saudita (267 mil milh\u00f5es) e do Ir\u00e3o.<\/p>\n<p>Ainda na Truth Social, Trump partilhou uma publica\u00e7\u00e3o em que um utilizador escreve que \u201cMarco Rubio ser\u00e1 presidente de Cuba\u201d. Em resposta, o Presidente dos EUA escreveu \u201cparece-me bem\u201d.<\/p>\n","protected":false},"excerpt":{"rendered":"O Presidente dos Estados Unidos exortou este domingo Cuba a \u201caceitar um acordo, antes que seja tarde demais\u201d&hellip;\n","protected":false},"author":2,"featured_media":224901,"comment_status":"","ping_status":"","sticky":false,"template":"","format":"standard","meta":{"footnotes":""},"categories":[50],"tags":[624,27,28,2535,92,476,2270,623,15,16,14,25,26,21,22,62,12,13,19,20,7152,23,24,17,18,29,30,31,63,64,65],"class_list":{"0":"post-224900","1":"post","2":"type-post","3":"status-publish","4":"format-standard","5":"has-post-thumbnail","7":"category-mundo","8":"tag-amu00e9rica","9":"tag-breaking-news","10":"tag-breakingnews","11":"tag-cuba","12":"tag-donald-trump","13":"tag-economia","14":"tag-energia","15":"tag-estados-unidos-da-amu00e9rica","16":"tag-featured-news","17":"tag-featurednews","18":"tag-headlines","19":"tag-latest-news","20":"tag-latestnews","21":"tag-main-news","22":"tag-mainnews","23":"tag-mundo","24":"tag-news","25":"tag-noticias","26":"tag-noticias-principais","27":"tag-noticiasprincipais","28":"tag-petru00f3leo","29":"tag-principais-noticias","30":"tag-principaisnoticias","31":"tag-top-stories","32":"tag-topstories","33":"tag-ultimas","34":"tag-ultimas-noticias","35":"tag-ultimasnoticias","36":"tag-world","37":"tag-world-news","38":"tag-worldnews"},"share_on_mastodon":{"url":"https:\/\/pubeurope.com\/@pt\/115877562553232799","error":""},"_links":{"self":[{"href":"https:\/\/www.europesays.com\/pt\/wp-json\/wp\/v2\/posts\/224900","targetHints":{"allow":["GET"]}}],"collection":[{"href":"https:\/\/www.europesays.com\/pt\/wp-json\/wp\/v2\/posts"}],"about":[{"href":"https:\/\/www.europesays.com\/pt\/wp-json\/wp\/v2\/types\/post"}],"author":[{"embeddable":true,"href":"https:\/\/www.europesays.com\/pt\/wp-json\/wp\/v2\/users\/2"}],"replies":[{"embeddable":true,"href":"https:\/\/www.europesays.com\/pt\/wp-json\/wp\/v2\/comments?post=224900"}],"version-history":[{"count":0,"href":"https:\/\/www.europesays.com\/pt\/wp-json\/wp\/v2\/posts\/224900\/revisions"}],"wp:featuredmedia":[{"embeddable":true,"href":"https:\/\/www.europesays.com\/pt\/wp-json\/wp\/v2\/media\/224901"}],"wp:attachment":[{"href":"https:\/\/www.europesays.com\/pt\/wp-json\/wp\/v2\/media?parent=224900"}],"wp:term":[{"taxonomy":"category","embeddable":true,"href":"https:\/\/www.europesays.com\/pt\/wp-json\/wp\/v2\/categories?post=224900"},{"taxonomy":"post_tag","embeddable":true,"href":"https:\/\/www.europesays.com\/pt\/wp-json\/wp\/v2\/tags?post=224900"}],"curies":[{"name":"wp","href":"https:\/\/api.w.org\/{rel}","templated":true}]}}