{"id":224952,"date":"2026-01-11T17:49:15","date_gmt":"2026-01-11T17:49:15","guid":{"rendered":"https:\/\/www.europesays.com\/pt\/224952\/"},"modified":"2026-01-11T17:49:15","modified_gmt":"2026-01-11T17:49:15","slug":"uma-centena-de-pessoas-protestam-contra-regime-iraniano-em-lisboa","status":"publish","type":"post","link":"https:\/\/www.europesays.com\/pt\/224952\/","title":{"rendered":"Uma centena de pessoas protestam contra regime iraniano em Lisboa"},"content":{"rendered":"<p>&#13;<br \/>\nCom c\u00e2nticos e gritos de ordem em persa, os iranianos iniciaram a manifesta\u00e7\u00e3o \u00e0s 12h00 e querem manter-se no local at\u00e9 \u00e0s 17h00, apesar de a embaixada estar fechada.&#13;\n<\/p>\n<p>&#13;<br \/>\nV\u00e1rios pol\u00edcias vigiam a contesta\u00e7\u00e3o, que se mant\u00e9m pac\u00edfica, evitando a aproxima\u00e7\u00e3o de qualquer pessoa \u00e0 embaixada.  &#13;\n<\/p>\n<p>&#13;<br \/>\n&#8220;Precisamos de ser ouvidos, precisamos ter apoio internacional&#8221;, explicou \u00e0 Lusa uma das manifestantes, Solmaz Nazari, sublinhando que o objetivo dos manifestantes no Ir\u00e3o \u00e9 &#8220;fazer uma revolu\u00e7\u00e3o&#8221; para mudar o atual regime persa.&#13;\n<\/p>\n<p>&#13;<br \/>\nOs protestos em quase todo o Ir\u00e3o come\u00e7aram em 28 de dezembro, inicialmente contra o custo de vida e a infla\u00e7\u00e3o galopante, num pa\u00eds sujeito a san\u00e7\u00f5es econ\u00f3micas dos Estados Unidos e da ONU, mas t\u00eam-se vindo a intensificar e transformaram-se numa contesta\u00e7\u00e3o pol\u00edtica contra o regime. <\/p>\n<p>          <img decoding=\"async\" itemprop=\"image\" class=\"img-fluid\"   src=\"https:\/\/www.europesays.com\/pt\/wp-content\/uploads\/2026\/01\/ef06cf0bb8ea2b1d5cab164f885dde4d_N.jpg\"\/><\/p>\n<p>&#13;<br \/>\nNa quinta-feira, as autoridades desligaram a Internet e o sinal de telem\u00f3veis em todo o pa\u00eds, na sequ\u00eancia de uma grande manifesta\u00e7\u00e3o em Teer\u00e3o e depois de terem sido publicados nas redes sociais v\u00eddeos que mostravam uma multid\u00e3o em protesto.&#13;\n<\/p>\n<p>&#13;<br \/>\nHoje a organiza\u00e7\u00e3o de defesa dos direitos humanos anunciou ter registado 192 mortos nas manifesta\u00e7\u00f5es, mas alertou que o n\u00famero pode ser muito maior, j\u00e1 que o corte da internet dificulta a contagem.&#13;\n<\/p>\n<p>&#13;<br \/>\nSolmaz Nazari, que vive em Portugal desde 2018, n\u00e3o sabe que regime poder\u00e1 substituir o atual, mas sublinhou que &#8220;o povo iraniano ir\u00e1 decidir&#8221; atrav\u00e9s de um referendo.&#13;\n<\/p>\n<p>&#13;<br \/>\nSegundo explicou, &#8220;o filho do antigo X\u00e1 est\u00e1 a organizar um referendo, mas isso n\u00e3o quer dizer que as pessoas queiram que ele seja o pr\u00f3ximo X\u00e1 do Ir\u00e3o&#8221;.&#13;\n<\/p>\n<p>&#13;<br \/>\nO opositor iraniano no ex\u00edlio Reza Pahlavi, filho do antigo X\u00e1 do Ir\u00e3o, tem convocado alguns dos grandes protestos em Teer\u00e3o e pediu no s\u00e1bado aos manifestantes para que &#8220;se preparassem para tomar&#8221; os centros das cidades.&#13;\n<\/p>\n<p>&#13;<br \/>\nNuma mensagem publicada nas redes sociais, Pahlavi exortou os iranianos a &#8220;sa\u00edrem todos \u00e0s ruas (&#8230;) com bandeiras, imagens e s\u00edmbolos patri\u00f3ticos e a ocuparem os espa\u00e7os p\u00fablicos&#8221;.&#13;\n<\/p>\n<p>&#13;<br \/>\n&#8220;O nosso objetivo j\u00e1 n\u00e3o \u00e9 apenas sair \u00e0s ruas; o nosso objetivo \u00e9 preparar-nos para conquistar e defender os centros urbanos&#8221;, refere.&#13;\n<\/p>\n<p>&#13;<br \/>\nO autoproclamado pr\u00edncipe herdeiro do Ir\u00e3o afirma-se convencido de que as manifesta\u00e7\u00f5es conseguir\u00e3o colocar &#8220;completamente de joelhos a Rep\u00fablica Isl\u00e2mica e o seu desgastado e fr\u00e1gil aparato de repress\u00e3o&#8221; e insta os trabalhadores a convocarem uma greve geral para redobrar a press\u00e3o sobre o Governo.&#13;\n<\/p>\n<p>&#13;<br \/>\nReza Pahlavi anunciou ainda estar a finalizar os preparativos para regressar ao Ir\u00e3o, quando as circunst\u00e2ncias forem oportunas: &#8220;Tamb\u00e9m me preparo para regressar \u00e0 minha p\u00e1tria e estar convosco, a grande na\u00e7\u00e3o do Ir\u00e3o, quando a nossa revolu\u00e7\u00e3o nacional triunfar. Acredito que esse dia est\u00e1 muito pr\u00f3ximo&#8221;, disse.&#13;\n<\/p>\n<p>&#13;<br \/>\nc\/ Lusa&#13;<\/p>\n","protected":false},"excerpt":{"rendered":"&#13; Com c\u00e2nticos e gritos de ordem em persa, os iranianos iniciaram a manifesta\u00e7\u00e3o \u00e0s 12h00 e querem&hellip;\n","protected":false},"author":2,"featured_media":224953,"comment_status":"","ping_status":"","sticky":false,"template":"","format":"standard","meta":{"footnotes":""},"categories":[50],"tags":[27,28,15,16,14,25,26,21,22,62,12,13,19,20,23,24,420,421,17,18,29,30,31,63,64,65],"class_list":{"0":"post-224952","1":"post","2":"type-post","3":"status-publish","4":"format-standard","5":"has-post-thumbnail","7":"category-mundo","8":"tag-breaking-news","9":"tag-breakingnews","10":"tag-featured-news","11":"tag-featurednews","12":"tag-headlines","13":"tag-latest-news","14":"tag-latestnews","15":"tag-main-news","16":"tag-mainnews","17":"tag-mundo","18":"tag-news","19":"tag-noticias","20":"tag-noticias-principais","21":"tag-noticiasprincipais","22":"tag-principais-noticias","23":"tag-principaisnoticias","24":"tag-rtp","25":"tag-rtp-noticias","26":"tag-top-stories","27":"tag-topstories","28":"tag-ultimas","29":"tag-ultimas-noticias","30":"tag-ultimasnoticias","31":"tag-world","32":"tag-world-news","33":"tag-worldnews"},"share_on_mastodon":{"url":"https:\/\/pubeurope.com\/@pt\/115877731608014701","error":""},"_links":{"self":[{"href":"https:\/\/www.europesays.com\/pt\/wp-json\/wp\/v2\/posts\/224952","targetHints":{"allow":["GET"]}}],"collection":[{"href":"https:\/\/www.europesays.com\/pt\/wp-json\/wp\/v2\/posts"}],"about":[{"href":"https:\/\/www.europesays.com\/pt\/wp-json\/wp\/v2\/types\/post"}],"author":[{"embeddable":true,"href":"https:\/\/www.europesays.com\/pt\/wp-json\/wp\/v2\/users\/2"}],"replies":[{"embeddable":true,"href":"https:\/\/www.europesays.com\/pt\/wp-json\/wp\/v2\/comments?post=224952"}],"version-history":[{"count":0,"href":"https:\/\/www.europesays.com\/pt\/wp-json\/wp\/v2\/posts\/224952\/revisions"}],"wp:featuredmedia":[{"embeddable":true,"href":"https:\/\/www.europesays.com\/pt\/wp-json\/wp\/v2\/media\/224953"}],"wp:attachment":[{"href":"https:\/\/www.europesays.com\/pt\/wp-json\/wp\/v2\/media?parent=224952"}],"wp:term":[{"taxonomy":"category","embeddable":true,"href":"https:\/\/www.europesays.com\/pt\/wp-json\/wp\/v2\/categories?post=224952"},{"taxonomy":"post_tag","embeddable":true,"href":"https:\/\/www.europesays.com\/pt\/wp-json\/wp\/v2\/tags?post=224952"}],"curies":[{"name":"wp","href":"https:\/\/api.w.org\/{rel}","templated":true}]}}