{"id":224954,"date":"2026-01-11T17:50:07","date_gmt":"2026-01-11T17:50:07","guid":{"rendered":"https:\/\/www.europesays.com\/pt\/224954\/"},"modified":"2026-01-11T17:50:07","modified_gmt":"2026-01-11T17:50:07","slug":"mau-tempo-ataca-em-forca-alerta-laranja-chega-a-esta-regiao-ja-a-partir-deste-dia","status":"publish","type":"post","link":"https:\/\/www.europesays.com\/pt\/224954\/","title":{"rendered":"Mau tempo \u2018ataca\u2019 em for\u00e7a: alerta laranja chega a esta regi\u00e3o j\u00e1 a partir deste dia"},"content":{"rendered":"<p><strong>Num per\u00edodo em que o Atl\u00e2ntico volta a assumir um papel determinante no estado do tempo, os pr\u00f3ximos dias ser\u00e3o marcados por um agravamento das condi\u00e7\u00f5es meteorol\u00f3gicas. Uma nova situa\u00e7\u00e3o de instabilidade atmosf\u00e9rica vai marcar o estado do tempo nos A\u00e7ores nos pr\u00f3ximos dias, com as condi\u00e7\u00f5es do mar e do vento a levar \u00e0 emiss\u00e3o de alertas meteorol\u00f3gicos para v\u00e1rios grupos do arquip\u00e9lago. O alerta laranja, o segundo mais grave da escala, incide sobre as ilhas do grupo Ocidental e entra em vigor a partir de domingo \u00e0 noite, de acordo com o portal Not\u00edcias ao Minuto.<\/strong><\/p>\n<p>Segundo o Instituto Portugu\u00eas do Mar e da Atmosfera (IPMA), as ilhas das Flores e do Corvo v\u00e3o estar sob alerta laranja devido \u00e0 agita\u00e7\u00e3o mar\u00edtima, provocada por ondas de noroeste com intensidade significativa.<\/p>\n<p>Este alerta laranja estar\u00e1 em vigor entre as 23:00 de domingo, dia 11, e as 11:00 locais de segunda-feira, dia 12, o que corresponde ao meio-dia em Portugal continental, atendendo \u00e0 diferen\u00e7a hor\u00e1ria.<\/p>\n<p>Antes e depois desse per\u00edodo, Flores e Corvo estar\u00e3o tamb\u00e9m sob alerta amarelo. Entre as 19:00 e as 23:00 de domingo e novamente entre as 11:00 e as 14:00 de segunda-feira, o alerta prende-se com a agita\u00e7\u00e3o mar\u00edtima. J\u00e1 o alerta amarelo por vento, de oeste a rodar para noroeste, vai vigorar das 17:00 de domingo at\u00e9 \u00e0s 11:00 de segunda-feira.<\/p>\n<p><strong>Situa\u00e7\u00e3o tamb\u00e9m inst\u00e1vel no grupo Central<\/strong><\/p>\n<p>O mau tempo vai igualmente afetar o grupo Central dos A\u00e7ores, que inclui as ilhas Terceira, S\u00e3o Jorge, Pico, Graciosa e Faial, embora com alertas de menor gravidade.<\/p>\n<p>A partir de domingo \u00e0 noite, o estado do mar merece aten\u00e7\u00e3o. O alerta amarelo por agita\u00e7\u00e3o mar\u00edtima, tamb\u00e9m devido a ondas de noroeste, vai estar ativo entre as 23:00 de domingo e as 14:00 de segunda-feira, refere ainda o <a href=\"https:\/\/www.noticiasaominuto.com\" target=\"_blank\" rel=\"noreferrer noopener nofollow\">Not\u00edcias ao Minuto<\/a>.<\/p>\n<p>O vento ser\u00e1 outro fator a ter em conta no grupo Central. O IPMA emitiu alerta amarelo para vento de oeste, rodando para noroeste, com vig\u00eancia entre as 23:00 de domingo e as 14:00 de segunda-feira.<\/p>\n<p><strong>Significado dos alertas<\/strong><\/p>\n<p>O alerta laranja \u00e9 emitido sempre que existe uma situa\u00e7\u00e3o meteorol\u00f3gica de risco moderado a elevado, podendo causar impactos significativos, sobretudo em atividades mar\u00edtimas e zonas costeiras.<\/p>\n<p>J\u00e1 o alerta amarelo, o menos grave numa escala de tr\u00eas n\u00edveis, indica risco para determinadas atividades dependentes das condi\u00e7\u00f5es meteorol\u00f3gicas, recomendando especial aten\u00e7\u00e3o \u00e0 evolu\u00e7\u00e3o do estado do tempo.<\/p>\n<p><strong>Leia tamb\u00e9m: <a href=\"https:\/\/postal.pt\/nacional\/tempo\/adeus-inverno-ola-primavera-massa-de-ar-do-atlantico-a-caminho-de-portugal-vai-acabar-com-o-frio-de-rachar-a-partir-deste-dia\/\" rel=\"nofollow noopener\" target=\"_blank\">Adeus inverno, ol\u00e1 primavera? Massa de ar do Atl\u00e2ntico a caminho de Portugal vai acabar com o frio de rachar a partir deste dia<\/a><\/strong><\/p>\n","protected":false},"excerpt":{"rendered":"Num per\u00edodo em que o Atl\u00e2ntico volta a assumir um papel determinante no estado do tempo, os pr\u00f3ximos&hellip;\n","protected":false},"author":2,"featured_media":224955,"comment_status":"","ping_status":"","sticky":false,"template":"","format":"standard","meta":{"footnotes":""},"categories":[10],"tags":[27,28,15,16,14,25,26,21,22,12,13,19,20,32,23,24,33,17,18,29,30,31],"class_list":{"0":"post-224954","1":"post","2":"type-post","3":"status-publish","4":"format-standard","5":"has-post-thumbnail","7":"category-portugal","8":"tag-breaking-news","9":"tag-breakingnews","10":"tag-featured-news","11":"tag-featurednews","12":"tag-headlines","13":"tag-latest-news","14":"tag-latestnews","15":"tag-main-news","16":"tag-mainnews","17":"tag-news","18":"tag-noticias","19":"tag-noticias-principais","20":"tag-noticiasprincipais","21":"tag-portugal","22":"tag-principais-noticias","23":"tag-principaisnoticias","24":"tag-pt","25":"tag-top-stories","26":"tag-topstories","27":"tag-ultimas","28":"tag-ultimas-noticias","29":"tag-ultimasnoticias"},"share_on_mastodon":{"url":"https:\/\/pubeurope.com\/@pt\/115877735545549052","error":""},"_links":{"self":[{"href":"https:\/\/www.europesays.com\/pt\/wp-json\/wp\/v2\/posts\/224954","targetHints":{"allow":["GET"]}}],"collection":[{"href":"https:\/\/www.europesays.com\/pt\/wp-json\/wp\/v2\/posts"}],"about":[{"href":"https:\/\/www.europesays.com\/pt\/wp-json\/wp\/v2\/types\/post"}],"author":[{"embeddable":true,"href":"https:\/\/www.europesays.com\/pt\/wp-json\/wp\/v2\/users\/2"}],"replies":[{"embeddable":true,"href":"https:\/\/www.europesays.com\/pt\/wp-json\/wp\/v2\/comments?post=224954"}],"version-history":[{"count":0,"href":"https:\/\/www.europesays.com\/pt\/wp-json\/wp\/v2\/posts\/224954\/revisions"}],"wp:featuredmedia":[{"embeddable":true,"href":"https:\/\/www.europesays.com\/pt\/wp-json\/wp\/v2\/media\/224955"}],"wp:attachment":[{"href":"https:\/\/www.europesays.com\/pt\/wp-json\/wp\/v2\/media?parent=224954"}],"wp:term":[{"taxonomy":"category","embeddable":true,"href":"https:\/\/www.europesays.com\/pt\/wp-json\/wp\/v2\/categories?post=224954"},{"taxonomy":"post_tag","embeddable":true,"href":"https:\/\/www.europesays.com\/pt\/wp-json\/wp\/v2\/tags?post=224954"}],"curies":[{"name":"wp","href":"https:\/\/api.w.org\/{rel}","templated":true}]}}