{"id":225001,"date":"2026-01-11T18:24:13","date_gmt":"2026-01-11T18:24:13","guid":{"rendered":"https:\/\/www.europesays.com\/pt\/225001\/"},"modified":"2026-01-11T18:24:13","modified_gmt":"2026-01-11T18:24:13","slug":"cinco-obras-primas-do-metal-mundial-de-acordo-com-regis-tadeu","status":"publish","type":"post","link":"https:\/\/www.europesays.com\/pt\/225001\/","title":{"rendered":"Cinco obras-primas do Metal mundial, de acordo com Regis Tadeu"},"content":{"rendered":"<p>Durante uma live no canal de Regis Tadeu no YouTube, com S\u00e9rgio Martins e F\u00e1bio Christianini, reproduzida em um corte publicado pelo canal <a href=\"https:\/\/www.youtube.com\/watch?v=RZVQZwPUIQI\" rel=\"nofollow noopener\" target=\"_blank\">CortesCrimson<\/a>, um internauta comentou que Killers seria uma &#8220;obra-prima&#8221; do Iron Maiden e perguntou quais seriam as obras-primas de Judas Priest, Saxon, Black Sabbath e Riot.<\/p>\n<p><a href=\"https:\/\/whiplash.net\/bandas\/r\/registadeu.html\" class=\"linkBotao\" rel=\"nofollow noopener\" target=\"_blank\">Regis Tadeu &#8211; Mais Novidades<\/a><br \/><a target=\"_blank\" href=\"https:\/\/www.europesays.com\/pt\/wp-content\/uploads\/2025\/12\/depositphotos_93864872_horns_guitar_por_breaking_the_walls.jpg\"><img loading=\"lazy\" decoding=\"async\" src=\"https:\/\/www.europesays.com\/pt\/wp-content\/uploads\/2025\/12\/depositphotos_93864872_horns_guitar_por_breaking_the_walls.jpg\" class=\"widthConstrained\" width=\"700\" height=\"467\" alt=\"Foto: Breaking The Walls @ www.depositphotos.com\"\/><\/a>Foto: Breaking The Walls @ www.depositphotos.com<\/p>\n<p>CONTINUA DEPOIS DA PUBLICIDADE &#8211; CLI<\/p>\n<p>&#13;<br \/>\n&#13;<br \/>\n&#13;<br \/>\n&#13;<br \/>\n&#13;<br \/>\n&#13;<br \/>\n&#13;<br \/>\n&#13;<br \/>\n<a href=\"https:\/\/whiplash.net\/materias\/whiplash\/027002.html\" rel=\"nofollow noopener\" target=\"_blank\"><img decoding=\"async\" src=\"https:\/\/www.europesays.com\/pt\/wp-content\/uploads\/2026\/01\/1767746289_757_anunciar_diabo_336x280.gif\" loading=\"lazy\" width=\"336\" height=\"280\" class=\"widthConstrained\" style=\"background-color:#000000;display:block;\" alt=\"Anunciar bandas e shows de Rock e Heavy Metal\"\/><\/a>&#13;<\/p>\n<p>No Judas Priest, F\u00e1bio e S\u00e9rgio apostaram em &#8220;Screaming for Vengeance&#8221;. Regis foi por outro caminho e escolheu um t\u00edtulo que tamb\u00e9m recebeu elogios dos demais: &#8220;Pra mim, a obra-prima \u00e9 o &#8216;Sad Wings of Destiny'&#8221;, se referindo ao segundo \u00e1lbum da banda, lan\u00e7ado em 1976.<\/p>\n<p>No <a href=\"https:\/\/whiplash.net\/bandas\/s\/saxon.html\" class=\"hotwords\" rel=\"nofollow noopener\" target=\"_blank\">Saxon<\/a>, a primeira lembran\u00e7a foi &#8220;Wheels of Steel&#8221; de 1980, mas Regis apontou &#8220;Strong Arm of the Law&#8221;, do mesmo ano &#8211; e a\u00ed a conversa virou quase &#8220;tour&#8221; pela estante: ele pegou a edi\u00e7\u00e3o norte-americana do \u00e1lbum, com capa preta e sequ\u00eancia de m\u00fasicas diferente das vers\u00f5es de capa branca (incluindo a nacional), mostrou outros discos do <a href=\"https:\/\/whiplash.net\/bandas\/s\/saxon.html\" class=\"hotwords\" rel=\"nofollow noopener\" target=\"_blank\">Saxon<\/a> e ainda exibiu um &#8220;Virgin Killer&#8221; do <a href=\"https:\/\/whiplash.net\/bandas\/s\/scorpions.html\" class=\"hotwords\" rel=\"nofollow noopener\" target=\"_blank\">Scorpions<\/a> em edi\u00e7\u00e3o alem\u00e3 com a capa censurada, antes de se perder em outros assuntos at\u00e9 voltar ao tema.<\/p>\n<p>CONTINUA DEPOIS DA PUBLICIDADE &#8211; GOO<\/p>\n<p>&#13;<br \/>\n&#13;<br \/>\n&#13;<br \/>\n&#13;<br \/>\n<a href=\"https:\/\/whiplash.net\/materias\/whiplash\/027002.html\" rel=\"nofollow noopener\" target=\"_blank\"><img decoding=\"async\" src=\"https:\/\/www.europesays.com\/pt\/wp-content\/uploads\/2026\/01\/1767746289_757_anunciar_diabo_336x280.gif\" loading=\"lazy\" width=\"336\" height=\"280\" alt=\"Anunciar no Whiplash.Net\"\/><\/a>&#13;<br \/>\n&#13;<br \/>\n&#13;<br \/>\n&#13;<br \/>\n&#13;<br \/>\n&#13;<br \/>\n<a href=\"https:\/\/whiplash.net\/materias\/whiplash\/027002.html\" rel=\"nofollow noopener\" target=\"_blank\"><img decoding=\"async\" src=\"https:\/\/www.europesays.com\/pt\/wp-content\/uploads\/2026\/01\/1767746289_757_anunciar_diabo_336x280.gif\" loading=\"lazy\" width=\"336\" height=\"280\" class=\"widthConstrained\" style=\"background-color:#000000;display:block;\" alt=\"Anunciar bandas e shows de Rock e Heavy Metal\"\/><\/a>&#13;<\/p>\n<p>Quando chegou a hora do Black Sabbath, F\u00e1bio provocou dizendo que a escolha \u00f3bvia seria &#8220;Sabotage&#8221;, o sexto \u00e1lbum da banda, de 1975. Regis respondeu mudando o jogo na hora: &#8220;Tem dia que \u00e9, mas hoje a obra-prima \u00e9 o &#8216;Paranoid&#8217;&#8221;, citando o segundo trabalho de 1970. Para fechar o bloco, no Riot, S\u00e9rgio citou &#8220;Narita&#8221; de 1979, mas Regis discordou: &#8220;N\u00e3o! Adoro o &#8216;Narita&#8217;, mas a obra-prima \u00e9 o &#8216;Fire Down Under'&#8221;, se referindo ao terceiro \u00e1lbum da banda, lan\u00e7ado em 1981. &#8220;Grande disco&#8221;, completou S\u00e9rgio.<\/p>\n<p>Foram quatro citadas, certo? Mas vamos considerar que, como Regis n\u00e3o negou, e como se diz no ditado, &#8220;quem cala consente&#8221;, ent\u00e3o &#8220;Killers&#8221; do <a href=\"https:\/\/whiplash.net\/bandas\/i\/ironmaiden.html\" class=\"hotwords\" rel=\"nofollow noopener\" target=\"_blank\">Iron Maiden<\/a> certamente tamb\u00e9m \u00e9 considerada uma obra-prima pelo jornalista.<\/p>\n<p>CONTINUA DEPOIS DA PUBLICIDADE &#8211; CLI<\/p>\n<p>&#13;<br \/>\n&#13;<br \/>\n&#13;<br \/>\n&#13;<br \/>\n&#13;<br \/>\n&#13;<br \/>\n&#13;<br \/>\n&#13;<br \/>\n<a href=\"https:\/\/whiplash.net\/materias\/whiplash\/027002.html\" rel=\"nofollow noopener\" target=\"_blank\"><img decoding=\"async\" src=\"https:\/\/www.europesays.com\/pt\/wp-content\/uploads\/2026\/01\/1767746289_757_anunciar_diabo_336x280.gif\" loading=\"lazy\" width=\"336\" height=\"280\" class=\"widthConstrained\" style=\"background-color:#000000;display:block;\" alt=\"Anunciar bandas e shows de Rock e Heavy Metal\"\/><\/a>&#13;<\/p>\n<p>\u25ba&#8221; src=&#8221;https:\/\/www.youtube.com\/embed\/RZVQZwPUIQI&#8221; width=&#8221;560&#8243; height=&#8221;315&#8243; allow=&#8221;accelerometer; autoplay; clipboard-write; encrypted-media; gyroscope; picture-in-picture&#8221; allowfullscreen loading=&#8221;lazy&#8221; style=&#8221;border:0;&#8221;&gt;<\/p>\n<p>CONTINUA DEPOIS DA PUBLICIDADE &#8211; GOO<\/p>\n<p>&#13;<br \/>\n&#13;<br \/>\n&#13;<br \/>\n&#13;<br \/>\n<a href=\"https:\/\/whiplash.net\/materias\/whiplash\/027002.html\" rel=\"nofollow noopener\" target=\"_blank\"><img decoding=\"async\" src=\"https:\/\/www.europesays.com\/pt\/wp-content\/uploads\/2026\/01\/1767746289_757_anunciar_diabo_336x280.gif\" loading=\"lazy\" width=\"336\" height=\"280\" alt=\"Anunciar no Whiplash.Net\"\/><\/a>&#13;<br \/>\n&#13;<br \/>\n&#13;<br \/>\n&#13;<br \/>\n&#13;<br \/>\n&#13;<br \/>\n<a href=\"https:\/\/whiplash.net\/materias\/whiplash\/027002.html\" rel=\"nofollow noopener\" target=\"_blank\"><img decoding=\"async\" src=\"https:\/\/www.europesays.com\/pt\/wp-content\/uploads\/2026\/01\/1767746289_757_anunciar_diabo_336x280.gif\" loading=\"lazy\" width=\"336\" height=\"280\" class=\"widthConstrained\" style=\"background-color:#000000;display:block;\" alt=\"Anunciar bandas e shows de Rock e Heavy Metal\"\/><\/a>&#13;<\/p>\n","protected":false},"excerpt":{"rendered":"Durante uma live no canal de Regis Tadeu no YouTube, com S\u00e9rgio Martins e F\u00e1bio Christianini, reproduzida em&hellip;\n","protected":false},"author":2,"featured_media":177891,"comment_status":"","ping_status":"","sticky":false,"template":"","format":"standard","meta":{"footnotes":""},"categories":[141],"tags":[114,115,149,150,32,33],"class_list":{"0":"post-225001","1":"post","2":"type-post","3":"status-publish","4":"format-standard","5":"has-post-thumbnail","7":"category-musica","8":"tag-entertainment","9":"tag-entretenimento","10":"tag-music","11":"tag-musica","12":"tag-portugal","13":"tag-pt"},"share_on_mastodon":{"url":"https:\/\/pubeurope.com\/@pt\/115877869342662025","error":""},"_links":{"self":[{"href":"https:\/\/www.europesays.com\/pt\/wp-json\/wp\/v2\/posts\/225001","targetHints":{"allow":["GET"]}}],"collection":[{"href":"https:\/\/www.europesays.com\/pt\/wp-json\/wp\/v2\/posts"}],"about":[{"href":"https:\/\/www.europesays.com\/pt\/wp-json\/wp\/v2\/types\/post"}],"author":[{"embeddable":true,"href":"https:\/\/www.europesays.com\/pt\/wp-json\/wp\/v2\/users\/2"}],"replies":[{"embeddable":true,"href":"https:\/\/www.europesays.com\/pt\/wp-json\/wp\/v2\/comments?post=225001"}],"version-history":[{"count":0,"href":"https:\/\/www.europesays.com\/pt\/wp-json\/wp\/v2\/posts\/225001\/revisions"}],"wp:featuredmedia":[{"embeddable":true,"href":"https:\/\/www.europesays.com\/pt\/wp-json\/wp\/v2\/media\/177891"}],"wp:attachment":[{"href":"https:\/\/www.europesays.com\/pt\/wp-json\/wp\/v2\/media?parent=225001"}],"wp:term":[{"taxonomy":"category","embeddable":true,"href":"https:\/\/www.europesays.com\/pt\/wp-json\/wp\/v2\/categories?post=225001"},{"taxonomy":"post_tag","embeddable":true,"href":"https:\/\/www.europesays.com\/pt\/wp-json\/wp\/v2\/tags?post=225001"}],"curies":[{"name":"wp","href":"https:\/\/api.w.org\/{rel}","templated":true}]}}