{"id":225011,"date":"2026-01-11T18:32:13","date_gmt":"2026-01-11T18:32:13","guid":{"rendered":"https:\/\/www.europesays.com\/pt\/225011\/"},"modified":"2026-01-11T18:32:13","modified_gmt":"2026-01-11T18:32:13","slug":"presidente-das-honduras-pede-recontagem-das-eleicoes-face-a-ingerencia-de-trump","status":"publish","type":"post","link":"https:\/\/www.europesays.com\/pt\/225011\/","title":{"rendered":"Presidente das Honduras pede recontagem das elei\u00e7\u00f5es face a inger\u00eancia de Trump"},"content":{"rendered":"<p>&#13;<br \/>\n&#8220;Instru\u00edmos o Congresso Nacional [o parlamento hondurenho] a enviar uma carta ao Conselho com uma c\u00f3pia do Di\u00e1rio Oficial para que iniciem a recontagem de imediato&#8221;, disse o presidente do Conselho de Ministros.&#13;\n<\/p>\n<p>&#13;<br \/>\n&#8220;Caso contr\u00e1rio, o pr\u00f3prio Congresso Nacional realizar\u00e1 a recontagem, conforme estabelecido&#8221; na Constitui\u00e7\u00e3o, declarou \u00e0 imprensa Luis Redondo, ap\u00f3s uma reuni\u00e3o do Conselho de Ministros, no s\u00e1bado.&#13;\n<\/p>\n<p>&#13;<br \/>\n&#8220;Estamos a exigir, numa medida hist\u00f3rica, que o Congresso Nacional da Rep\u00fablica reconte todos os votos (&#8230;) e que, independentemente de quem seja o vencedor, o resultado seja respeitado&#8221;, explicou Redondo.&#13;\n<\/p>\n<p>&#13;<br \/>\n&#8220;O voto de todo o povo hondurenho deve ser respeitado&#8221;, acrescentou.&#13;\n<\/p>\n<p>&#13;<br \/>\nNa sexta-feira, um pequeno grupo de membros eleitos e suplentes do partido no poder, o Liberdade e Refunda\u00e7\u00e3o (Libre, esquerda), numa sess\u00e3o extraordin\u00e1ria do parlamento, aprovou a recontagem de todos os votos.&#13;\n<\/p>\n<p>&#13;<br \/>\nMais de 70 deputados da oposi\u00e7\u00e3o denunciaram ter sido impedidos de entrar na sess\u00e3o legislativa.&#13;\n<\/p>\n<p>&#13;<br \/>\nA iniciativa foi ratificada por Xiomara Castro e publicada no Di\u00e1rio Oficial, algo que os juristas, a oposi\u00e7\u00e3o e os analistas consideram inconstitucional.&#13;\n<\/p>\n<p>&#13;<br \/>\nIsto porque o CNE j\u00e1 tinha declarado Nasry Asfura, do conservador Partido Nacional, e candidato com o apoio de Donald Trump, vencedor das elei\u00e7\u00f5es presidenciais de 30 de novembro.&#13;\n<\/p>\n<p>&#13;<br \/>\nAsfura, conforme estipulado por lei, dever\u00e1 assumir o cargo a 27 de janeiro, quando terminar o mandato de Xiomara Castro.&#13;\n<\/p>\n<p>&#13;<br \/>\nA atual Presidente declarou a 18 de dezembro que aceitaria os resultados do CNE. Uma semana depois, na mensagem de Natal ao pa\u00eds, Castro declarou que n\u00e3o ficaria no poder &#8220;nem um dia a mais, nem um dia a menos&#8221; dos quatro anos de mandato.&#13;\n<\/p>\n<p>&#13;<br \/>\nA Presidente convocou o Conselho de Ministros no s\u00e1bado depois de ter enviado uma mensagem a Donald Trump a pedir &#8220;um di\u00e1logo direto e franco sobre o processo eleitoral&#8221; e ap\u00f3s ter acusado o l\u00edder dos EUA de inger\u00eancia nas elei\u00e7\u00f5es.&#13;\n<\/p>\n<p>&#13;<br \/>\nAs &#8220;declara\u00e7\u00f5es p\u00fablicas&#8221; de Trump a favor de Asfura &#8220;influenciaram negativamente o desenvolvimento do processo democr\u00e1tico e afectaram o nosso candidato&#8221;, lamentou Castro, numa mensagem nas redes sociais.&#13;\n<\/p>\n<p>&#13;<br \/>\nEm 25 de dezembro, a candidata presidencial do partido no poder nas Honduras, Rixi Moncada, acusou o CNE de &#8220;assassinar a democracia&#8221; e sucumbir perante &#8220;a fraude e a imposi\u00e7\u00e3o estrangeira&#8221; depois de declarar vencedor Nasry Asfura.&#13;\n<\/p>\n<p>&#13;<br \/>\nO escrut\u00ednio foi marcado por den\u00fancias de fraude desde antes das vota\u00e7\u00f5es, amea\u00e7as contra as duas conselheiras eleitorais junto do CNE pelos partidos considerados vencedores, e a alegada inger\u00eancia de Donald Trump, a favor de Asfura.&#13;<\/p>\n","protected":false},"excerpt":{"rendered":"&#13; &#8220;Instru\u00edmos o Congresso Nacional [o parlamento hondurenho] a enviar uma carta ao Conselho com uma c\u00f3pia do&hellip;\n","protected":false},"author":2,"featured_media":225012,"comment_status":"","ping_status":"","sticky":false,"template":"","format":"standard","meta":{"footnotes":""},"categories":[50],"tags":[27,28,15996,15,16,14,43347,25,26,21,22,62,12,13,19,20,23,24,43346,17,18,29,30,31,63,64,65],"class_list":{"0":"post-225011","1":"post","2":"type-post","3":"status-publish","4":"format-standard","5":"has-post-thumbnail","7":"category-mundo","8":"tag-breaking-news","9":"tag-breakingnews","10":"tag-cne","11":"tag-featured-news","12":"tag-featurednews","13":"tag-headlines","14":"tag-honduras-xioa","15":"tag-latest-news","16":"tag-latestnews","17":"tag-main-news","18":"tag-mainnews","19":"tag-mundo","20":"tag-news","21":"tag-noticias","22":"tag-noticias-principais","23":"tag-noticiasprincipais","24":"tag-principais-noticias","25":"tag-principaisnoticias","26":"tag-refundacao-libre","27":"tag-top-stories","28":"tag-topstories","29":"tag-ultimas","30":"tag-ultimas-noticias","31":"tag-ultimasnoticias","32":"tag-world","33":"tag-world-news","34":"tag-worldnews"},"share_on_mastodon":{"url":"https:\/\/pubeurope.com\/@pt\/115877900678146032","error":""},"_links":{"self":[{"href":"https:\/\/www.europesays.com\/pt\/wp-json\/wp\/v2\/posts\/225011","targetHints":{"allow":["GET"]}}],"collection":[{"href":"https:\/\/www.europesays.com\/pt\/wp-json\/wp\/v2\/posts"}],"about":[{"href":"https:\/\/www.europesays.com\/pt\/wp-json\/wp\/v2\/types\/post"}],"author":[{"embeddable":true,"href":"https:\/\/www.europesays.com\/pt\/wp-json\/wp\/v2\/users\/2"}],"replies":[{"embeddable":true,"href":"https:\/\/www.europesays.com\/pt\/wp-json\/wp\/v2\/comments?post=225011"}],"version-history":[{"count":0,"href":"https:\/\/www.europesays.com\/pt\/wp-json\/wp\/v2\/posts\/225011\/revisions"}],"wp:featuredmedia":[{"embeddable":true,"href":"https:\/\/www.europesays.com\/pt\/wp-json\/wp\/v2\/media\/225012"}],"wp:attachment":[{"href":"https:\/\/www.europesays.com\/pt\/wp-json\/wp\/v2\/media?parent=225011"}],"wp:term":[{"taxonomy":"category","embeddable":true,"href":"https:\/\/www.europesays.com\/pt\/wp-json\/wp\/v2\/categories?post=225011"},{"taxonomy":"post_tag","embeddable":true,"href":"https:\/\/www.europesays.com\/pt\/wp-json\/wp\/v2\/tags?post=225011"}],"curies":[{"name":"wp","href":"https:\/\/api.w.org\/{rel}","templated":true}]}}