{"id":225016,"date":"2026-01-11T18:35:28","date_gmt":"2026-01-11T18:35:28","guid":{"rendered":"https:\/\/www.europesays.com\/pt\/225016\/"},"modified":"2026-01-11T18:35:28","modified_gmt":"2026-01-11T18:35:28","slug":"filha-de-manoel-carlos-autor-que-morreu-aos-92-anos-julia-almeida-participou-de-seis-obras-do-pai","status":"publish","type":"post","link":"https:\/\/www.europesays.com\/pt\/225016\/","title":{"rendered":"Filha de Manoel Carlos, autor que morreu aos 92 anos, J\u00falia Almeida participou de seis obras do pai"},"content":{"rendered":"\n<ul class=\"content-unordered-list\">\n<li><strong>Veja foto: <\/strong><a class=\"\" href=\"https:\/\/oglobo.globo.com\/play\/novelas\/noticia\/2026\/01\/11\/bruna-marquezine-que-ficou-conhecida-pela-salete-de-mulheres-apaixonadas-presta-homenagem-a-manoel-carlos.ghtml\" rel=\"nofollow noopener\" target=\"_blank\">Bruna Marquezine, que ficou conhecida pela Salete de &#8216;Mulheres apaixonadas&#8217;, presta homenagem a Manoel Carlos<\/a><\/li>\n<li><strong>Entrevista: <\/strong><a class=\"\" href=\"https:\/\/oglobo.globo.com\/play\/entrevistas\/noticia\/2025\/01\/24\/neta-de-benedito-ruy-barbosa-fala-do-estado-de-saude-do-autor-de-novelas-de-sucesso-que-completara-94-anos-em-abril-precisa-de-assistencia-integral.ghtml\" rel=\"nofollow noopener\" target=\"_blank\">neta de Benedito Ruy Barbosa fala do estado de sa\u00fade do autor: &#8216;Precisa de assist\u00eancia integral&#8217;<\/a><\/li>\n<\/ul>\n<p class=\" content-text__container \" data-track-category=\"Link no Texto\" data-track-links=\"\"> J\u00falia come\u00e7ou aos 8 anos em &#8220;<a class=\"\" href=\"https:\/\/oglobo.globo.com\/tudo-sobre\/novela\/felicidade\" rel=\"nofollow noopener\" target=\"_blank\">Felicidade<\/a>&#8221; (1991) como Fernanda, amiga da escola de Bia (Tatyane Goulart) e Bel (Aline Menezes). Em 1995, veio &#8220;<a class=\"\" href=\"https:\/\/oglobo.globo.com\/tudo-sobre\/novela\/historia-de-amor\" rel=\"nofollow noopener\" target=\"_blank\">Hist\u00f3ria de amor<\/a>&#8220;, em que foi Duda. Em &#8220;<a class=\"\" href=\"https:\/\/oglobo.globo.com\/tudo-sobre\/novela\/por-amor\" rel=\"nofollow noopener\" target=\"_blank\">Por amor<\/a>&#8221; (1997), ela teve uma personagem de maior destaque: Nat\u00e1lia, filha ca\u00e7ula de Meg (<a class=\"\" href=\"https:\/\/oglobo.globo.com\/tudo-sobre\/personalidade\/francoise-forton\" rel=\"nofollow noopener\" target=\"_blank\">Fran\u00e7oise Forton<\/a>) e Trajano (<a class=\"\" href=\"https:\/\/oglobo.globo.com\/play\/entrevistas\/noticia\/2025\/02\/21\/no-ar-em-historia-de-amor-ricardo-petraglia-fala-da-aposentadoria-da-carreira-de-ator-da-vida-em-sitio-e-da-conversao-ao-islamismo.ghtml\" rel=\"nofollow noopener\" target=\"_blank\">Ricardo Petraglia<\/a>) e irm\u00e3 de Laura (<a class=\"\" href=\"https:\/\/oglobo.globo.com\/tudo-sobre\/personalidade\/vivianne-pasmanter\" rel=\"nofollow noopener\" target=\"_blank\">Vivianne Pasmanter<\/a>). <\/p>\n<p>       <img decoding=\"async\" class=\"content-media__image\"  src=\"https:\/\/www.europesays.com\/pt\/wp-content\/uploads\/2026\/01\/por-amor-natalia-simone.jpg\" alt=\"J\u00falia Almeida em &quot;Por amor&quot; \u2014 Foto: TV Globo\" width=\"702\" height=\"336\" loading=\"lazy\"\/>  J\u00falia Almeida em &#8220;Por amor&#8221; \u2014 Foto: TV Globo       <\/p>\n<p class=\" content-text__container \" data-track-category=\"Link no Texto\" data-track-links=\"\"> Em &#8220;<a class=\"\" href=\"https:\/\/oglobo.globo.com\/tudo-sobre\/novela\/lacos-de-familia\" rel=\"nofollow noopener\" target=\"_blank\">La\u00e7os de fam\u00edlia<\/a>&#8221; (2000), ela viveu Estela, sobrinha de Alma (<a class=\"\" href=\"https:\/\/oglobo.globo.com\/tudo-sobre\/personalidade\/marieta-severo\" rel=\"nofollow noopener\" target=\"_blank\">Marieta Severo<\/a>) e irm\u00e3 de Edu (<a class=\"\" href=\"https:\/\/oglobo.globo.com\/tudo-sobre\/personalidade\/reynaldo-gianecchini\" rel=\"nofollow noopener\" target=\"_blank\">Reynaldo Gianecchini<\/a>), o mocinho da trama. <\/p>\n<p>      <img decoding=\"async\" class=\"content-media__image\"  src=\"https:\/\/www.europesays.com\/pt\/wp-content\/uploads\/2026\/01\/lacos-de-familia-edu-reynaldo-gianecchini-e-estela-julia-de-almeida-globo.webp.jpeg\" alt=\"J\u00falia Almeida com Reynaldo Gianecchini em &quot;La\u00e7os de fam\u00edlia&quot; \u2014 Foto: TV Globo\" width=\"984\" height=\"534\" loading=\"lazy\"\/>  J\u00falia Almeida com Reynaldo Gianecchini em &#8220;La\u00e7os de fam\u00edlia&#8221; \u2014 Foto: TV Globo       <\/p>\n<p class=\" content-text__container \" data-track-category=\"Link no Texto\" data-track-links=\"\"> Um ano depois, a atriz participou da miniss\u00e9rie &#8220;Presen\u00e7a de Anita&#8221; no papel de Luiza, filha de Fernando (<a class=\"\" href=\"https:\/\/oglobo.globo.com\/tudo-sobre\/personalidade\/jose-mayer\" rel=\"nofollow noopener\" target=\"_blank\">Jos\u00e9 Mayer<\/a>) que se torna amiga de Anita (<a class=\"\" href=\"https:\/\/oglobo.globo.com\/tudo-sobre\/personalidade\/mel-lisboa\" rel=\"nofollow noopener\" target=\"_blank\">Mel Lisboa<\/a>), uma jovem por quem ele se apaixona. <\/p>\n<p>      <img decoding=\"async\" class=\"content-media__image\"  src=\"https:\/\/www.europesays.com\/pt\/wp-content\/uploads\/2026\/01\/mel-lisboa-e-julia-almeida-cristiana-isidoro.webp.jpeg\" alt=\"J\u00falia Almeida com Mel Lisboa em &quot;Presen\u00e7a de Anita&quot; \u2014 Foto: Cristiana Isidoro\/Globo\" width=\"650\" height=\"500\" loading=\"lazy\"\/>  J\u00falia Almeida com Mel Lisboa em &#8220;Presen\u00e7a de Anita&#8221; \u2014 Foto: Cristiana Isidoro\/Globo        <\/p>\n<p class=\" content-text__container \" data-track-category=\"Link no Texto\" data-track-links=\"\"> A \u00faltima novela de J\u00falia com o pai foi &#8220;<a class=\"\" href=\"https:\/\/oglobo.globo.com\/tudo-sobre\/novela\/mulheres-apaixonadas\" rel=\"nofollow noopener\" target=\"_blank\">Mulheres apaixonadas<\/a>&#8220;, de 2003, em que interpretou Vidinha, filha de Rafael (Cl\u00e1udio Marzo) e Lorena (<a class=\"\" href=\"https:\/\/oglobo.globo.com\/tudo-sobre\/personalidade\/susana-vieira\/\" rel=\"nofollow noopener\" target=\"_blank\">Susana Vieira<\/a>) e irm\u00e3 de Diogo (<a class=\"\" href=\"https:\/\/oglobo.globo.com\/tudo-sobre\/personalidade\/rodrigo-santoro\" rel=\"nofollow noopener\" target=\"_blank\">Rodrigo Santoro<\/a>). Ela terminou a novela num romance com S\u00e9rgio (<a class=\"\" href=\"https:\/\/oglobo.globo.com\/tudo-sobre\/personalidade\/marcello-antony\" rel=\"nofollow noopener\" target=\"_blank\">Marcello Antony<\/a>). <\/p>\n<p>      <img decoding=\"async\" class=\"content-media__image\"  src=\"https:\/\/www.europesays.com\/pt\/wp-content\/uploads\/2026\/01\/vidinha-doris-mulheres-apaixonadas.png.png\" alt=\"J\u00falia Almeida com Regiane Alves em &quot;Mulheres apaixonadas&quot;, de Manoel Carlos \u2014 Foto: TV Globo\" width=\"1400\" height=\"800\" loading=\"lazy\"\/>  J\u00falia Almeida com Regiane Alves em &#8220;Mulheres apaixonadas&#8221;, de Manoel Carlos \u2014 Foto: TV Globo       <\/p>\n<p class=\" content-text__container \" data-track-category=\"Link no Texto\" data-track-links=\"\"> Manoel Carlos recebeu o diagn\u00f3stico de Doen\u00e7a de Parkinson h\u00e1 mais de sete anos. Ele enfrentava complica\u00e7\u00f5es e estava internado num hospital do Rio de Janeiro. Al\u00e9m das novelas citadas, escreveu ainda &#8220;Baila comigo&#8221; (1981), &#8220;Sol de ver\u00e3o&#8221; (1982), &#8220;P\u00e1ginas da vida&#8221; (2006), &#8220;Viver a vida&#8221; (2009) e &#8220;Em fam\u00edlia&#8221; (2014), entre v\u00e1rias outras produ\u00e7\u00f5es. <\/p>\n<p>    As Helenas de Manoel Carlos           <img decoding=\"async\" id=\"image-id-tumb-b08f7782-23d7-4111-bca4-74bd2e3ca5e3\" alt=\"A atriz L\u00edlian Lemmertz protagonizou a primeira Helena de Manoel Carlos, em Baila Comigo (1981) \u2014 Foto: Acervo\/TV Globo\" src=\"https:\/\/www.europesays.com\/pt\/wp-content\/uploads\/2026\/01\/baila-comigo-lilian-lemmertz.jpg\" loading=\"lazy\" height=\"653\" width=\"984\" data-posicao=\"1\" role=\"button\" tabindex=\"0\"\/>    <img decoding=\"async\" id=\"image-id-b08f7782-23d7-4111-bca4-74bd2e3ca5e3\" class=\"gallery-photo\" alt=\"A atriz L\u00edlian Lemmertz protagonizou a primeira Helena de Manoel Carlos, em Baila Comigo (1981) \u2014 Foto: Acervo\/TV Globo\" src=\"https:\/\/www.europesays.com\/pt\/wp-content\/uploads\/2026\/01\/1768156520_275_baila-comigo-lilian-lemmertz.jpg\" loading=\"lazy\" height=\"653\" width=\"984\"\/>  <\/p>\n<p> 1 de 9 <br \/>&#13;A atriz L\u00edlian Lemmertz protagonizou a primeira Helena de Manoel Carlos, em Baila Comigo (1981) \u2014 Foto: Acervo\/TV Globo <\/p>\n<p>     <img decoding=\"async\" id=\"image-id-tumb-f7e4d9fd-cd82-4ffc-8c45-b986793f0df7\" alt=\"A segunda foi protagonizada por Mait\u00ea Proen\u00e7a, na novela Felicidade (1991) \u2014 Foto: Claudia Dantas \/ Ag\u00eancia O Globo\" src=\"https:\/\/www.europesays.com\/pt\/wp-content\/uploads\/2026\/01\/41683683-0912.1991-claudia-dantas-tv-felicidade-novela-maite-proenca.jpg\" loading=\"lazy\" height=\"768\" width=\"512\" data-posicao=\"2\" role=\"button\" tabindex=\"0\"\/>    <img decoding=\"async\" id=\"image-id-f7e4d9fd-cd82-4ffc-8c45-b986793f0df7\" class=\"gallery-photo\" alt=\"A segunda foi protagonizada por Mait\u00ea Proen\u00e7a, na novela Felicidade (1991) \u2014 Foto: Claudia Dantas \/ Ag\u00eancia O Globo\" src=\"https:\/\/www.europesays.com\/pt\/wp-content\/uploads\/2026\/01\/1768156521_341_41683683-0912.1991-claudia-dantas-tv-felicidade-novela-maite-proenca.jpg\" loading=\"lazy\" height=\"768\" width=\"512\"\/>  <\/p>\n<p> 2 de 9 <br \/>&#13;A segunda foi protagonizada por Mait\u00ea Proen\u00e7a, na novela Felicidade (1991) \u2014 Foto: Claudia Dantas \/ Ag\u00eancia O Globo <\/p>\n<p>       <img decoding=\"async\" id=\"image-id-tumb-13215d3c-c270-4444-a989-5bbc0d74b259\" alt=\"A terceira Helena, feita por Regina Duarte, chegou \u00e0s telas em 1995, na novela Hist\u00f3ria de Amor \u2014 Foto: S\u00e9rgio Andrade \/ Ag\u00eancia O Globo\" src=\"https:\/\/www.europesays.com\/pt\/wp-content\/uploads\/2026\/01\/41206198-2606.1995-sergio-andrade-ext-fx-novela-historia-de-amor-regina-duarte-09173.jpg\" loading=\"lazy\" height=\"765\" width=\"509\" data-posicao=\"3\" role=\"button\" tabindex=\"0\"\/>    <img decoding=\"async\" id=\"image-id-13215d3c-c270-4444-a989-5bbc0d74b259\" class=\"gallery-photo\" alt=\"A terceira Helena, feita por Regina Duarte, chegou \u00e0s telas em 1995, na novela Hist\u00f3ria de Amor \u2014 Foto: S\u00e9rgio Andrade \/ Ag\u00eancia O Globo\" src=\"https:\/\/www.europesays.com\/pt\/wp-content\/uploads\/2026\/01\/1768156522_860_41206198-2606.1995-sergio-andrade-ext-fx-novela-historia-de-amor-regina-duarte-09173.jpg\" loading=\"lazy\" height=\"765\" width=\"509\"\/>  <\/p>\n<p> 3 de 9 <br \/>&#13;A terceira Helena, feita por Regina Duarte, chegou \u00e0s telas em 1995, na novela Hist\u00f3ria de Amor \u2014 Foto: S\u00e9rgio Andrade \/ Ag\u00eancia O Globo <\/p>\n<p>      <img decoding=\"async\" id=\"image-id-1008baff-6de3-4a6c-a92a-4d5978fd5e09\" class=\"gallery-photo\" alt=\"Regina Duarte tamb\u00e9m foi a quarta Helena, em Por Amor (1997). Nessa novela, contracenou ao lado da filha Gabriela Duarte \u2014 Foto: Fernando Quevedo \/ Ag\u00eancia O Globo\" src=\"https:\/\/www.europesays.com\/pt\/wp-content\/uploads\/2026\/01\/40696874-0710.1997-fernando-quevedo-tv-televisao-novela-por-amor-gabriela-duarte-e-reg.jpg\" loading=\"lazy\" height=\"480\" width=\"720\"\/>  <\/p>\n<p> 4 de 9 <br \/>&#13;Regina Duarte tamb\u00e9m foi a quarta Helena, em Por Amor (1997). Nessa novela, contracenou ao lado da filha Gabriela Duarte \u2014 Foto: Fernando Quevedo \/ Ag\u00eancia O Globo <\/p>\n<p>       <img decoding=\"async\" id=\"image-id-160d1bdd-6fac-48a6-a862-3a6a8994d570\" class=\"gallery-photo\" alt=\"Vera Fischer, nos anos 2000, foi Helena em La\u00e7os de Fam\u00edlia, a quinta personagem do autor \u2014 Foto: Carlos Ivan \/ Ag\u00eancia O Globo\" src=\"https:\/\/www.europesays.com\/pt\/wp-content\/uploads\/2026\/01\/40277269-1704.2000-carlos-ivan-tv-exclusivo-atriz-vera-fisher-vai-estar-no-elenco-da-nova.jpg\" loading=\"lazy\" height=\"768\" width=\"512\"\/>  <\/p>\n<p> 5 de 9 <br \/>&#13;Vera Fischer, nos anos 2000, foi Helena em La\u00e7os de Fam\u00edlia, a quinta personagem do autor \u2014 Foto: Carlos Ivan \/ Ag\u00eancia O Globo <\/p>\n<p>      <img decoding=\"async\" id=\"image-id-9964c290-3e1a-4c3b-83eb-0fc9a75c14d7\" class=\"gallery-photo\" alt=\"Em 2003, Christiane Torloni assumiu a personagem em Mulheres Apaixonadas \u2014 Foto: Nana Moraes \/ Ag\u00eancia O Globo\" src=\"https:\/\/www.europesays.com\/pt\/wp-content\/uploads\/2026\/01\/39529417-0908.2002-divulgacao-nana-moraes-tv-exclusivo-christiane-torloni.jpg\" loading=\"lazy\" height=\"819\" width=\"555\"\/>  <\/p>\n<p> 6 de 9 <br \/>&#13;Em 2003, Christiane Torloni assumiu a personagem em Mulheres Apaixonadas \u2014 Foto: Nana Moraes \/ Ag\u00eancia O Globo <\/p>\n<p>       <img decoding=\"async\" id=\"image-id-4469f0b0-3b7b-4536-9098-b9b404736458\" class=\"gallery-photo\" alt=\"L\u00edlia Cabral foi escolhida para Helena na novela P\u00e1ginas da Vida, de 2006 \u2014 Foto: Ag\u00eancia O Globo\" src=\"https:\/\/www.europesays.com\/pt\/wp-content\/uploads\/2026\/01\/113240590-nanda-fernanda-vasconcellos-e-marta-lilia-cabral.jpg\" loading=\"lazy\" height=\"725\" width=\"480\"\/>  <\/p>\n<p> 7 de 9 <br \/>&#13;L\u00edlia Cabral foi escolhida para Helena na novela P\u00e1ginas da Vida, de 2006 \u2014 Foto: Ag\u00eancia O Globo <\/p>\n<p>      <img decoding=\"async\" id=\"image-id-4df23a94-14fc-4682-9ef6-79b02160b416\" class=\"gallery-photo\" alt=\"Ta\u00eds Ara\u00fajo foi a primeira Helena negra do autor. A personagem apareceu nas telas em Viver a Vida (2009) \u2014 Foto: Jos\u00e9 Paulo Cardeal \/ Ag\u00eancia O Globo\" src=\"https:\/\/www.europesays.com\/pt\/wp-content\/uploads\/2026\/01\/36175534-sx-rio-de-janeiro-rj-25-10-2009-viver-a-vida-helena-tais-araujo-.-foto-tv-globo-ze.jpg\" loading=\"lazy\" height=\"968\" width=\"648\"\/>  <\/p>\n<p> 8 de 9 <br \/>&#13;Ta\u00eds Ara\u00fajo foi a primeira Helena negra do autor. A personagem apareceu nas telas em Viver a Vida (2009) \u2014 Foto: Jos\u00e9 Paulo Cardeal \/ Ag\u00eancia O Globo <\/p>\n<p>       <img decoding=\"async\" id=\"image-id-22e2e1a0-d13f-42fd-8672-a8e588f34f65\" class=\"gallery-photo\" alt=\"Julia Lemmertz foi a \u00faltima Helena do autor, na novela Em Fam\u00edlia (2014). A atriz \u00e9 filha de L\u00edlian Lemmertz, que estreou a personagem em 1981 \u2014 Foto: Jo\u00e3o Cotta \/ Ag\u00eancia O Globo\" src=\"https:\/\/www.europesays.com\/pt\/wp-content\/uploads\/2026\/01\/34454030-cr-exclusivo-rio-de-janeiro-rj-06-01-2014-julia-lemmertz-caracterizada-como-helena-e.jpg\" loading=\"lazy\" height=\"799\" width=\"532\"\/>  <\/p>\n<p> 9 de 9 <br \/>&#13;Julia Lemmertz foi a \u00faltima Helena do autor, na novela Em Fam\u00edlia (2014). A atriz \u00e9 filha de L\u00edlian Lemmertz, que estreou a personagem em 1981 \u2014 Foto: Jo\u00e3o Cotta \/ Ag\u00eancia O Globo <\/p>\n<p>Relembre as atrizes que protagonizaram a personagem marcante das novelas desse autor<\/p>\n","protected":false},"excerpt":{"rendered":"Veja foto: Bruna Marquezine, que ficou conhecida pela Salete de &#8216;Mulheres apaixonadas&#8217;, presta homenagem a Manoel Carlos Entrevista:&hellip;\n","protected":false},"author":2,"featured_media":225017,"comment_status":"","ping_status":"","sticky":false,"template":"","format":"standard","meta":{"footnotes":""},"categories":[145],"tags":[813,43353,211,210,20260,114,115,8228,43350,2228,16145,11698,11549,43349,9862,4692,40051,26566,7519,32,33,679,39021,5062,43352,8097,2323,13500,43351],"class_list":{"0":"post-225016","1":"post","2":"type-post","3":"status-publish","4":"format-standard","5":"has-post-thumbnail","7":"category-celebridades","8":"tag-atriz","9":"tag-baila-comigo","10":"tag-celebridades","11":"tag-celebrities","12":"tag-em-familia","13":"tag-entertainment","14":"tag-entretenimento","15":"tag-felicidade","16":"tag-francoise-forton","17":"tag-historia-de-amor","18":"tag-jose-mayer","19":"tag-lacos-de-familia","20":"tag-manoel-carlos","21":"tag-marcello-antony","22":"tag-marieta-severo","23":"tag-mel-lisboa","24":"tag-mulheres-apaixonadas","25":"tag-paginas-da-vida","26":"tag-por-amor","27":"tag-portugal","28":"tag-pt","29":"tag-reportagem","30":"tag-reynaldo-gianecchini","31":"tag-rodrigo-santoro","32":"tag-sol-de-verao","33":"tag-susana-vieira","34":"tag-tv-globo","35":"tag-viver-a-vida","36":"tag-vivianne-pasmanter"},"share_on_mastodon":{"url":"","error":"Validation failed: Text character limit of 500 exceeded"},"_links":{"self":[{"href":"https:\/\/www.europesays.com\/pt\/wp-json\/wp\/v2\/posts\/225016","targetHints":{"allow":["GET"]}}],"collection":[{"href":"https:\/\/www.europesays.com\/pt\/wp-json\/wp\/v2\/posts"}],"about":[{"href":"https:\/\/www.europesays.com\/pt\/wp-json\/wp\/v2\/types\/post"}],"author":[{"embeddable":true,"href":"https:\/\/www.europesays.com\/pt\/wp-json\/wp\/v2\/users\/2"}],"replies":[{"embeddable":true,"href":"https:\/\/www.europesays.com\/pt\/wp-json\/wp\/v2\/comments?post=225016"}],"version-history":[{"count":0,"href":"https:\/\/www.europesays.com\/pt\/wp-json\/wp\/v2\/posts\/225016\/revisions"}],"wp:featuredmedia":[{"embeddable":true,"href":"https:\/\/www.europesays.com\/pt\/wp-json\/wp\/v2\/media\/225017"}],"wp:attachment":[{"href":"https:\/\/www.europesays.com\/pt\/wp-json\/wp\/v2\/media?parent=225016"}],"wp:term":[{"taxonomy":"category","embeddable":true,"href":"https:\/\/www.europesays.com\/pt\/wp-json\/wp\/v2\/categories?post=225016"},{"taxonomy":"post_tag","embeddable":true,"href":"https:\/\/www.europesays.com\/pt\/wp-json\/wp\/v2\/tags?post=225016"}],"curies":[{"name":"wp","href":"https:\/\/api.w.org\/{rel}","templated":true}]}}