{"id":225021,"date":"2026-01-11T18:40:13","date_gmt":"2026-01-11T18:40:13","guid":{"rendered":"https:\/\/www.europesays.com\/pt\/225021\/"},"modified":"2026-01-11T18:40:13","modified_gmt":"2026-01-11T18:40:13","slug":"a-empregada-se-torna-a-maior-bilheteria-de-sydney-sweeney-nos-eua","status":"publish","type":"post","link":"https:\/\/www.europesays.com\/pt\/225021\/","title":{"rendered":"A Empregada se torna a maior bilheteria de Sydney Sweeney nos EUA"},"content":{"rendered":"<p class=\"wp-block-yoast-seo-estimated-reading-time yoast-reading-time__wrapper\">Estimated reading time: 2 minutos<\/p>\n<p>Ap\u00f3s alguns trope\u00e7os comerciais recentes, <a href=\"https:\/\/ovicio.com.br\/tag\/sydney-sweeney\/\" rel=\"nofollow noopener\" target=\"_blank\">Sydney Sweeney<\/a> deu a volta por cima e acaba de quebrar um recorde pessoal importante. O suspense <a href=\"https:\/\/ovicio.com.br\/tag\/a-empregada\/\" rel=\"nofollow noopener\" target=\"_blank\">A Empregada<\/a> atingiu a impressionante marca de US$ 94 milh\u00f5es nas bilheterias dos Estados Unidos, tornando-se oficialmente o maior sucesso da carreira da atriz no mercado dom\u00e9stico.<\/p>\n<p>Com esse desempenho, o novo longa superou os n\u00fameros da com\u00e9dia rom\u00e2ntica <strong>Todos Menos Voc\u00ea<\/strong>, que at\u00e9 ent\u00e3o detinha o posto nos EUA. No cen\u00e1rio global, a com\u00e9dia ainda lidera com US$ 220 milh\u00f5es acumulados, mas <strong>A Empregada<\/strong> j\u00e1 soma US$ 156 milh\u00f5es e segue com f\u00f4lego, tendo chances reais de alcan\u00e7ar o topo mundial at\u00e9 o fim de sua janela de exibi\u00e7\u00e3o.<\/p>\n<p><strong>A Empregada<\/strong> continua em cartaz nos cinemas de todo o Brasil.<\/p>\n<p>Leia tamb\u00e9m sobre A Empregada:<\/p>\n","protected":false},"excerpt":{"rendered":"Estimated reading time: 2 minutos Ap\u00f3s alguns trope\u00e7os comerciais recentes, Sydney Sweeney deu a volta por cima e&hellip;\n","protected":false},"author":2,"featured_media":171099,"comment_status":"","ping_status":"","sticky":false,"template":"","format":"standard","meta":{"footnotes":""},"categories":[140],"tags":[38761,114,115,147,148,146,32,33,4165],"class_list":{"0":"post-225021","1":"post","2":"type-post","3":"status-publish","4":"format-standard","5":"has-post-thumbnail","7":"category-filmes","8":"tag-a-empregada","9":"tag-entertainment","10":"tag-entretenimento","11":"tag-film","12":"tag-filmes","13":"tag-movies","14":"tag-portugal","15":"tag-pt","16":"tag-sydney-sweeney"},"share_on_mastodon":{"url":"https:\/\/pubeurope.com\/@pt\/115877932172366540","error":""},"_links":{"self":[{"href":"https:\/\/www.europesays.com\/pt\/wp-json\/wp\/v2\/posts\/225021","targetHints":{"allow":["GET"]}}],"collection":[{"href":"https:\/\/www.europesays.com\/pt\/wp-json\/wp\/v2\/posts"}],"about":[{"href":"https:\/\/www.europesays.com\/pt\/wp-json\/wp\/v2\/types\/post"}],"author":[{"embeddable":true,"href":"https:\/\/www.europesays.com\/pt\/wp-json\/wp\/v2\/users\/2"}],"replies":[{"embeddable":true,"href":"https:\/\/www.europesays.com\/pt\/wp-json\/wp\/v2\/comments?post=225021"}],"version-history":[{"count":0,"href":"https:\/\/www.europesays.com\/pt\/wp-json\/wp\/v2\/posts\/225021\/revisions"}],"wp:featuredmedia":[{"embeddable":true,"href":"https:\/\/www.europesays.com\/pt\/wp-json\/wp\/v2\/media\/171099"}],"wp:attachment":[{"href":"https:\/\/www.europesays.com\/pt\/wp-json\/wp\/v2\/media?parent=225021"}],"wp:term":[{"taxonomy":"category","embeddable":true,"href":"https:\/\/www.europesays.com\/pt\/wp-json\/wp\/v2\/categories?post=225021"},{"taxonomy":"post_tag","embeddable":true,"href":"https:\/\/www.europesays.com\/pt\/wp-json\/wp\/v2\/tags?post=225021"}],"curies":[{"name":"wp","href":"https:\/\/api.w.org\/{rel}","templated":true}]}}