{"id":225051,"date":"2026-01-11T19:03:17","date_gmt":"2026-01-11T19:03:17","guid":{"rendered":"https:\/\/www.europesays.com\/pt\/225051\/"},"modified":"2026-01-11T19:03:17","modified_gmt":"2026-01-11T19:03:17","slug":"graciele-lacerda-encanta-ao-mostrar-a-filha-pronta-para-curtir-pela-1a-vez-o-navio-de-zeze","status":"publish","type":"post","link":"https:\/\/www.europesays.com\/pt\/225051\/","title":{"rendered":"Graciele Lacerda encanta ao mostrar a filha pronta para curtir pela 1\u00aa vez o navio de Zez\u00e9"},"content":{"rendered":"<p>A filha de\u00a0<strong><a href=\"https:\/\/caras.com.br\/tags\/graciele-lacerda\" target=\"_blank\" rel=\"noopener nofollow\">Graciele Lacerda<\/a><\/strong> e\u00a0<strong><a href=\"https:\/\/caras.com.br\/tags\/zeze-di-camargo\" target=\"_blank\" rel=\"noopener nofollow\">Zez\u00e9 Di Camargo<\/a><\/strong>, <strong>Clara Lacerda Camargo<\/strong>, de um ano, ir\u00e1 pela primeira vez no navio do pai. Neste s\u00e1bado, 10, ao montar as malas para a viagem em alto mar, a esposa do sertanejo encantou ao registrar a pequena com acess\u00f3rios especiais do navio que re\u00fane os f\u00e3s dele.<\/p>\n<p>Usando um len\u00e7o na cabe\u00e7a, a herdeira do famoso apareceu ao lado da m\u00e3e organizando os itens para levarem e deu um show de fofura.<\/p>\n<p>\u201cJ\u00e1 estou pronta pro navio do papai! Lookinhos, fraldas e mama j\u00e1 est\u00e3o na mala! Vamos mam\u00e3e, partiu\u201d, escreveu a empres\u00e1ria ao exibir os registros engra\u00e7adinhos. Nos coment\u00e1rios, os internautas reagiram. \u201cUm ano foi na barriga da mam\u00e3e, agora vai andando\u201d, lembraram. \u201cLindas\u201d, elogiaram outros.<\/p>\n<p> Veja as fotos de Clara Lacerda Camargo pronta para o navio: <\/p>\n<blockquote class=\"instagram-media\" style=\"background: #FFF; border: 0; border-radius: 3px; box-shadow: 0 0 1px 0 rgba(0,0,0,0.5),0 1px 10px 0 rgba(0,0,0,0.15); margin: 1px; max-width: 540px; min-width: 326px; padding: 0; width: calc(100% - 2px);\" data-instgrm-captioned=\"\" data-instgrm-permalink=\"https:\/\/www.instagram.com\/p\/DTWRTmaDgjy\/?utm_source=ig_embed&amp;utm_campaign=loading\" data-instgrm-version=\"14\"><\/blockquote>\n<p> Graciele Lacerda se surpreende com rea\u00e7\u00e3o da filha em primeiro corte de cabelo <\/p>\n<p>Nos \u00faltimos dias, ap\u00f3s completar um ano, <a href=\"https:\/\/caras.com.br\/bebe\/filha-de-graciele-lacerda-surpreende-em-seu-primeiro-corte-de-cabelo.phtml\" rel=\"nofollow noopener\" target=\"_blank\">Clara Lacerda Camargo teve seu primeiro corte de cabelo e surpreendeu com a rea\u00e7\u00e3o<\/a>. A beb\u00ea acabou dormindo no momento e nem percebeu que tiraram seu primeiros fios. Graciele Lacerda at\u00e9 levou uma mecha para guardar de recorda\u00e7\u00e3o.<\/p>\n<p>\t Graciele Lacerda rebate coment\u00e1rio maldoso sobre a filha <\/p>\n<p>Graciele Lacerda deu uma resposta bem direta ao ver um coment\u00e1rio maldoso sobre a apar\u00eancia de sua filha. Ela resolveu expor a ofensa que leu sobre a herdeira. \u201cQuanto a Clarinha est\u00e1 cobrando para assombrar uma casa de 3 c\u00f4modos?\u201d, questionou um usu\u00e1rio na rede social. Ao ver isso, a famosa n\u00e3o se calou e se manifestou publicamente. \u201cCome\u00e7ar o ano lendo uma mensagem assim diz mais sobre quem escreve do que sobre quem recebe. Desejo que em 2026 n\u00e3o te falte amor, empatia e Deus no cora\u00e7\u00e3o\u201d, disse ela.\u00a0<strong><a href=\"https:\/\/caras.com.br\/atualidades\/graciele-lacerda-reage-ao-ver-comentario-maldoso-sobre-a-filha.phtml\" target=\"_blank\" rel=\"noopener nofollow\">Veja!<\/a><\/strong><\/p>\n<p>        <a href=\"https:\/\/caras.com.br\/autor\/nataly-paschoal\" rel=\"nofollow noopener\" target=\"_blank\">&#13;<br \/>\n          <img loading=\"lazy\" decoding=\"async\" alt=\"Nataly Paschoal\" src=\"https:\/\/www.europesays.com\/pt\/wp-content\/uploads\/2025\/12\/nataly-paschoal_sqmd.jpg\" class=\"avatar avatar-115 photo rounded-circle\" height=\"115\" width=\"115\"\/>        <\/a><\/p>\n<p><b>Nataly Paschoal <\/b>\u00e9 rep\u00f3rter de conte\u00fado do site CARAS. Formada em jornalismo pela Faculdade C\u00e1sper L\u00edbero, ela j\u00e1 passou por sites como Todateen, Sportlife e espnW. Escreve sobre celebridades, TV, reality show e novelas.<\/p>\n<p>\t                                            <script async src=\"\/\/www.instagram.com\/embed.js\"><\/script><\/p>\n","protected":false},"excerpt":{"rendered":"A filha de\u00a0Graciele Lacerda e\u00a0Zez\u00e9 Di Camargo, Clara Lacerda Camargo, de um ano, ir\u00e1 pela primeira vez no&hellip;\n","protected":false},"author":2,"featured_media":225052,"comment_status":"","ping_status":"","sticky":false,"template":"","format":"standard","meta":{"footnotes":""},"categories":[145],"tags":[211,210,31874,114,115,31875,31876,7883,43363,32,33,12930],"class_list":{"0":"post-225051","1":"post","2":"type-post","3":"status-publish","4":"format-standard","5":"has-post-thumbnail","7":"category-celebridades","8":"tag-celebridades","9":"tag-celebrities","10":"tag-clara-lacerda-camargo","11":"tag-entertainment","12":"tag-entretenimento","13":"tag-filha-graciele-lacerda","14":"tag-filha-zeze-di-camargo","15":"tag-graciele-lacerda","16":"tag-navio-zeze","17":"tag-portugal","18":"tag-pt","19":"tag-zeze-di-camargo"},"share_on_mastodon":{"url":"https:\/\/pubeurope.com\/@pt\/115878022501538056","error":""},"_links":{"self":[{"href":"https:\/\/www.europesays.com\/pt\/wp-json\/wp\/v2\/posts\/225051","targetHints":{"allow":["GET"]}}],"collection":[{"href":"https:\/\/www.europesays.com\/pt\/wp-json\/wp\/v2\/posts"}],"about":[{"href":"https:\/\/www.europesays.com\/pt\/wp-json\/wp\/v2\/types\/post"}],"author":[{"embeddable":true,"href":"https:\/\/www.europesays.com\/pt\/wp-json\/wp\/v2\/users\/2"}],"replies":[{"embeddable":true,"href":"https:\/\/www.europesays.com\/pt\/wp-json\/wp\/v2\/comments?post=225051"}],"version-history":[{"count":0,"href":"https:\/\/www.europesays.com\/pt\/wp-json\/wp\/v2\/posts\/225051\/revisions"}],"wp:featuredmedia":[{"embeddable":true,"href":"https:\/\/www.europesays.com\/pt\/wp-json\/wp\/v2\/media\/225052"}],"wp:attachment":[{"href":"https:\/\/www.europesays.com\/pt\/wp-json\/wp\/v2\/media?parent=225051"}],"wp:term":[{"taxonomy":"category","embeddable":true,"href":"https:\/\/www.europesays.com\/pt\/wp-json\/wp\/v2\/categories?post=225051"},{"taxonomy":"post_tag","embeddable":true,"href":"https:\/\/www.europesays.com\/pt\/wp-json\/wp\/v2\/tags?post=225051"}],"curies":[{"name":"wp","href":"https:\/\/api.w.org\/{rel}","templated":true}]}}