{"id":225059,"date":"2026-01-11T19:09:08","date_gmt":"2026-01-11T19:09:08","guid":{"rendered":"https:\/\/www.europesays.com\/pt\/225059\/"},"modified":"2026-01-11T19:09:08","modified_gmt":"2026-01-11T19:09:08","slug":"sc-braga-dor-do-pos-derbi-tera-de-passar-rapidamente-porque-vem-ai-outro-derbi","status":"publish","type":"post","link":"https:\/\/www.europesays.com\/pt\/225059\/","title":{"rendered":"SC Braga: dor do p\u00f3s-d\u00e9rbi ter\u00e1 de passar rapidamente porque vem a\u00ed&#8230; outro d\u00e9rbi"},"content":{"rendered":"<p>Perder um jogo custa sempre, numa final e com um trof\u00e9u em disputa ainda mais, e diante do eterno rival torna o cen\u00e1rio ainda mais complicado de digerir.<\/p>\n<p>\u00c9 esta a realidade do <a target=\"_blank\" class=\"editor-link autolink-enabled\" href=\"https:\/\/www.abola.pt\/futebol\/sc-braga-457\" data-resource-id=\"457\" data-resource-type=\"team\" data-sport=\"football\" rel=\"nofollow noopener\">SC Braga<\/a>, depois do desaire (1-2) frente ao <a target=\"_blank\" class=\"editor-link autolink-enabled\" href=\"https:\/\/www.abola.pt\/futebol\/vitoria-de-guimaraes-443\" data-resource-id=\"443\" data-resource-type=\"team\" data-sport=\"football\" rel=\"nofollow noopener\">Vit\u00f3ria de Guimar\u00e3es<\/a>, ontem, na final da Ta\u00e7a da Liga, em Leiria. Os arsenalistas at\u00e9 estiveram em vantagem, fruto do gola\u00e7o de <a target=\"_blank\" class=\"editor-link autolink-enabled\" href=\"https:\/\/www.abola.pt\/futebol\/jogador\/mario-dorgeles-264110\" data-resource-id=\"264110\" data-resource-type=\"player\" data-sport=\"football\" rel=\"nofollow noopener\">Mario Dorgeles<\/a>, de livre direto, logo aos 17 minutos, mas a verdade \u00e9 que a etapa complementar revelou-se devastadora para os guerreiros, que viram os conquistadores darem a volta ao texto. Assim sendo, a quarta Ta\u00e7a da Liga da hist\u00f3ria dos bracarenses foi por um canudo e a festa foi preta e branca.<\/p>\n<p>A dor do universo arsenalista \u00e9 grande, mas na Pedreira n\u00e3o h\u00e1 tempo a perder: imp\u00f5e-se uma rea\u00e7\u00e3o imediata, n\u00e3o s\u00f3 porque a dimens\u00e3o do clube assim o exige. E tamb\u00e9m porque o pr\u00f3ximo jogo \u00e9 j\u00e1 na quarta-feira e tamb\u00e9m ele decisivo \u2014 e outro d\u00e9rbi: desloca\u00e7\u00e3o ao reduto do <a class=\"autolink-enabled\" data-resource-id=\"4770\" data-resource-type=\"team\" data-sport=\"football\" href=\"https:\/\/www.abola.pt\/futebol\/fafe-4770\" rel=\"nofollow noopener\" target=\"_blank\">Fafe<\/a>, em partida referente aos quartos de final da <a class=\"autolink-enabled\" data-resource-id=\"112\" data-resource-type=\"competition\" data-sport=\"football\" href=\"https:\/\/www.abola.pt\/futebol\/competicao\/taca-de-portugal-112\" rel=\"nofollow noopener\" target=\"_blank\">Ta\u00e7a de Portugal<\/a> e com o pontap\u00e9 de sa\u00edda agendado para as 18h45.<\/p>\n<p>Carlos Vicens assumiu, no final do embate com os vimaranenses, que o principal objetivo \u00e9 reerguer o grupo para o desafio vindouro. <\/p>\n<p>\u00abTemos de ir a <a class=\"autolink-enabled\" data-resource-id=\"4770\" data-resource-type=\"team\" data-sport=\"football\" href=\"https:\/\/www.abola.pt\/futebol\/fafe-4770\" rel=\"nofollow noopener\" target=\"_blank\">Fafe<\/a> com uma equipa com for\u00e7a, reanimada e a trabalhar no duro para vencer esta eliminat\u00f3ria da <a class=\"autolink-enabled\" data-resource-id=\"112\" data-resource-type=\"competition\" data-sport=\"football\" href=\"https:\/\/www.abola.pt\/futebol\/competicao\/taca-de-portugal-112\" rel=\"nofollow noopener\" target=\"_blank\">Ta\u00e7a [de Portugal]<\/a>\u00bb, assinalou o treinador espanhol, na confer\u00eancia de Imprensa ap\u00f3s o d\u00e9rbi com os vitorianos, anunciando tamb\u00e9m que, apesar do pouco tempo entre os dois jogos, este \u00e9 um momento importante para que o plantel&#8230; desligue a ficha: \u00abA equipa est\u00e1 triste e vai ter o dia de amanh\u00e3 [hoje] para sarar as feridas, para que os jogadores estejam com as suas fam\u00edlias e desconectem desta final. Na segunda-feira [amanh\u00e3] ter\u00e3o de estar preparados para treinar e para levantarem-se. Temos de estar mais unidos do que nunca, sermos equipa. Vamos trabalhar para irmos a <a class=\"autolink-enabled\" data-resource-id=\"4770\" data-resource-type=\"team\" data-sport=\"football\" href=\"https:\/\/www.abola.pt\/futebol\/fafe-4770\" rel=\"nofollow noopener\" target=\"_blank\">Fafe<\/a> ganhar e estarmos na fase seguinte da <a class=\"autolink-enabled\" data-resource-id=\"112\" data-resource-type=\"competition\" data-sport=\"football\" href=\"https:\/\/www.abola.pt\/futebol\/competicao\/taca-de-portugal-112\" rel=\"nofollow noopener\" target=\"_blank\">Ta\u00e7a de Portugal<\/a>.\u00bb<\/p>\n<p>A desloca\u00e7\u00e3o ao reduto do <a class=\"autolink-enabled\" data-resource-id=\"4770\" data-resource-type=\"team\" data-sport=\"football\" href=\"https:\/\/www.abola.pt\/futebol\/fafe-4770\" rel=\"nofollow noopener\" target=\"_blank\">Fafe<\/a>, emblema que milita na S\u00e9rie A da <a class=\"autolink-enabled\" data-resource-id=\"368\" data-resource-type=\"competition\" data-sport=\"football\" href=\"https:\/\/www.abola.pt\/futebol\/competicao\/liga-3-368\" rel=\"nofollow noopener\" target=\"_blank\">Liga 3<\/a>, ser\u00e1 a terceira partida que o <a class=\"autolink-enabled\" data-resource-id=\"457\" data-resource-type=\"team\" data-sport=\"football\" href=\"https:\/\/www.abola.pt\/futebol\/sc-braga-457\" rel=\"nofollow noopener\" target=\"_blank\">SC Braga<\/a> disputa na condi\u00e7\u00e3o de visitado na presente edi\u00e7\u00e3o da prova rainha. O percurso come\u00e7ou em casa do <a class=\"autolink-enabled\" data-resource-id=\"5651\" data-resource-type=\"team\" data-sport=\"football\" href=\"https:\/\/www.abola.pt\/futebol\/braganca-5651\" rel=\"nofollow noopener\" target=\"_blank\">Bragan\u00e7a<\/a> (1-0), na 3.\u00aa eliminat\u00f3ria, na ronda seguinte ficou marcado pela rece\u00e7\u00e3o ao <a class=\"autolink-enabled\" data-resource-id=\"463\" data-resource-type=\"team\" data-sport=\"football\" href=\"https:\/\/www.abola.pt\/futebol\/nacional-463\" rel=\"nofollow noopener\" target=\"_blank\">Nacional<\/a> (4-2), mas os oitavos de final ditaram novo embate longe da cidade dos Arcebispos, desta vez em Torres Vedras, frente ao <a class=\"autolink-enabled\" data-resource-id=\"5655\" data-resource-type=\"team\" data-sport=\"football\" href=\"https:\/\/www.abola.pt\/futebol\/caldas-5655\" rel=\"nofollow noopener\" target=\"_blank\">Caldas<\/a> (3-0). Este jogo com os pelicanos foi realizado no recinto do <a class=\"autolink-enabled\" data-resource-id=\"4771\" data-resource-type=\"team\" data-sport=\"football\" href=\"https:\/\/www.abola.pt\/futebol\/torreense-4771\" rel=\"nofollow noopener\" target=\"_blank\">Torreense<\/a> uma vez que o relvado dos pelicanos n\u00e3o estava, alegou a FPF, em condi\u00e7\u00f5es para receber o desafio \u2014 decis\u00e3o que, recorde-se, tanta pol\u00e9mica causou&#8230;<\/p>\n<p>E os guerreiros n\u00e3o podem mesmo lamentar-se. Ter\u00e3o de olhar para a frente porque a segunda quinzena deste m\u00eas ser\u00e1 sempre a abrir. <\/p>\n<p>Depois do <a class=\"autolink-enabled\" data-resource-id=\"4770\" data-resource-type=\"team\" data-sport=\"football\" href=\"https:\/\/www.abola.pt\/futebol\/fafe-4770\" rel=\"nofollow noopener\" target=\"_blank\">Fafe<\/a>, o <a class=\"autolink-enabled\" data-resource-id=\"457\" data-resource-type=\"team\" data-sport=\"football\" href=\"https:\/\/www.abola.pt\/futebol\/sc-braga-457\" rel=\"nofollow noopener\" target=\"_blank\">SC Braga<\/a> ainda ter\u00e1 pela frente, at\u00e9 ao final de janeiro, mais quatro jogos: <a class=\"autolink-enabled\" data-resource-id=\"467\" data-resource-type=\"team\" data-sport=\"football\" href=\"https:\/\/www.abola.pt\/futebol\/tondela-467\" rel=\"nofollow noopener\" target=\"_blank\">Tondela<\/a> e <a class=\"autolink-enabled\" data-resource-id=\"452\" data-resource-type=\"team\" data-sport=\"football\" href=\"https:\/\/www.abola.pt\/futebol\/alverca-452\" rel=\"nofollow noopener\" target=\"_blank\">Alverca<\/a> (18.\u00aa e 19.\u00aa jornadas da <a class=\"autolink-enabled\" data-resource-id=\"13\" data-resource-type=\"competition\" data-sport=\"football\" href=\"https:\/\/www.abola.pt\/futebol\/competicao\/liga-portugal-betclic-13\" rel=\"nofollow noopener\" target=\"_blank\">Liga<\/a>), e <a class=\"autolink-enabled\" data-resource-id=\"133\" data-resource-type=\"team\" data-sport=\"football\" href=\"https:\/\/www.abola.pt\/futebol\/nottingham-forest-133\" rel=\"nofollow noopener\" target=\"_blank\">Nottingham Forest<\/a> e <a target=\"_blank\" class=\"editor-link autolink-enabled\" href=\"https:\/\/www.abola.pt\/futebol\/go-ahead-eagles-411\" data-resource-id=\"411\" data-resource-type=\"team\" data-sport=\"football\" rel=\"nofollow noopener\">Go Ahead Eagles<\/a> (7.\u00aa e 8.\u00aa rondas da <a class=\"autolink-enabled\" data-resource-id=\"28\" data-resource-type=\"competition\" data-sport=\"football\" href=\"https:\/\/www.abola.pt\/futebol\/competicao\/uefa-europa-league-28\" rel=\"nofollow noopener\" target=\"_blank\">UEFA Europa League<\/a>). E triunfos precisam-se&#8230;<\/p>\n","protected":false},"excerpt":{"rendered":"Perder um jogo custa sempre, numa final e com um trof\u00e9u em disputa ainda mais, e diante do&hellip;\n","protected":false},"author":2,"featured_media":225060,"comment_status":"","ping_status":"","sticky":false,"template":"","format":"standard","meta":{"footnotes":""},"categories":[87],"tags":[135,32,33,134],"class_list":{"0":"post-225059","1":"post","2":"type-post","3":"status-publish","4":"format-standard","5":"has-post-thumbnail","7":"category-desporto","8":"tag-desporto","9":"tag-portugal","10":"tag-pt","11":"tag-sports"},"share_on_mastodon":{"url":"https:\/\/pubeurope.com\/@pt\/115878046138316581","error":""},"_links":{"self":[{"href":"https:\/\/www.europesays.com\/pt\/wp-json\/wp\/v2\/posts\/225059","targetHints":{"allow":["GET"]}}],"collection":[{"href":"https:\/\/www.europesays.com\/pt\/wp-json\/wp\/v2\/posts"}],"about":[{"href":"https:\/\/www.europesays.com\/pt\/wp-json\/wp\/v2\/types\/post"}],"author":[{"embeddable":true,"href":"https:\/\/www.europesays.com\/pt\/wp-json\/wp\/v2\/users\/2"}],"replies":[{"embeddable":true,"href":"https:\/\/www.europesays.com\/pt\/wp-json\/wp\/v2\/comments?post=225059"}],"version-history":[{"count":0,"href":"https:\/\/www.europesays.com\/pt\/wp-json\/wp\/v2\/posts\/225059\/revisions"}],"wp:featuredmedia":[{"embeddable":true,"href":"https:\/\/www.europesays.com\/pt\/wp-json\/wp\/v2\/media\/225060"}],"wp:attachment":[{"href":"https:\/\/www.europesays.com\/pt\/wp-json\/wp\/v2\/media?parent=225059"}],"wp:term":[{"taxonomy":"category","embeddable":true,"href":"https:\/\/www.europesays.com\/pt\/wp-json\/wp\/v2\/categories?post=225059"},{"taxonomy":"post_tag","embeddable":true,"href":"https:\/\/www.europesays.com\/pt\/wp-json\/wp\/v2\/tags?post=225059"}],"curies":[{"name":"wp","href":"https:\/\/api.w.org\/{rel}","templated":true}]}}