{"id":225105,"date":"2026-01-11T19:46:16","date_gmt":"2026-01-11T19:46:16","guid":{"rendered":"https:\/\/www.europesays.com\/pt\/225105\/"},"modified":"2026-01-11T19:46:16","modified_gmt":"2026-01-11T19:46:16","slug":"wagner-moura-recebe-premio-e-comemora-reconhecimento-de-o-agente-secreto-verso","status":"publish","type":"post","link":"https:\/\/www.europesays.com\/pt\/225105\/","title":{"rendered":"Wagner Moura recebe pr\u00eamio e comemora reconhecimento de \u2018O Agente Secreto\u2019 &#8211; Verso"},"content":{"rendered":"<p>O\u00a0<strong>ator brasileiro Wagner Moura<\/strong>\u00a0foi um dos homenageados no Astra Awards na \u00faltima sexta-feira (9), em Los Angeles. A premia\u00e7\u00e3o, conduzida pela Hollywood Creative Alliance, concedeu ao artista o\u00a0<strong>Acting Achievement Award como reconhecimento\u00a0<\/strong>pela carreira dele na TV e no cinema.<\/p>\n<p>Em agradecimento, Wagner ainda citou a import\u00e2ncia da campanha com o longa &#8220;O Agente Secreto&#8221; nas <a href=\"https:\/\/diariodonordeste.verdesmares.com.br\/verso\/o-agente-secreto-entra-em-pre-lista-do-bafta-2026-o-oscar-britanico-1.3726555\" target=\"_blank\" rel=\"nofollow noopener\">premia\u00e7\u00f5es cinematogr\u00e1ficas<\/a>. O filme, inclusive, tem sido cotado para o Oscar 2026.<\/p>\n<p>&#8220;Tem sido muito bonito ver um\u00a0<strong>filme brasileiro receber a aten\u00e7\u00e3o\u00a0<\/strong>que o nosso filme tem recebido, especialmente depois do sucesso de &#8220;Ainda estou aqui&#8221; no ano passado. Tem sido muito bonito, a gente est\u00e1 muito feliz&#8221;, disse ele.<\/p>\n<p>\t\t\t\tVeja tamb\u00e9m<\/p>\n<p>Al\u00e9m disso, ainda comentou sobre o exerc\u00edcio como ator e agradeceu pela repercuss\u00e3o de tantos\u00a0<strong>pap\u00e9is ic\u00f4nicos na carreira<\/strong>.<\/p>\n<p>&#8220;Como atores, n\u00f3s somos muito sortudos em encontrar estes personagens e habitar os mundos e podermos criar as almas destes seres humanos. Eu me sinto muito grato por ter sido dada a oportunidade de fazer isso muitas vezes na minha vida&#8221;, completou.<\/p>\n<p>A <strong>temporada de premia\u00e7\u00f5es ainda deixa muita expectativa<\/strong>. &#8220;O agente secreto&#8221; disputa tr\u00eas pr\u00eamios do Globo de Ouro neste domingo (11), nas categorias de melhor filme de drama, melhor filme em l\u00edngua n\u00e3o inglesa e melhor ator em filme de drama, com Wagner Moura.<\/p>\n","protected":false},"excerpt":{"rendered":"O\u00a0ator brasileiro Wagner Moura\u00a0foi um dos homenageados no Astra Awards na \u00faltima sexta-feira (9), em Los Angeles. A&hellip;\n","protected":false},"author":2,"featured_media":225106,"comment_status":"","ping_status":"","sticky":false,"template":"","format":"standard","meta":{"footnotes":""},"categories":[145],"tags":[2397,211,210,114,115,32,33],"class_list":{"0":"post-225105","1":"post","2":"type-post","3":"status-publish","4":"format-standard","5":"has-post-thumbnail","7":"category-celebridades","8":"tag-artes-cultura-e-entretenimento","9":"tag-celebridades","10":"tag-celebrities","11":"tag-entertainment","12":"tag-entretenimento","13":"tag-portugal","14":"tag-pt"},"share_on_mastodon":{"url":"https:\/\/pubeurope.com\/@pt\/115878191601419393","error":""},"_links":{"self":[{"href":"https:\/\/www.europesays.com\/pt\/wp-json\/wp\/v2\/posts\/225105","targetHints":{"allow":["GET"]}}],"collection":[{"href":"https:\/\/www.europesays.com\/pt\/wp-json\/wp\/v2\/posts"}],"about":[{"href":"https:\/\/www.europesays.com\/pt\/wp-json\/wp\/v2\/types\/post"}],"author":[{"embeddable":true,"href":"https:\/\/www.europesays.com\/pt\/wp-json\/wp\/v2\/users\/2"}],"replies":[{"embeddable":true,"href":"https:\/\/www.europesays.com\/pt\/wp-json\/wp\/v2\/comments?post=225105"}],"version-history":[{"count":0,"href":"https:\/\/www.europesays.com\/pt\/wp-json\/wp\/v2\/posts\/225105\/revisions"}],"wp:featuredmedia":[{"embeddable":true,"href":"https:\/\/www.europesays.com\/pt\/wp-json\/wp\/v2\/media\/225106"}],"wp:attachment":[{"href":"https:\/\/www.europesays.com\/pt\/wp-json\/wp\/v2\/media?parent=225105"}],"wp:term":[{"taxonomy":"category","embeddable":true,"href":"https:\/\/www.europesays.com\/pt\/wp-json\/wp\/v2\/categories?post=225105"},{"taxonomy":"post_tag","embeddable":true,"href":"https:\/\/www.europesays.com\/pt\/wp-json\/wp\/v2\/tags?post=225105"}],"curies":[{"name":"wp","href":"https:\/\/api.w.org\/{rel}","templated":true}]}}