{"id":225109,"date":"2026-01-11T19:51:23","date_gmt":"2026-01-11T19:51:23","guid":{"rendered":"https:\/\/www.europesays.com\/pt\/225109\/"},"modified":"2026-01-11T19:51:23","modified_gmt":"2026-01-11T19:51:23","slug":"o-homem-de-aco-apos-quase-13-anos-cartazes-descartados-sao-revelados","status":"publish","type":"post","link":"https:\/\/www.europesays.com\/pt\/225109\/","title":{"rendered":"O Homem de A\u00e7o | Ap\u00f3s quase 13 anos, cartazes descartados s\u00e3o revelados"},"content":{"rendered":"<p class=\"wp-block-yoast-seo-estimated-reading-time yoast-reading-time__wrapper\">Estimated reading time: 2 minutos<\/p>\n<p>Ap\u00f3s quase 13 anos de seu lan\u00e7amento original, <a href=\"https:\/\/ovicio.com.br\/filme\/o-Homem-de-Aco\/\" rel=\"nofollow noopener\" target=\"_blank\">O Homem de A\u00e7o<\/a> teve cartazes descartados revelados, oferecendo aos f\u00e3s um vislumbre do que poderia ter sido a campanha de marketing da produ\u00e7\u00e3o.<\/p>\n<p>Os materiais s\u00e3o oficiais e foram desenvolvidos pelo artista <strong>Oleg Zatler<\/strong>. As artes focam intensamente na destrui\u00e7\u00e3o de <strong>Metr\u00f3polis<\/strong>, refletindo o tom mais sombrio e a escala catacl\u00edsmica do terceiro ato do filme, mas acabaram sendo deixadas de lado pelo est\u00fadio na \u00e9poca da divulga\u00e7\u00e3o. Confira abaixo:<\/p>\n<p><img fetchpriority=\"high\" decoding=\"async\" width=\"459\" height=\"680\" src=\"https:\/\/www.europesays.com\/pt\/wp-content\/uploads\/2026\/01\/20260111-g-ynmrla4aas892.webp.webp\" alt=\"P\u00f4ster descartado de O Homem de A\u00e7o\" class=\"lazyload wp-image-891335\"  data-\/>Reprodu\u00e7\u00e3o: Warner Bros.<img loading=\"lazy\" decoding=\"async\" width=\"459\" height=\"680\" src=\"https:\/\/www.europesays.com\/pt\/wp-content\/uploads\/2026\/01\/20260111-g-ynmrkagaazrdq.webp.webp\" alt=\"P\u00f4ster descartado de O Homem de A\u00e7o\" class=\"lazyload wp-image-891336\"  data-\/>Reprodu\u00e7\u00e3o: Warner Bros.<\/p>\n<p>Dirigido por <strong>Zack Snyder<\/strong>, produzido por <strong>Christopher Nolan<\/strong> e escrito por <strong>David S. Goyer<\/strong>, o longa marcou a estreia de <strong>Henry Cavill<\/strong> como <a href=\"https:\/\/ovicio.com.br\/tag\/superman\/\" rel=\"nofollow noopener\" target=\"_blank\">Superman<\/a> e dividiu opini\u00f5es, em parte, justamente pelo n\u00edvel de destrui\u00e7\u00e3o apresentado nessas artes agora reveladas.<\/p>\n<p><strong>O Homem de A\u00e7o<\/strong> est\u00e1 dispon\u00edvel no cat\u00e1logo da <strong>HBO Max<\/strong>.<\/p>\n<p>Leia tamb\u00e9m sobre Superman:<\/p>\n","protected":false},"excerpt":{"rendered":"Estimated reading time: 2 minutos Ap\u00f3s quase 13 anos de seu lan\u00e7amento original, O Homem de A\u00e7o teve&hellip;\n","protected":false},"author":2,"featured_media":225110,"comment_status":"","ping_status":"","sticky":false,"template":"","format":"standard","meta":{"footnotes":""},"categories":[140],"tags":[114,115,147,148,8733,146,31714,32,33,1248,26140],"class_list":{"0":"post-225109","1":"post","2":"type-post","3":"status-publish","4":"format-standard","5":"has-post-thumbnail","7":"category-filmes","8":"tag-entertainment","9":"tag-entretenimento","10":"tag-film","11":"tag-filmes","12":"tag-henry-cavill","13":"tag-movies","14":"tag-o-homem-de-aco","15":"tag-portugal","16":"tag-pt","17":"tag-superman","18":"tag-zack-snyder"},"share_on_mastodon":{"url":"https:\/\/pubeurope.com\/@pt\/115878211425655892","error":""},"_links":{"self":[{"href":"https:\/\/www.europesays.com\/pt\/wp-json\/wp\/v2\/posts\/225109","targetHints":{"allow":["GET"]}}],"collection":[{"href":"https:\/\/www.europesays.com\/pt\/wp-json\/wp\/v2\/posts"}],"about":[{"href":"https:\/\/www.europesays.com\/pt\/wp-json\/wp\/v2\/types\/post"}],"author":[{"embeddable":true,"href":"https:\/\/www.europesays.com\/pt\/wp-json\/wp\/v2\/users\/2"}],"replies":[{"embeddable":true,"href":"https:\/\/www.europesays.com\/pt\/wp-json\/wp\/v2\/comments?post=225109"}],"version-history":[{"count":0,"href":"https:\/\/www.europesays.com\/pt\/wp-json\/wp\/v2\/posts\/225109\/revisions"}],"wp:featuredmedia":[{"embeddable":true,"href":"https:\/\/www.europesays.com\/pt\/wp-json\/wp\/v2\/media\/225110"}],"wp:attachment":[{"href":"https:\/\/www.europesays.com\/pt\/wp-json\/wp\/v2\/media?parent=225109"}],"wp:term":[{"taxonomy":"category","embeddable":true,"href":"https:\/\/www.europesays.com\/pt\/wp-json\/wp\/v2\/categories?post=225109"},{"taxonomy":"post_tag","embeddable":true,"href":"https:\/\/www.europesays.com\/pt\/wp-json\/wp\/v2\/tags?post=225109"}],"curies":[{"name":"wp","href":"https:\/\/api.w.org\/{rel}","templated":true}]}}