{"id":225112,"date":"2026-01-11T19:53:36","date_gmt":"2026-01-11T19:53:36","guid":{"rendered":"https:\/\/www.europesays.com\/pt\/225112\/"},"modified":"2026-01-11T19:53:36","modified_gmt":"2026-01-11T19:53:36","slug":"adultos-tambem-precisam-se-vacinar-antes-de-viagens-ou-das-ferias-2","status":"publish","type":"post","link":"https:\/\/www.europesays.com\/pt\/225112\/","title":{"rendered":"Adultos tamb\u00e9m precisam se vacinar antes de viagens ou das f\u00e9rias"},"content":{"rendered":"<p>Por <\/p>\n<p>\t\t\t\tReda\u00e7\u00e3o R\u00e1dio Pampa\t<\/p>\n<p>\t\t\t\t | 10 de janeiro de 2026<\/p>\n<p><img width=\"1170\" height=\"700\" src=\"https:\/\/www.europesays.com\/pt\/wp-content\/uploads\/2026\/01\/1768161216_536_vacina-gripe.jpg\" class=\"webfeedsFeaturedVisual wp-post-image\" alt=\"\" style=\"display: block; margin: auto; margin-bottom: 5px;max-width: 100%;\" link_thumbnail=\"\" decoding=\"async\" loading=\"lazy\"  \/><\/p>\n<p>Com a chegada do ver\u00e3o, o aumento das chuvas, da circula\u00e7\u00e3o de pessoas e do volume de viagens amplia o risco de transmiss\u00e3o de doen\u00e7as infecciosas como hepatite A, dengue e febre amarela. Especialistas alertam que grande parte dessas enfermidades pode ser evitada por meio da vacina\u00e7\u00e3o e recomendam que adultos revisem a carteira vacinal antes de iniciar as f\u00e9rias ou se deslocar para outras regi\u00f5es do pa\u00eds.<\/p>\n<p>Al\u00e9m das vacinas dispon\u00edveis gratuitamente no Sistema \u00danico de Sa\u00fade (SUS), alguns imunizantes que n\u00e3o integram o calend\u00e1rio regular de adultos podem ser oferecidos sem custo em situa\u00e7\u00f5es espec\u00edficas pelos Centros de Refer\u00eancia para Imunobiol\u00f3gicos Especiais (CRIEs). Nessas unidades, pessoas com maior risco de complica\u00e7\u00f5es \u2014como pacientes que vivem com HIV, pessoas com c\u00e2ncer e transplantados\u2014 t\u00eam acesso a vacinas como as meningoc\u00f3cicas e pneumoc\u00f3cicas, que n\u00e3o fazem parte da rotina para a popula\u00e7\u00e3o geral.<\/p>\n<p>Entre as principais vacinas indicadas para adultos est\u00e3o as de hepatite A e B. A vacina contra hepatite A, dispon\u00edvel na rede privada, pode ser aplicada em pessoas a partir dos 12 meses que ainda n\u00e3o tenham sido imunizadas e \u00e9 considerada a principal forma de preven\u00e7\u00e3o. No SUS, o imunizante faz parte do calend\u00e1rio infantil, com dose aplicada aos 15 meses de idade. J\u00e1 a hepatite B conta com vacina gratuita para qualquer pessoa n\u00e3o vacinada. Em adultos, o esquema padr\u00e3o \u00e9 de tr\u00eas doses, distribu\u00eddas ao longo de seis meses.<\/p>\n<p>Outra recomenda\u00e7\u00e3o importante envolve a prote\u00e7\u00e3o contra t\u00e9tano, difteria e coqueluche. A vacina dupla adulto (dT) deve ser refor\u00e7ada a cada dez anos, ou a cada cinco anos em caso de ferimentos graves. Segundo especialistas, o risco de exposi\u00e7\u00e3o ao t\u00e9tano aumenta com o avan\u00e7o da idade, especialmente em situa\u00e7\u00f5es cotidianas como pequenos cortes, acidentes dom\u00e9sticos ou atividades como jardinagem. H\u00e1 ainda a op\u00e7\u00e3o da dTpa, que inclui prote\u00e7\u00e3o contra a coqueluche, doen\u00e7a mais frequente no ver\u00e3o e que, em adultos, pode provocar tosse intensa e prolongada. O refor\u00e7o \u00e9 indicado principalmente para profissionais de sa\u00fade e pessoas que convivem com beb\u00eas.<\/p>\n<p>A vacina contra a influenza deve ser aplicada anualmente, em dose \u00fanica, devido \u00e0s constantes muta\u00e7\u00f5es do v\u00edrus. No SUS, a imuniza\u00e7\u00e3o \u00e9 destinada a grupos priorit\u00e1rios, como idosos, crian\u00e7as pequenas, gestantes, profissionais da sa\u00fade e da educa\u00e7\u00e3o, povos ind\u00edgenas, pessoas com doen\u00e7as cr\u00f4nicas, entre outros.<\/p>\n<p>Adultos tamb\u00e9m devem manter atualizada a vacina\u00e7\u00e3o contra sarampo, rub\u00e9ola e caxumba (tr\u00edplice viral). Apesar de o Brasil n\u00e3o registrar circula\u00e7\u00e3o end\u00eamica do sarampo, o aumento de casos em outros pa\u00edses eleva o risco de reintrodu\u00e7\u00e3o do v\u00edrus. O calend\u00e1rio prev\u00ea duas doses para pessoas at\u00e9 29 anos e uma dose para adultos entre 30 e 59 anos sem comprova\u00e7\u00e3o vacinal.<\/p>\n<p>Em rela\u00e7\u00e3o \u00e0 dengue, o SUS oferece atualmente a vacina Qdenga apenas para crian\u00e7as e adolescentes de 10 a 14 anos. Para adultos, o imunizante ainda n\u00e3o est\u00e1 dispon\u00edvel gratuitamente. J\u00e1 a vacina contra herpes zoster, indicada para pessoas a partir de 50 anos, \u00e9 oferecida somente na rede privada e ajuda a prevenir complica\u00e7\u00f5es como a neuralgia p\u00f3s-herp\u00e9tica.<\/p>\n<p>As vacinas contra meningite s\u00e3o indicadas para adultos apenas em situa\u00e7\u00f5es de surto ou para grupos espec\u00edficos definidos pela vigil\u00e2ncia epidemiol\u00f3gica. A pneumoc\u00f3cica, que protege contra pneumonia, \u00e9 recomendada a partir dos 60 anos, mas n\u00e3o est\u00e1 dispon\u00edvel no SUS para idosos saud\u00e1veis. O v\u00edrus sincicial respirat\u00f3rio (VSR) conta com vacina na rede privada para idosos, gestantes e pessoas com comorbidades, enquanto no SUS o imunizante \u00e9 aplicado apenas em gestantes a partir da 28\u00aa semana.<\/p>\n<p>A vacina contra a febre amarela segue sendo essencial para quem vive ou viaja pelo Brasil, pa\u00eds considerado end\u00eamico. Para adultos, o esquema \u00e9 de dose \u00fanica e est\u00e1 dispon\u00edvel na rede p\u00fablica. J\u00e1 a imuniza\u00e7\u00e3o contra a Covid-19 permanece indicada para grupos priorit\u00e1rios, incluindo idosos, gestantes e pessoas com comorbidades.<\/p>\n<p>Por fim, a vacina contra o HPV \u00e9 recomendada para adolescentes e adultos de at\u00e9 45 anos, por proteger contra v\u00edrus associados a diversos tipos de c\u00e2ncer e contra verrugas genitais, refor\u00e7ando a import\u00e2ncia da preven\u00e7\u00e3o ao longo da vida adulta. Com informa\u00e7\u00f5es da Folha de S. Paulo.<\/p>\n","protected":false},"excerpt":{"rendered":"Por Reda\u00e7\u00e3o R\u00e1dio Pampa | 10 de janeiro de 2026 Com a chegada do ver\u00e3o, o aumento das&hellip;\n","protected":false},"author":2,"featured_media":225113,"comment_status":"","ping_status":"","sticky":false,"template":"","format":"standard","meta":{"footnotes":""},"categories":[86],"tags":[116,32,33,117],"class_list":{"0":"post-225112","1":"post","2":"type-post","3":"status-publish","4":"format-standard","5":"has-post-thumbnail","7":"category-saude","8":"tag-health","9":"tag-portugal","10":"tag-pt","11":"tag-saude"},"share_on_mastodon":{"url":"https:\/\/pubeurope.com\/@pt\/115878219200407611","error":""},"_links":{"self":[{"href":"https:\/\/www.europesays.com\/pt\/wp-json\/wp\/v2\/posts\/225112","targetHints":{"allow":["GET"]}}],"collection":[{"href":"https:\/\/www.europesays.com\/pt\/wp-json\/wp\/v2\/posts"}],"about":[{"href":"https:\/\/www.europesays.com\/pt\/wp-json\/wp\/v2\/types\/post"}],"author":[{"embeddable":true,"href":"https:\/\/www.europesays.com\/pt\/wp-json\/wp\/v2\/users\/2"}],"replies":[{"embeddable":true,"href":"https:\/\/www.europesays.com\/pt\/wp-json\/wp\/v2\/comments?post=225112"}],"version-history":[{"count":0,"href":"https:\/\/www.europesays.com\/pt\/wp-json\/wp\/v2\/posts\/225112\/revisions"}],"wp:featuredmedia":[{"embeddable":true,"href":"https:\/\/www.europesays.com\/pt\/wp-json\/wp\/v2\/media\/225113"}],"wp:attachment":[{"href":"https:\/\/www.europesays.com\/pt\/wp-json\/wp\/v2\/media?parent=225112"}],"wp:term":[{"taxonomy":"category","embeddable":true,"href":"https:\/\/www.europesays.com\/pt\/wp-json\/wp\/v2\/categories?post=225112"},{"taxonomy":"post_tag","embeddable":true,"href":"https:\/\/www.europesays.com\/pt\/wp-json\/wp\/v2\/tags?post=225112"}],"curies":[{"name":"wp","href":"https:\/\/api.w.org\/{rel}","templated":true}]}}