{"id":225118,"date":"2026-01-11T19:57:10","date_gmt":"2026-01-11T19:57:10","guid":{"rendered":"https:\/\/www.europesays.com\/pt\/225118\/"},"modified":"2026-01-11T19:57:10","modified_gmt":"2026-01-11T19:57:10","slug":"as-pessoas-estao-a-morrer-iranianos-em-lisboa-pedem-intervencao-internacional","status":"publish","type":"post","link":"https:\/\/www.europesays.com\/pt\/225118\/","title":{"rendered":"&#8220;As pessoas est\u00e3o a morrer&#8221;. Iranianos em Lisboa pedem interven\u00e7\u00e3o internacional"},"content":{"rendered":"<p data-remotead-prev-elm=\"true\" data-remotead-elm-id=\"inread\">&#8220;Precisamos de interven\u00e7\u00e3o porque as pessoas est\u00e3o a morrer. Precisamos de uma parceria global da Europa, das Na\u00e7\u00f5es Unidas, das organiza\u00e7\u00f5es internacionais da Europa e dos Estados Unidos, do Canad\u00e1 e dos pa\u00edses da Commonwealth&#8221;, afirmou Salah Abbassi, em declara\u00e7\u00f5es \u00e0 ag\u00eancia Lusa.<\/p>\n<p>O ativista, que tem dupla nacionalidade (iraniana e portuguesa), pediu que os pa\u00edses ocidentais e as organiza\u00e7\u00f5es internacionais &#8220;se re\u00fanam e abordem a quest\u00e3o de forma eficaz&#8221; porque, defendeu, o regime da Rep\u00fablica Isl\u00e2mica &#8220;n\u00e3o \u00e9 diferente dos nazis&#8221;.<\/p>\n<p>Abassi sublinhou ainda que os milhares de iranianos que nas \u00faltimas duas semanas v\u00e3o todos os dias para as ruas de v\u00e1rias cidades do pa\u00eds para contestar o regime &#8220;n\u00e3o est\u00e3o a debater pol\u00edtica&#8221;, mas sim &#8220;uma quest\u00e3o de direitos humanos&#8221;.<\/p>\n<p data-remotead-prev-elm=\"true\" data-remotead-elm-id=\"centro1\"><img decoding=\"async\" class=\"ngx-body\" guid=\"58ccaa98-4262-479c-93f3-1a022469af4f\" src=\"https:\/\/www.europesays.com\/pt\/wp-content\/uploads\/2026\/01\/1768161429_372_image.webp.webp\" width=\"100%\"\/><br \/>Foto: Rodrigo Antunes\/Lusa<\/p>\n<p>Os manifestantes &#8220;est\u00e3o a exigir dignidade, direitos humanos b\u00e1sicos e direitos das mulheres, mas a Rep\u00fablica Isl\u00e2mica est\u00e1 a oprimi-los e os tiros est\u00e3o a mat\u00e1-los&#8221;, avan\u00e7ou o ativista, adiantando que &#8220;s\u00f3 ontem \u00e0 noite [s\u00e1bado] foram mortas pelo menos 200 pessoas&#8221;.<\/p>\n<p>A organiza\u00e7\u00e3o de defesa dos direitos humanos Iran Human Rights, avan\u00e7ou ter registo de 192 manifestantes mortos nas \u00faltimas duas semanas, mas alertou para a probabilidade de o n\u00famero ser muito maior, j\u00e1 que a contagem torna-se muito dif\u00edcil sem Internet, cortada pelas autoridades na quinta-feira.<\/p>\n<p data-remotead-prev-elm=\"true\" data-remotead-elm-id=\"centro2\">&#8220;N\u00e3o h\u00e1 relat\u00f3rio oficial porque n\u00e3o h\u00e1 comunica\u00e7\u00e3o com o exterior&#8221;, disse Salah Abbassi, referindo que o Ir\u00e3o est\u00e1 &#8220;em confinamento&#8221; devido ao bloqueio das comunica\u00e7\u00f5es.<\/p>\n<p>&#8220;Este \u00e9 um padr\u00e3o assassino da Rep\u00fablica Isl\u00e2mica: matar iranianos inocentes e disfar\u00e7ar isto como algo que o Ocidente e o mundo n\u00e3o deveriam saber. E \u00e9 por isso que est\u00e3o a cortar a internet&#8221;, acusou.<\/p>\n<p><img decoding=\"async\" class=\"ngx-body\" guid=\"0561a6a3-c151-4323-acfc-3459fd2ae53c\" src=\"https:\/\/www.europesays.com\/pt\/wp-content\/uploads\/2026\/01\/1768161430_73_image.webp.webp\" width=\"100%\"\/><br \/>Foto: Rodrigo Antunes\/Lusa<\/p>\n<p>A manifesta\u00e7\u00e3o em Lisboa, que come\u00e7ou \u00e0s 12 horas, juntou cerca de 200 pessoas, com bandeiras de Portugal, Ir\u00e3o, Israel e Estados Unidos e palavras de ordem como: &#8220;Queremos dignidade&#8221; e &#8220;A Rep\u00fablica Isl\u00e2mica est\u00e1 a matar-nos&#8221;.<\/p>\n<p>&#8220;O que exigem \u00e9 simplesmente dignidade, paz com o mundo, com Israel, com os Estados Unidos e um futuro para si pr\u00f3prios, que lhes \u00e9 negado pela Rep\u00fablica Isl\u00e2mica desde 1979&#8221;, explicou.<\/p>\n<p data-remotead-prev-elm=\"true\" data-remotead-elm-id=\"centro4\">O ativista reiterou o pedido feito anteriormente por um porta-voz da organiza\u00e7\u00e3o do protesto para que o Governo expulse os representantes da Rep\u00fablica Isl\u00e2mica em Portugal, defendendo que o embaixador deve pelo menos ser interrogado.<\/p>\n<p>&#8220;O que exigimos \u00e0s autoridades portuguesas, em primeiro lugar, \u00e9 que interroguem o embaixador da Rep\u00fablica Isl\u00e2mica. Porque representa um culto criminoso, que est\u00e1 a matar o seu pr\u00f3prio povo&#8221;, avan\u00e7ou, acrescentando que Portugal deve &#8220;mostrar que os criminosos internacionais n\u00e3o t\u00eam lugar&#8221; no pa\u00eds.<\/p>\n<p>Cercados por um cord\u00e3o da pol\u00edcia, a impedir a aproxima\u00e7\u00e3o da entrada da embaixada, os manifestantes em Lisboa querem mostrar em solidariedade com os que se t\u00eam concentrado, desde 28 de dezembro, em v\u00e1rias cidades iranianas, inicialmente para contestar o custo de vida e, depois, para exigir a queda do regime.<\/p>\n<p data-remotead-prev-elm=\"true\" data-remotead-elm-id=\"centro5\">Os protestos t\u00eam sido reprimidos com viol\u00eancia pelas autoridades, tendo o l\u00edder supremo, o &#8220;ayatollah&#8221; Ali Khamenei, garantido na sexta-feira que o pa\u00eds &#8220;ia iniciar&#8221; uma repress\u00e3o.<\/p>\n<p>No s\u00e1bado, o procurador-geral do Ir\u00e3o avisou que qualquer pessoa que participe nos protestos ser\u00e1 considerada &#8220;inimiga de Deus&#8221;, acusa\u00e7\u00e3o pun\u00edvel com pena de morte.<\/p>\n","protected":false},"excerpt":{"rendered":"&#8220;Precisamos de interven\u00e7\u00e3o porque as pessoas est\u00e3o a morrer. Precisamos de uma parceria global da Europa, das Na\u00e7\u00f5es&hellip;\n","protected":false},"author":2,"featured_media":225119,"comment_status":"","ping_status":"","sticky":false,"template":"","format":"standard","meta":{"footnotes":""},"categories":[50],"tags":[27,28,15,16,14,5453,25,26,21,22,18000,62,619,12,13,19,20,23,24,17,18,29,30,31,63,64,65],"class_list":{"0":"post-225118","1":"post","2":"type-post","3":"status-publish","4":"format-standard","5":"has-post-thumbnail","7":"category-mundo","8":"tag-breaking-news","9":"tag-breakingnews","10":"tag-featured-news","11":"tag-featurednews","12":"tag-headlines","13":"tag-irao","14":"tag-latest-news","15":"tag-latestnews","16":"tag-main-news","17":"tag-mainnews","18":"tag-manifestacao","19":"tag-mundo","20":"tag-nacional","21":"tag-news","22":"tag-noticias","23":"tag-noticias-principais","24":"tag-noticiasprincipais","25":"tag-principais-noticias","26":"tag-principaisnoticias","27":"tag-top-stories","28":"tag-topstories","29":"tag-ultimas","30":"tag-ultimas-noticias","31":"tag-ultimasnoticias","32":"tag-world","33":"tag-world-news","34":"tag-worldnews"},"share_on_mastodon":{"url":"https:\/\/pubeurope.com\/@pt\/115878234988425162","error":""},"_links":{"self":[{"href":"https:\/\/www.europesays.com\/pt\/wp-json\/wp\/v2\/posts\/225118","targetHints":{"allow":["GET"]}}],"collection":[{"href":"https:\/\/www.europesays.com\/pt\/wp-json\/wp\/v2\/posts"}],"about":[{"href":"https:\/\/www.europesays.com\/pt\/wp-json\/wp\/v2\/types\/post"}],"author":[{"embeddable":true,"href":"https:\/\/www.europesays.com\/pt\/wp-json\/wp\/v2\/users\/2"}],"replies":[{"embeddable":true,"href":"https:\/\/www.europesays.com\/pt\/wp-json\/wp\/v2\/comments?post=225118"}],"version-history":[{"count":0,"href":"https:\/\/www.europesays.com\/pt\/wp-json\/wp\/v2\/posts\/225118\/revisions"}],"wp:featuredmedia":[{"embeddable":true,"href":"https:\/\/www.europesays.com\/pt\/wp-json\/wp\/v2\/media\/225119"}],"wp:attachment":[{"href":"https:\/\/www.europesays.com\/pt\/wp-json\/wp\/v2\/media?parent=225118"}],"wp:term":[{"taxonomy":"category","embeddable":true,"href":"https:\/\/www.europesays.com\/pt\/wp-json\/wp\/v2\/categories?post=225118"},{"taxonomy":"post_tag","embeddable":true,"href":"https:\/\/www.europesays.com\/pt\/wp-json\/wp\/v2\/tags?post=225118"}],"curies":[{"name":"wp","href":"https:\/\/api.w.org\/{rel}","templated":true}]}}