{"id":225120,"date":"2026-01-11T19:58:23","date_gmt":"2026-01-11T19:58:23","guid":{"rendered":"https:\/\/www.europesays.com\/pt\/225120\/"},"modified":"2026-01-11T19:58:23","modified_gmt":"2026-01-11T19:58:23","slug":"terras-de-bouro-arranja-estrada-que-permite-vista-unica-sobre-o-vale-do-geres","status":"publish","type":"post","link":"https:\/\/www.europesays.com\/pt\/225120\/","title":{"rendered":"Terras de Bouro arranja estrada que permite &#8220;vista \u00fanica&#8221; sobre o vale do Ger\u00eas"},"content":{"rendered":"<p>A C\u00e2mara de Terras de Bouro vai requalificar o Caminho Florestal que liga o Cruzeiro do Campo do Ger\u00eas \u00e0 Variante Zanganho\/Batoca, num investimento de cerca de 355 mil euros, anunciou o munic\u00edpio. <\/p>\n<p>&#13;<br \/>\n&#13;<br \/>\n&#13;<\/p>\n<p>Com uma extens\u00e3o aproximada de 11 quil\u00f3metros, a estrada \u201c\u00e9 amplamente utilizada tanto por residentes como por turistas, que ali encontram vistas \u00fanicas sobre o vale do Ger\u00eas e a albufeira da Cani\u00e7ada\u201d, assinala a nota da C\u00e2mara de Terras de Bouro. <\/p>\n<p><img loading=\"lazy\" data-dominant-color=\"e5dcdc\" data-has-transparency=\"false\" style=\"--dominant-color: #e5dcdc;\" decoding=\"async\" width=\"817\" height=\"862\" alt=\"Terras de bouro arranja estrada que permite &quot;vista \u00fanica&quot; sobre o vale do ger\u00eas\" class=\"wp-image-635537 not-transparent perfmatters-lazy\" title=\"Terras de bouro arranja estrada que permite &quot;vista \u00fanica&quot; sobre o vale do ger\u00eas 6\" src=\"https:\/\/www.europesays.com\/pt\/wp-content\/uploads\/2026\/01\/615080757_1211827067800525_7709798958722550073_n.jpg\"  data-\/>Fonte: CM Terras de Bouro<\/p>\n<p>As obras incluem a reconstru\u00e7\u00e3o de muros de suporte inst\u00e1veis, a repavimenta\u00e7\u00e3o pontual do piso, o reperfilamento das valetas de drenagem e a instala\u00e7\u00e3o de guardas de seguran\u00e7a nos tro\u00e7os mais desprotegidos. <\/p>\n<p>A autarquia destaca ainda que os trabalhos, a cargo da empresa Duque &amp; Duque Terraplanagens, Lda, ser\u00e3o realizados com recurso a granito da regi\u00e3o.<\/p>\n<p><img loading=\"lazy\" data-dominant-color=\"7d6b5d\" data-has-transparency=\"false\" style=\"--dominant-color: #7d6b5d;\" decoding=\"async\" width=\"1024\" height=\"768\" alt=\"Terras de bouro arranja estrada que permite &quot;vista \u00fanica&quot; sobre o vale do ger\u00eas\" class=\"wp-image-635538 not-transparent perfmatters-lazy\" title=\"Terras de bouro arranja estrada que permite &quot;vista \u00fanica&quot; sobre o vale do ger\u00eas 7\" src=\"https:\/\/www.europesays.com\/pt\/wp-content\/uploads\/2026\/01\/612691443_1211827027800529_7442217989589507368_n.jpg\"  data-\/>Foto: CM Terras de Bouro<\/p>\n<p>A obra \u201cfoi poss\u00edvel gra\u00e7as ao protocolo t\u00e9cnico e financeiro celebrado com o Minist\u00e9rio do Ambiente, o Fundo Ambiental e o ICNF\u201d.<\/p>\n","protected":false},"excerpt":{"rendered":"A C\u00e2mara de Terras de Bouro vai requalificar o Caminho Florestal que liga o Cruzeiro do Campo do&hellip;\n","protected":false},"author":2,"featured_media":225121,"comment_status":"","ping_status":"","sticky":false,"template":"","format":"standard","meta":{"footnotes":""},"categories":[10],"tags":[27,28,15,16,14,25,26,21,22,12,13,19,20,32,23,24,33,17,18,29,30,31],"class_list":{"0":"post-225120","1":"post","2":"type-post","3":"status-publish","4":"format-standard","5":"has-post-thumbnail","7":"category-portugal","8":"tag-breaking-news","9":"tag-breakingnews","10":"tag-featured-news","11":"tag-featurednews","12":"tag-headlines","13":"tag-latest-news","14":"tag-latestnews","15":"tag-main-news","16":"tag-mainnews","17":"tag-news","18":"tag-noticias","19":"tag-noticias-principais","20":"tag-noticiasprincipais","21":"tag-portugal","22":"tag-principais-noticias","23":"tag-principaisnoticias","24":"tag-pt","25":"tag-top-stories","26":"tag-topstories","27":"tag-ultimas","28":"tag-ultimas-noticias","29":"tag-ultimasnoticias"},"share_on_mastodon":{"url":"https:\/\/pubeurope.com\/@pt\/115878239006655416","error":""},"_links":{"self":[{"href":"https:\/\/www.europesays.com\/pt\/wp-json\/wp\/v2\/posts\/225120","targetHints":{"allow":["GET"]}}],"collection":[{"href":"https:\/\/www.europesays.com\/pt\/wp-json\/wp\/v2\/posts"}],"about":[{"href":"https:\/\/www.europesays.com\/pt\/wp-json\/wp\/v2\/types\/post"}],"author":[{"embeddable":true,"href":"https:\/\/www.europesays.com\/pt\/wp-json\/wp\/v2\/users\/2"}],"replies":[{"embeddable":true,"href":"https:\/\/www.europesays.com\/pt\/wp-json\/wp\/v2\/comments?post=225120"}],"version-history":[{"count":0,"href":"https:\/\/www.europesays.com\/pt\/wp-json\/wp\/v2\/posts\/225120\/revisions"}],"wp:featuredmedia":[{"embeddable":true,"href":"https:\/\/www.europesays.com\/pt\/wp-json\/wp\/v2\/media\/225121"}],"wp:attachment":[{"href":"https:\/\/www.europesays.com\/pt\/wp-json\/wp\/v2\/media?parent=225120"}],"wp:term":[{"taxonomy":"category","embeddable":true,"href":"https:\/\/www.europesays.com\/pt\/wp-json\/wp\/v2\/categories?post=225120"},{"taxonomy":"post_tag","embeddable":true,"href":"https:\/\/www.europesays.com\/pt\/wp-json\/wp\/v2\/tags?post=225120"}],"curies":[{"name":"wp","href":"https:\/\/api.w.org\/{rel}","templated":true}]}}