{"id":225122,"date":"2026-01-11T19:59:22","date_gmt":"2026-01-11T19:59:22","guid":{"rendered":"https:\/\/www.europesays.com\/pt\/225122\/"},"modified":"2026-01-11T19:59:22","modified_gmt":"2026-01-11T19:59:22","slug":"benfica-hc-palau-3-jornada-grupo-b-champions","status":"publish","type":"post","link":"https:\/\/www.europesays.com\/pt\/225122\/","title":{"rendered":"Benfica HC Palau 3 Jornada Grupo B Champions"},"content":{"rendered":"<p>                            <strong>RESUMO DO JOGO<\/strong><\/p>\n<tr style=\"background-color: white; border-bottom: 1px solid white;\">\n<td style=\"font-weight: bold; font-size: 30px;\" colspan=\"2\">WSE Champions League Women<\/td>\n<\/tr>\n<tr>\n<td colspan=\"2\">3.\u00aa jornada<br \/>Grupo B<\/td>\n<\/tr>\n<tr>\n<td style=\"padding: 10px 0; background-color: #f2f2f2!important;\" colspan=\"2\"><strong>RESULTADO FINAL<br \/>INT: 2-1<\/strong><\/td>\n<\/tr>\n<tr class=\"red\">\n<td style=\"font-size: 20px;\"><strong>Benfica<\/strong><\/td>\n<td style=\"border-right: 1px solid #f4f4f4; font-size: 55px;\"><strong>4<\/strong><\/td>\n<\/tr>\n<tr>\n<td style=\"font-size: 20px;\"><strong>HC Palau<\/strong><\/td>\n<td style=\"border-right: 1px solid #f4f4f4; font-size: 55px;\"><strong>1<\/strong><\/td>\n<\/tr>\n<tr>\n<td style=\"background-color: #f2f2f2!important;\" colspan=\"2\"><strong>Marcadoras<\/strong><\/td>\n<\/tr>\n<tr>\n<td style=\"border-right: 1px solid #f4f4f4;\">\u00a0Raquel Santos <strong>6&#8242;<br \/><\/strong>Raquel Santos<strong> 11&#8242;<br \/><\/strong>Maria Sofia Silva<strong> 36&#8242;<br \/><\/strong>Aim\u00e9e Blackman<strong> 41&#8242;<\/strong><\/td>\n<td>\u00a0Laura Puigdueta 5&#8242;<\/td>\n<\/tr>\n<p>O\u00a0<a href=\"https:\/\/www.slbenfica.pt\/pt-pt\/modalidades\/hoquei?teamGender=female&amp;teamRank=16094ecf-9e78-4e3e-bcdf-28e4f765de9f\" rel=\"nofollow noopener\" target=\"_blank\"><strong>Benfica<\/strong><\/a> recebeu o HC Palau, em jogo da 3.\u00aa jornada do Grupo B da WSE Champions League Women 2025\/26, neste domingo, 11 de janeiro. Com uma grande exibi\u00e7\u00e3o no Pavilh\u00e3o Fidelidade, as \u00e1guias venceram por 4-1.<\/p>\n<p>Ap\u00f3s um in\u00edcio de jogo pautado pelo equil\u00edbrio, o HC Palau chegou \u00e0 vantagem aos 5 minutos, com um bom <strong>remate de Laura Puigdueta (0-1)<\/strong>.<\/p>\n<p>A melhor resposta a um golo sofrido \u00e9&#8230; um golo marcado. Foi exatamente isso que o <strong>Benfica fez&#8230; um minuto depois!<\/strong> <strong>Aim\u00e9e Blackman<\/strong> furou pista fora e, j\u00e1 perto da baliza espanhola, deu a bola a Raquel Santos, que, com um tiro impar\u00e1vel, recolocou a igualdade no marcador <strong>(1-1, aos 6&#8242;)<\/strong>.<\/p>\n<p>Galvanizadas \u2013 at\u00e9 pelo <strong>forte apoio vindo das bancadas<\/strong> \u2013, as benfiquistas continuaram mais ofensivas e chegaram mesmo <strong>a novo golo<\/strong>. <strong>Outra vez por&#8230; Raquel Santos!<\/strong><\/p>\n<p>A <strong>avan\u00e7ada ganhou uma bola antes da linha divis\u00f3ria<\/strong>, acelerou e, s\u00f3 com a <strong>guarda-redes pela frente<\/strong>, n\u00e3o desperdi\u00e7ou e fez o <strong>2-1 (11&#8242;)<\/strong>.<\/p>\n<p><img decoding=\"async\" src=\"https:\/\/www.europesays.com\/pt\/wp-content\/uploads\/2026\/01\/aimee-blackmann-1-thumbnail.jpg\" alt=\"Benfica-HC Palau\" height=\"522px\" width=\"926px\"\/><\/p>\n<p>Aos 21&#8242;, lan\u00e7ada por Sara Roces, <strong>Raquel Santos surgiu no lado esquerdo do ataque<\/strong>, enquadrou-se com a baliza e <strong>rematou para enorme defesa da guardi\u00e3 advers\u00e1ria! Ficou adiado o 3-1&#8230;<\/strong><\/p>\n<p>At\u00e9 ao final da 1.\u00aa parte, <strong>o duelo continuou muito intenso<\/strong>, com ambas as equipas a <strong>lutarem muito ao longo de toda a pista<\/strong>. Ao intervalo, <strong>o Benfica estava na frente (2-1).<\/strong><\/p>\n<p>No reatamento, <strong>prevendo que as espanholas iriam entrar mais ofensivas<\/strong>, as <strong>encarnadas tornaram-se mais compactas<\/strong>, montando uma teia quase impenetr\u00e1vel.<\/p>\n<p>Ainda assim, as \u00e1guias n\u00e3o deixaram de atacar, e sempre que o fizeram foi com qualidade e com&#8230; <strong>uma efic\u00e1cia que permitiu dilatar a vantagem<\/strong>. <strong>Maria Sofia Silva<\/strong>, aos 36&#8242;, desviou para dentro um\u00a0<strong>passe cruzado de Raquel Santos<\/strong> e colocou o resultado em <strong>3-1!<\/strong><\/p>\n<p>Cinco minutos depois surgiu um dos momentos altos deste grande embate europeu. <strong>Aim\u00e9e Blackman recuperou a bola na direita<\/strong>, seguiu em dire\u00e7\u00e3o \u00e0 baliza e, na hora de atirar, <strong>meteu-a no lado oposto da guarda-redes<\/strong>, fazendo o <strong>4-1 (41&#8242;). Grande golo da atleta espanhola!<\/strong><\/p>\n<p><strong><img decoding=\"async\" src=\"https:\/\/www.europesays.com\/pt\/wp-content\/uploads\/2026\/01\/sara-roces-1-thumbnail.jpg\" alt=\"Benfica-HC Palau\" height=\"522px\" width=\"926px\"\/><\/strong><\/p>\n<p>O resultado, que j\u00e1 era bem volumoso, podia ter ganhado outros contornos aos 44&#8242;, quando <strong>Sara Roces disp\u00f4s de uma grande penalidade<\/strong>, mas atirou ao lado. Pouco depois foi <strong>Aim\u00e9e Blackman a cobrar um livre direto<\/strong>, mas <strong>Laura Vicente evidenciou-se e fez uma enorme defesa (49&#8242;)<\/strong>.<\/p>\n<p>O resultado n\u00e3o se alterou e as<strong> dodecacampe\u00e3s nacionais venceram as campe\u00e3s europeias por 4-1<\/strong>, numa <strong>portentosa exibi\u00e7\u00e3o da equipa orientada por Paulo Almeida<\/strong>, que, assim, passa a somar <strong>7 pontos neste Grupo B da WSE Champions League Women<\/strong>.<\/p>\n<p>Os dois emblemas voltam-se a encontrar no dia <strong>31 de janeiro, \u00e0s 20h00<\/strong>, em Espanha, para <strong>4.\u00aa ronda da competi\u00e7\u00e3o<\/strong>.<\/p>\n<p>Antes, no <strong>s\u00e1bado, 17 de janeiro, \u00e0s 14h00<\/strong>, as benfiquistas visitam a <strong>Acad\u00e9mica<\/strong>, em duelo da\u00a0<strong>10.\u00aa jornada da Zona Sul do Campeonato Nacional.<\/strong><\/p>\n<p><img decoding=\"async\" src=\"https:\/\/www.europesays.com\/pt\/wp-content\/uploads\/2026\/01\/paulo-almeida-thumbnail.jpg\" alt=\"Benfica-HC Palau\" height=\"522px\" width=\"926px\"\/><\/p>\n<p><strong>DECLARA\u00c7\u00d5ES<\/strong><\/p>\n<p><strong>Paulo Almeida (treinador do Benfica):<\/strong> &#8220;Grande exibi\u00e7\u00e3o da minha equipa. Durante os 50 minutos, muito concentradas, iam \u00e0 baliza contr\u00e1ria pela certa, tentaram fazer os golos na altura certa. Come\u00e7aram a perder  0-1, mas a equipa n\u00e3o abandonou. Foi uma equipa muito experiente, soube esperar o momento certo para chegar \u00e0 baliza e fazer os golos. Ganh\u00e1mos 4-1, pod\u00edamos at\u00e9 ter ganho por mais. \u00c9 uma vit\u00f3ria frente aos atuais campe\u00f5es da Europa, n\u00e3o nos podemos esquecer disto. O Benfica est\u00e1 num grupo muito complicado, tem os atuais campe\u00f5es da Europa e aqueles que foram h\u00e1 dois anos, o CP Fraga. Mas n\u00f3s estamos a fazer o nosso trabalho, o nosso papel: \u00e9 tentar jogo a jogo, ganhar o jogo e chegar \u00e0 final four da Liga dos Campe\u00f5es.&#8221;<\/p>\n<p><img decoding=\"async\" src=\"https:\/\/www.europesays.com\/pt\/wp-content\/uploads\/2026\/01\/raquel-santos-1-thumbnail.jpg\" alt=\"Benfica-HC Palau\" height=\"522px\" width=\"926px\"\/><\/p>\n<p><strong>Raquel Santos (avan\u00e7ada do Benfica):<\/strong> &#8220;A equipa est\u00e1 muito feliz e acho que isso transmite-se no jogo. N\u00f3s gostamos mesmo muito de jogar estes jogos. \u00c9 para estes jogos e momentos que n\u00f3s treinamos. Para as finais, para as meias-finais, para os jogos internacionais. A equipa n\u00e3o fez um jogo a 100%, esteve l\u00e1 perto. Se fosse 100% tinha ficado 4-0, n\u00e3o 4-1. Somos exigentes, se sofrermos um golo \u00e9 porque erramos. Se a nossa guarda-redes tocou muitas vezes na bola, \u00e9 porque deix\u00e1mos passar, porque a bola tem de passar por n\u00f3s as quatro antes de passar pela guarda-redes. N\u00e3o foi a 100%, mas foi um jogo muito positivo da nossa parte. Se ajustarmos estes pequenos erros\u2013 para n\u00e3o sofrermos estes golos \u2013, acho que vamos estar cada vez mais perto de ganhar esta competi\u00e7\u00e3o e todas as competi\u00e7\u00f5es em que estamos inseridas.&#8221;<\/p>\n<p><img decoding=\"async\" src=\"https:\/\/www.europesays.com\/pt\/wp-content\/uploads\/2026\/01\/1768161562_146_festejos-2-thumbnail.jpg\" alt=\"Benfica-HC Palau\" height=\"522px\" width=\"926px\"\/><\/p>\n<tr>\n<td style=\"background-color: #f2f2f2!important;\" colspan=\"3\"><strong>WSE Champions League (Grupo B) | 3.\u00aa jornada | 11\/01\/2026<\/strong><\/td>\n<\/tr>\n<tr style=\"background-color: #ffffff;\">\n<td style=\"font-size: 25px !important; font-weight: 500; padding: 0 0 20px;\" colspan=\"3\">Benfica-HC Palau<br \/>4-1<br \/>Pavilh\u00e3o Fidelidade<\/td>\n<\/tr>\n<tr>\n<td style=\"background-color: #f2f2f2!important;\" colspan=\"3\"><strong>Cinco inicial do Benfica<\/strong><\/td>\n<\/tr>\n<tr>\n<td style=\"padding: 15px 20px;\" colspan=\"3\">Maria Vieira, Marlene Sousa, Raquel Santos, Sara Roces e Aim\u00e9e Blackman<\/td>\n<\/tr>\n<tr>\n<td style=\"background-color: #f2f2f2!important;\" colspan=\"3\"><strong>Suplentes<\/strong><\/td>\n<\/tr>\n<tr>\n<td style=\"padding: 15px 20px;\" colspan=\"3\">Lili Buchoux, Sofia Monc\u00f3vio, In\u00eas Severino, Maria Sofia Silva e Leonor Coelho<\/td>\n<\/tr>\n<tr>\n<td style=\"background-color: #f2f2f2!important;\" colspan=\"3\"><strong>Treinador do Benfica<\/strong><\/td>\n<\/tr>\n<tr>\n<td style=\"padding: 15px 20px;\" colspan=\"3\">Paulo Almeida<\/td>\n<\/tr>\n<tr>\n<td style=\"background-color: #f2f2f2!important;\" colspan=\"3\"><strong>Equipa do HC Palau<\/strong><\/td>\n<\/tr>\n<tr>\n<td style=\"padding: 15px 20px;\" colspan=\"3\">Laura Vicente, Berta Busquets, Laura Puigdueta, Nara L\u00f3pez e Marina Codina<\/td>\n<\/tr>\n<tr>\n<td style=\"background-color: #f2f2f2!important;\" colspan=\"3\"><strong>Suplentes<\/strong><\/td>\n<\/tr>\n<tr>\n<td style=\"padding: 15px 20px;\" colspan=\"3\">Jana Costa, Anna Casarramona, Luchi Maldonado, Mariona M\u00e9ndez e Ariadna M\u00e9ndez<\/td>\n<\/tr>\n<tr>\n<td style=\"border-right: 1px solid #f4f4f4;\" colspan=\"2\"><strong>Ao intervalo<\/strong><\/td>\n<td colspan=\"1\">2-1<\/td>\n<\/tr>\n<tr>\n<td style=\"background-color: #f2f2f2!important;\" colspan=\"3\"><strong>Golos<\/strong><\/td>\n<\/tr>\n<tr>\n<td colspan=\"3\"><strong>Benfica: <\/strong>Raquel Santos (6&#8242; e 11&#8242;), Maria Sofia Silva (36&#8242;) e\u00a0Aim\u00e9e Blackman (41&#8242;); HC Palau:\u00a0Laura Puigdueta (5&#8242;)<\/td>\n<\/tr>\n<tr>\n<td style=\"background-color: #f2f2f2!important;\" colspan=\"3\"><strong>Marcha do marcador<\/strong><\/td>\n<\/tr>\n<tr>\n<td colspan=\"3\">\u00a00-1 e 4-1<\/td>\n<\/tr>\n","protected":false},"excerpt":{"rendered":"RESUMO DO JOGO WSE Champions League Women 3.\u00aa jornadaGrupo B RESULTADO FINALINT: 2-1 Benfica 4 HC Palau 1&hellip;\n","protected":false},"author":2,"featured_media":225123,"comment_status":"","ping_status":"","sticky":false,"template":"","format":"standard","meta":{"footnotes":""},"categories":[8],"tags":[27,28,15,16,14,25,26,21,22,12,13,19,20,32,23,24,33,17,18,29,30,31],"class_list":{"0":"post-225122","1":"post","2":"type-post","3":"status-publish","4":"format-standard","5":"has-post-thumbnail","7":"category-principais-noticias","8":"tag-breaking-news","9":"tag-breakingnews","10":"tag-featured-news","11":"tag-featurednews","12":"tag-headlines","13":"tag-latest-news","14":"tag-latestnews","15":"tag-main-news","16":"tag-mainnews","17":"tag-news","18":"tag-noticias","19":"tag-noticias-principais","20":"tag-noticiasprincipais","21":"tag-portugal","22":"tag-principais-noticias","23":"tag-principaisnoticias","24":"tag-pt","25":"tag-top-stories","26":"tag-topstories","27":"tag-ultimas","28":"tag-ultimas-noticias","29":"tag-ultimasnoticias"},"share_on_mastodon":{"url":"https:\/\/pubeurope.com\/@pt\/115878242930281728","error":""},"_links":{"self":[{"href":"https:\/\/www.europesays.com\/pt\/wp-json\/wp\/v2\/posts\/225122","targetHints":{"allow":["GET"]}}],"collection":[{"href":"https:\/\/www.europesays.com\/pt\/wp-json\/wp\/v2\/posts"}],"about":[{"href":"https:\/\/www.europesays.com\/pt\/wp-json\/wp\/v2\/types\/post"}],"author":[{"embeddable":true,"href":"https:\/\/www.europesays.com\/pt\/wp-json\/wp\/v2\/users\/2"}],"replies":[{"embeddable":true,"href":"https:\/\/www.europesays.com\/pt\/wp-json\/wp\/v2\/comments?post=225122"}],"version-history":[{"count":0,"href":"https:\/\/www.europesays.com\/pt\/wp-json\/wp\/v2\/posts\/225122\/revisions"}],"wp:featuredmedia":[{"embeddable":true,"href":"https:\/\/www.europesays.com\/pt\/wp-json\/wp\/v2\/media\/225123"}],"wp:attachment":[{"href":"https:\/\/www.europesays.com\/pt\/wp-json\/wp\/v2\/media?parent=225122"}],"wp:term":[{"taxonomy":"category","embeddable":true,"href":"https:\/\/www.europesays.com\/pt\/wp-json\/wp\/v2\/categories?post=225122"},{"taxonomy":"post_tag","embeddable":true,"href":"https:\/\/www.europesays.com\/pt\/wp-json\/wp\/v2\/tags?post=225122"}],"curies":[{"name":"wp","href":"https:\/\/api.w.org\/{rel}","templated":true}]}}