{"id":225128,"date":"2026-01-11T20:05:08","date_gmt":"2026-01-11T20:05:08","guid":{"rendered":"https:\/\/www.europesays.com\/pt\/225128\/"},"modified":"2026-01-11T20:05:08","modified_gmt":"2026-01-11T20:05:08","slug":"a-odisseia-christopher-nolan-realiza-exibicao-secreta-para-chefes-da-universal","status":"publish","type":"post","link":"https:\/\/www.europesays.com\/pt\/225128\/","title":{"rendered":"A Odisseia | Christopher Nolan realiza exibi\u00e7\u00e3o secreta para chefes da Universal"},"content":{"rendered":"<p class=\"wp-block-yoast-seo-estimated-reading-time yoast-reading-time__wrapper\">Estimated reading time: 2 minutos<\/p>\n<p>A produ\u00e7\u00e3o do aguardado \u00e9pico de <strong>Christopher Nolan<\/strong>, <a href=\"https:\/\/ovicio.com.br\/tag\/a-odisseia\/\" rel=\"nofollow noopener\" target=\"_blank\">A Odisseia<\/a>, parece estar avan\u00e7ando em um ritmo surpreendente. Segundo informa\u00e7\u00f5es divulgadas pelo <strong>Dark Horizons<\/strong> e pelo <strong>Nolan Analyst<\/strong> (via <a href=\"https:\/\/www.worldofreel.com\/blog\/2026\/1\/11\/odyssey-1\" target=\"_blank\" rel=\"noreferrer noopener nofollow\">World of Reel<\/a>), o diretor j\u00e1 realizou uma exibi\u00e7\u00e3o secreta do filme para o alto escal\u00e3o do est\u00fadio, seis meses antes da estreia oficial.<\/p>\n<p>A sess\u00e3o exclusiva teria acontecido em formato 70mm no <strong>AMC Universal CityWalk<\/strong>. Al\u00e9m de Nolan, o evento contou com a presen\u00e7a de sua esposa e produtora <strong>Emma Thomas<\/strong>, da editora <strong>Jennifer Lame<\/strong> e da presidente da <strong>Universal Pictures<\/strong>, <strong>Donna Langley<\/strong>.<\/p>\n<p>Embora fontes indiquem que <strong>&#8220;Nolan j\u00e1 terminou o filme&#8221;<\/strong>, \u00e9 mais prov\u00e1vel que o que foi exibido seja um corte preliminar. As filmagens principais foram conclu\u00eddas em agosto de 2025, ap\u00f3s oito meses de trabalho. Mesmo com a prefer\u00eancia do diretor por efeitos pr\u00e1ticos e animatr\u00f4nicos, um projeto dessa escala \u2014 com or\u00e7amento estimado em US$ 250 milh\u00f5es \u2014 dificilmente estaria 100% finalizado nesta etapa, ainda exigindo ajustes finos de efeitos visuais.<\/p>\n<p>Com fotografia de <strong>Hoyte Van Hoytema<\/strong> e uso de c\u00e2meras <strong>IMAX<\/strong> de \u00faltima gera\u00e7\u00e3o, o longa re\u00fane um dos elencos mais impressionantes dos \u00faltimos anos, incluindo <strong>Matt Damon<\/strong>, <strong>Tom Holland<\/strong>, <strong>Charlize Theron<\/strong>, <strong>Anne Hathaway<\/strong>, <strong>Robert Pattinson<\/strong>, <strong>Zendaya<\/strong>, <strong>Lupita Nyong&#8217;o<\/strong>, <strong>Jon Bernthal<\/strong> e <strong>Mia Goth<\/strong>.<\/p>\n<p><strong>A Odisseia<\/strong> tem estreia agendada nos cinemas do Brasil para 16 de julho.<\/p>\n<p>Leia tamb\u00e9m sobre A Odisseia:<\/p>\n","protected":false},"excerpt":{"rendered":"Estimated reading time: 2 minutos A produ\u00e7\u00e3o do aguardado \u00e9pico de Christopher Nolan, A Odisseia, parece estar avan\u00e7ando&hellip;\n","protected":false},"author":2,"featured_media":225129,"comment_status":"","ping_status":"","sticky":false,"template":"","format":"standard","meta":{"footnotes":""},"categories":[140],"tags":[16708,4002,114,115,147,148,146,32,33,16381],"class_list":{"0":"post-225128","1":"post","2":"type-post","3":"status-publish","4":"format-standard","5":"has-post-thumbnail","7":"category-filmes","8":"tag-a-odisseia","9":"tag-christopher-nolan","10":"tag-entertainment","11":"tag-entretenimento","12":"tag-film","13":"tag-filmes","14":"tag-movies","15":"tag-portugal","16":"tag-pt","17":"tag-universal"},"share_on_mastodon":{"url":"https:\/\/pubeurope.com\/@pt\/115878266588366533","error":""},"_links":{"self":[{"href":"https:\/\/www.europesays.com\/pt\/wp-json\/wp\/v2\/posts\/225128","targetHints":{"allow":["GET"]}}],"collection":[{"href":"https:\/\/www.europesays.com\/pt\/wp-json\/wp\/v2\/posts"}],"about":[{"href":"https:\/\/www.europesays.com\/pt\/wp-json\/wp\/v2\/types\/post"}],"author":[{"embeddable":true,"href":"https:\/\/www.europesays.com\/pt\/wp-json\/wp\/v2\/users\/2"}],"replies":[{"embeddable":true,"href":"https:\/\/www.europesays.com\/pt\/wp-json\/wp\/v2\/comments?post=225128"}],"version-history":[{"count":0,"href":"https:\/\/www.europesays.com\/pt\/wp-json\/wp\/v2\/posts\/225128\/revisions"}],"wp:featuredmedia":[{"embeddable":true,"href":"https:\/\/www.europesays.com\/pt\/wp-json\/wp\/v2\/media\/225129"}],"wp:attachment":[{"href":"https:\/\/www.europesays.com\/pt\/wp-json\/wp\/v2\/media?parent=225128"}],"wp:term":[{"taxonomy":"category","embeddable":true,"href":"https:\/\/www.europesays.com\/pt\/wp-json\/wp\/v2\/categories?post=225128"},{"taxonomy":"post_tag","embeddable":true,"href":"https:\/\/www.europesays.com\/pt\/wp-json\/wp\/v2\/tags?post=225128"}],"curies":[{"name":"wp","href":"https:\/\/api.w.org\/{rel}","templated":true}]}}