{"id":22513,"date":"2025-08-09T15:28:12","date_gmt":"2025-08-09T15:28:12","guid":{"rendered":"https:\/\/www.europesays.com\/pt\/22513\/"},"modified":"2025-08-09T15:28:12","modified_gmt":"2025-08-09T15:28:12","slug":"incaper-apresenta-livro-cadeia-produtiva-da-uva-no-espirito-santo","status":"publish","type":"post","link":"https:\/\/www.europesays.com\/pt\/22513\/","title":{"rendered":"Incaper apresenta livro \u2018Cadeia Produtiva da Uva no Esp\u00edrito Santo\u2019"},"content":{"rendered":"<p>Incaper lan\u00e7a livro sobre a cadeia produtiva da uva no Esp\u00edrito SantoO Instituto Capixaba de Pesquisa, Assist\u00eancia T\u00e9cnica e Extens\u00e3o Rural (Incaper) lan\u00e7ou o livro Cadeia Produtiva da Uva no Esp\u00edrito Santo, nova adi\u00e7\u00e3o \u00e0 cole\u00e7\u00e3o Fruticultura Capixaba. Publicado pela editora do instituto, o volume est\u00e1 dispon\u00edvel para download gratuito no site da Biblioteca Rui Tendinha. A obra, dividida em sete cap\u00edtulos, aborda a atua\u00e7\u00e3o do Incaper na cadeia produtiva da uva, a conjuntura da produ\u00e7\u00e3o e comercializa\u00e7\u00e3o, al\u00e9m da avalia\u00e7\u00e3o das agroind\u00fastrias no estado.<\/p>\n<p>A fruticultura, um dos pilares do agroneg\u00f3cio brasileiro, destaca-se como geradora de renda, emprego e desenvolvimento rural. Segundo dados do Minist\u00e9rio do Trabalho e Previd\u00eancia, em 2023, as atividades de fruticultura responderam por 24% dos empregos formais na agropecu\u00e1ria nacional. No Esp\u00edrito Santo, a pesquisa conduzida pelos autores do livro revela que as 1.265 propriedades produtoras de frutas entrevistadas geraram 5.553 empregos, com uma m\u00e9dia de 4,4 empregos por propriedade. Considerando as 13 principais frutas pesquisadas, estima-se que as 9.184 propriedades produtoras no estado sustentem cerca de 40.315 empregos.<\/p>\n<p>Nas agroind\u00fastrias, o impacto tamb\u00e9m \u00e9 significativo. As 64 empresas entrevistadas, distribu\u00eddas em 31 munic\u00edpios, com destaque para Linhares, Pinheiros, Sooretama e S\u00e3o Mateus, empregam 1.784 trabalhadores, uma m\u00e9dia de 27,9 empregos por empresa. Especificamente na cadeia da uva, as 14 agroind\u00fastrias analisadas geraram 118 empregos, com m\u00e9dia de 10,7 empregos por unidade. O processamento de uvas no estado, no entanto, representa apenas 26,16% da produ\u00e7\u00e3o local, sendo destinado principalmente \u00e0 fabrica\u00e7\u00e3o de vinhos, polpas para sucos, sucos prontos, espumantes e geleias, com o vinho como principal produto.<\/p>\n<p>A pesquisadora Edileuza Aparecida Vital Galeano, uma das autoras do estudo, destaca a relev\u00e2ncia socioecon\u00f4mica da fruticultura: \u201cOs dados evidenciam a grande fun\u00e7\u00e3o social da fruticultura, que absorve quantidade significativa de m\u00e3o de obra, al\u00e9m de sua import\u00e2ncia econ\u00f4mica pela alta capacidade de gera\u00e7\u00e3o de emprego e renda ao longo de todo o ano, agregando valor e divisas para o Esp\u00edrito Santo.\u201d<\/p>\n<p>O livro refor\u00e7a o papel estrat\u00e9gico da cadeia produtiva da uva e da fruticultura como um todo, oferecendo dados e an\u00e1lises que podem orientar pol\u00edticas p\u00fablicas e iniciativas para fortalecer o setor no estado.<\/p>\n<p>Baixe o livro \u2018Cadeia Produtiva da Uva no Esp\u00edrito Santo\u2019\u00a0<a href=\"https:\/\/biblioteca.incaper.es.gov.br\/digital\/bitstream\/item\/4857\/1\/Livro-CadeiaProdutivadaUvanoES-Incaper.pdf\" target=\"_blank\" rel=\"noopener nofollow\">aqui<\/a>:<\/p>\n<p><a rel=\"noopener nofollow\" aria-label=\"pube\" target=\"_blank\" href=\"https:\/\/es.sebrae.com.br\/\" set-click-id=\"460715\"><img loading=\"lazy\" data-lazyloaded=\"1\" width=\"970\" height=\"250\" decoding=\"async\" alt=\"pube\" src=\"https:\/\/www.europesays.com\/pt\/wp-content\/uploads\/2025\/08\/sebrae_umc_campanha_do_proposito_banners_folha_vitoria_e_gazeta_alterado_sebrae_umc_campanha_do_prop.png\"\/><\/a><\/p>\n","protected":false},"excerpt":{"rendered":"Incaper lan\u00e7a livro sobre a cadeia produtiva da uva no Esp\u00edrito SantoO Instituto Capixaba de Pesquisa, Assist\u00eancia T\u00e9cnica&hellip;\n","protected":false},"author":2,"featured_media":22514,"comment_status":"","ping_status":"","sticky":false,"template":"","format":"standard","meta":{"footnotes":""},"categories":[143],"tags":[8037,8041,8040,169,8039,114,115,170,13,32,33,1292,8038],"class_list":{"0":"post-22513","1":"post","2":"type-post","3":"status-publish","4":"format-standard","5":"has-post-thumbnail","7":"category-livros","8":"tag-agricultura-capixaba","9":"tag-agro","10":"tag-agronegocio","11":"tag-books","12":"tag-caparao","13":"tag-entertainment","14":"tag-entretenimento","15":"tag-livros","16":"tag-noticias","17":"tag-portugal","18":"tag-pt","19":"tag-revista","20":"tag-safra-es"},"share_on_mastodon":{"url":"","error":""},"_links":{"self":[{"href":"https:\/\/www.europesays.com\/pt\/wp-json\/wp\/v2\/posts\/22513","targetHints":{"allow":["GET"]}}],"collection":[{"href":"https:\/\/www.europesays.com\/pt\/wp-json\/wp\/v2\/posts"}],"about":[{"href":"https:\/\/www.europesays.com\/pt\/wp-json\/wp\/v2\/types\/post"}],"author":[{"embeddable":true,"href":"https:\/\/www.europesays.com\/pt\/wp-json\/wp\/v2\/users\/2"}],"replies":[{"embeddable":true,"href":"https:\/\/www.europesays.com\/pt\/wp-json\/wp\/v2\/comments?post=22513"}],"version-history":[{"count":0,"href":"https:\/\/www.europesays.com\/pt\/wp-json\/wp\/v2\/posts\/22513\/revisions"}],"wp:featuredmedia":[{"embeddable":true,"href":"https:\/\/www.europesays.com\/pt\/wp-json\/wp\/v2\/media\/22514"}],"wp:attachment":[{"href":"https:\/\/www.europesays.com\/pt\/wp-json\/wp\/v2\/media?parent=22513"}],"wp:term":[{"taxonomy":"category","embeddable":true,"href":"https:\/\/www.europesays.com\/pt\/wp-json\/wp\/v2\/categories?post=22513"},{"taxonomy":"post_tag","embeddable":true,"href":"https:\/\/www.europesays.com\/pt\/wp-json\/wp\/v2\/tags?post=22513"}],"curies":[{"name":"wp","href":"https:\/\/api.w.org\/{rel}","templated":true}]}}