{"id":225130,"date":"2026-01-11T20:06:09","date_gmt":"2026-01-11T20:06:09","guid":{"rendered":"https:\/\/www.europesays.com\/pt\/225130\/"},"modified":"2026-01-11T20:06:09","modified_gmt":"2026-01-11T20:06:09","slug":"fc-porto-medio-que-farioli-ja-elogiou-brilhou-no-classico-de-equipas-b","status":"publish","type":"post","link":"https:\/\/www.europesays.com\/pt\/225130\/","title":{"rendered":"FC Porto: m\u00e9dio que Farioli j\u00e1 elogiou brilhou no cl\u00e1ssico de equipas B"},"content":{"rendered":"<p><a class=\"autolink-enabled\" data-resource-id=\"279644\" data-resource-type=\"player\" data-sport=\"football\" href=\"https:\/\/www.abola.pt\/futebol\/jogador\/goncalo-sousa-279644\" rel=\"nofollow noopener\" target=\"_blank\">Gon\u00e7alo Sousa<\/a> marcou o gola\u00e7o que decidiu o cl\u00e1ssico de equipas B entre <a class=\"autolink-enabled\" data-resource-id=\"451\" data-resource-type=\"team\" data-sport=\"football\" href=\"https:\/\/www.abola.pt\/futebol\/fc-porto-451\" rel=\"nofollow noopener\" target=\"_blank\">FC Porto<\/a> e <a class=\"autolink-enabled\" data-resource-id=\"448\" data-resource-type=\"team\" data-sport=\"football\" href=\"https:\/\/www.abola.pt\/futebol\/sporting-448\" rel=\"nofollow noopener\" target=\"_blank\">Sporting<\/a>, mas a estrela mais cintilante no relvado do Est\u00e1dio Lu\u00eds Filipe Menezes, no Olival, deu pelo nome de <a class=\"autolink-enabled\" data-resource-id=\"306817\" data-resource-type=\"player\" data-sport=\"football\" href=\"https:\/\/www.abola.pt\/futebol\/jogador\/joao-teixeira-306817\" rel=\"nofollow noopener\" target=\"_blank\">Jo\u00e3o Teixeira<\/a>.<\/p>\n<p>Eleito MVP da partida pela <a class=\"autolink-enabled\" data-resource-id=\"111\" data-resource-type=\"competition\" data-sport=\"football\" href=\"https:\/\/www.abola.pt\/futebol\/competicao\/liga-portugal-2-meu-super-111\" rel=\"nofollow noopener\" target=\"_blank\">Liga<\/a>, o m\u00e9dio, de 19 anos, subiu mais alto do que toda a gente na grande \u00e1rea para, logo no arranque do segundo tempo, restabelecer a igualdade, lan\u00e7ando os drag\u00f5es para a reviravolta sobre o rival verde e branco.<\/p>\n<p>Em simult\u00e2neo, fruto da exibi\u00e7\u00e3o que assinou, <a target=\"_blank\" class=\"editor-link autolink-enabled\" href=\"https:\/\/www.abola.pt\/futebol\/jogador\/joao-teixeira-306817\" data-resource-id=\"306817\" data-resource-type=\"player\" data-sport=\"football\" rel=\"nofollow noopener\">Jo\u00e3o Teixeira<\/a> enviou um sinal a Francesco Farioli, ainda que o treinador j\u00e1 tenha o jovem jogador debaixo de olho. O centrocampista j\u00e1 participou em v\u00e1rias sess\u00f5es de treino do plantel principal na temporada em curso e chegou mesmo a ser elogiado pelo treinador italiano em dezembro, antes do embate do FC Porto com o <a target=\"_blank\" class=\"editor-link autolink-enabled\" href=\"https:\/\/www.abola.pt\/futebol\/famalicao-2614\" data-resource-id=\"2614\" data-resource-type=\"team\" data-sport=\"football\" rel=\"nofollow noopener\">Famalic\u00e3o<\/a>, na <a target=\"_blank\" class=\"editor-link autolink-enabled\" href=\"https:\/\/www.abola.pt\/futebol\/competicao\/taca-de-portugal-112\" data-resource-id=\"112\" data-resource-type=\"competition\" data-sport=\"football\" rel=\"nofollow noopener\">Ta\u00e7a de Portugal<\/a>.<\/p>\n<p>\u00abEstou sempre aberto a ver o que acontece na equipa B e at\u00e9 abaixo [sub-19]. Desenvolver talento \u00e9 vital para o clube, \u00e9 um fator-chave. Estamos muito ligados nesse aspeto, seguimos todas as atividades, temos elementos no staff t\u00e9cnico a fazer a liga\u00e7\u00e3o entre os patamares, a recolher e a partilhar informa\u00e7\u00e3o. Sobre o <a target=\"_blank\" class=\"editor-link autolink-enabled\" href=\"https:\/\/www.abola.pt\/futebol\/jogador\/joao-teixeira-306817\" data-resource-id=\"306817\" data-resource-type=\"player\" data-sport=\"football\" rel=\"nofollow noopener\">Jo\u00e3o [Teixeira]<\/a>, estou impressionado, tem um perfil interessante. Joga no meio-campo, tem capacidade t\u00e9cnica e at\u00e9 algumas carater\u00edsticas f\u00edsicas de jogador de corredor, \u00e9 muito explosivo. E tem uma boa dimens\u00e3o f\u00edsica\u00bb, afian\u00e7ou, na altura, Farioli.<\/p>\n<p>Jo\u00e3o Teixeira \u00e9, portanto, um daqueles jovens que j\u00e1 est\u00e1 no radar do t\u00e9cnico transalpino, que vai mantendo aberta a via de comunica\u00e7\u00e3o com a equipa B e at\u00e9 com os sub-19, mantendo-se atento ao chamado ouro da casa.<\/p>\n","protected":false},"excerpt":{"rendered":"Gon\u00e7alo Sousa marcou o gola\u00e7o que decidiu o cl\u00e1ssico de equipas B entre FC Porto e Sporting, mas&hellip;\n","protected":false},"author":2,"featured_media":225131,"comment_status":"","ping_status":"","sticky":false,"template":"","format":"standard","meta":{"footnotes":""},"categories":[87],"tags":[135,32,33,134],"class_list":{"0":"post-225130","1":"post","2":"type-post","3":"status-publish","4":"format-standard","5":"has-post-thumbnail","7":"category-desporto","8":"tag-desporto","9":"tag-portugal","10":"tag-pt","11":"tag-sports"},"share_on_mastodon":{"url":"https:\/\/pubeurope.com\/@pt\/115878270236993983","error":""},"_links":{"self":[{"href":"https:\/\/www.europesays.com\/pt\/wp-json\/wp\/v2\/posts\/225130","targetHints":{"allow":["GET"]}}],"collection":[{"href":"https:\/\/www.europesays.com\/pt\/wp-json\/wp\/v2\/posts"}],"about":[{"href":"https:\/\/www.europesays.com\/pt\/wp-json\/wp\/v2\/types\/post"}],"author":[{"embeddable":true,"href":"https:\/\/www.europesays.com\/pt\/wp-json\/wp\/v2\/users\/2"}],"replies":[{"embeddable":true,"href":"https:\/\/www.europesays.com\/pt\/wp-json\/wp\/v2\/comments?post=225130"}],"version-history":[{"count":0,"href":"https:\/\/www.europesays.com\/pt\/wp-json\/wp\/v2\/posts\/225130\/revisions"}],"wp:featuredmedia":[{"embeddable":true,"href":"https:\/\/www.europesays.com\/pt\/wp-json\/wp\/v2\/media\/225131"}],"wp:attachment":[{"href":"https:\/\/www.europesays.com\/pt\/wp-json\/wp\/v2\/media?parent=225130"}],"wp:term":[{"taxonomy":"category","embeddable":true,"href":"https:\/\/www.europesays.com\/pt\/wp-json\/wp\/v2\/categories?post=225130"},{"taxonomy":"post_tag","embeddable":true,"href":"https:\/\/www.europesays.com\/pt\/wp-json\/wp\/v2\/tags?post=225130"}],"curies":[{"name":"wp","href":"https:\/\/api.w.org\/{rel}","templated":true}]}}