{"id":225144,"date":"2026-01-11T20:19:09","date_gmt":"2026-01-11T20:19:09","guid":{"rendered":"https:\/\/www.europesays.com\/pt\/225144\/"},"modified":"2026-01-11T20:19:09","modified_gmt":"2026-01-11T20:19:09","slug":"the-bluff-filme-de-piratas-com-karl-urban-ganha-teaser-oficial-veja","status":"publish","type":"post","link":"https:\/\/www.europesays.com\/pt\/225144\/","title":{"rendered":"The Bluff | Filme de piratas com Karl Urban ganha teaser oficial; veja"},"content":{"rendered":"<p class=\"wp-block-yoast-seo-estimated-reading-time yoast-reading-time__wrapper\">Estimated reading time: 2 minutos<\/p>\n<p>O <a href=\"https:\/\/ovicio.com.br\/tag\/Prime-Video\/\" rel=\"nofollow noopener\" target=\"_blank\">Prime Video<\/a> divulgou hoje (11) o primeiro teaser oficial de <strong>The Bluff<\/strong>, seu novo thriller de a\u00e7\u00e3o em alto mar. A produ\u00e7\u00e3o \u00e9 estrelada por <strong>Priyanka Chopra Jonas<\/strong> (Citadel) e conta com <strong>Karl Urban<\/strong> (The Boys), que assume o papel de um pirata implac\u00e1vel.<\/p>\n<p>Confira o teaser abaixo:<\/p>\n<p>A trama, ambientada no Caribe do s\u00e9culo XIX, segue uma ex-pirata (Chopra Jonas) que tentou deixar seu passado violento para tr\u00e1s. No entanto, sua paz \u00e9 amea\u00e7ada quando sua antiga tripula\u00e7\u00e3o, liderada pelo personagem de Urban, finalmente a localiza. Agora, ela ser\u00e1 for\u00e7ada a defender sua ilha e proteger as pessoas que ama contra os fantasmas de sua vida anterior.<\/p>\n<p><strong>The Bluff<\/strong> tem estreia agendada para 25 de fevereiro, exclusivamente no cat\u00e1logo do <strong>Prime Video<\/strong>.<\/p>\n<p>Leia tamb\u00e9m sobre o Prime Video:<\/p>\n","protected":false},"excerpt":{"rendered":"Estimated reading time: 2 minutos O Prime Video divulgou hoje (11) o primeiro teaser oficial de The Bluff,&hellip;\n","protected":false},"author":2,"featured_media":225145,"comment_status":"","ping_status":"","sticky":false,"template":"","format":"standard","meta":{"footnotes":""},"categories":[140],"tags":[114,115,147,148,14527,146,32,1587,33,42573],"class_list":{"0":"post-225144","1":"post","2":"type-post","3":"status-publish","4":"format-standard","5":"has-post-thumbnail","7":"category-filmes","8":"tag-entertainment","9":"tag-entretenimento","10":"tag-film","11":"tag-filmes","12":"tag-karl-urban","13":"tag-movies","14":"tag-portugal","15":"tag-prime-video","16":"tag-pt","17":"tag-the-bluff"},"share_on_mastodon":{"url":"https:\/\/pubeurope.com\/@pt\/115878321559383169","error":""},"_links":{"self":[{"href":"https:\/\/www.europesays.com\/pt\/wp-json\/wp\/v2\/posts\/225144","targetHints":{"allow":["GET"]}}],"collection":[{"href":"https:\/\/www.europesays.com\/pt\/wp-json\/wp\/v2\/posts"}],"about":[{"href":"https:\/\/www.europesays.com\/pt\/wp-json\/wp\/v2\/types\/post"}],"author":[{"embeddable":true,"href":"https:\/\/www.europesays.com\/pt\/wp-json\/wp\/v2\/users\/2"}],"replies":[{"embeddable":true,"href":"https:\/\/www.europesays.com\/pt\/wp-json\/wp\/v2\/comments?post=225144"}],"version-history":[{"count":0,"href":"https:\/\/www.europesays.com\/pt\/wp-json\/wp\/v2\/posts\/225144\/revisions"}],"wp:featuredmedia":[{"embeddable":true,"href":"https:\/\/www.europesays.com\/pt\/wp-json\/wp\/v2\/media\/225145"}],"wp:attachment":[{"href":"https:\/\/www.europesays.com\/pt\/wp-json\/wp\/v2\/media?parent=225144"}],"wp:term":[{"taxonomy":"category","embeddable":true,"href":"https:\/\/www.europesays.com\/pt\/wp-json\/wp\/v2\/categories?post=225144"},{"taxonomy":"post_tag","embeddable":true,"href":"https:\/\/www.europesays.com\/pt\/wp-json\/wp\/v2\/tags?post=225144"}],"curies":[{"name":"wp","href":"https:\/\/api.w.org\/{rel}","templated":true}]}}