{"id":225146,"date":"2026-01-11T20:20:09","date_gmt":"2026-01-11T20:20:09","guid":{"rendered":"https:\/\/www.europesays.com\/pt\/225146\/"},"modified":"2026-01-11T20:20:09","modified_gmt":"2026-01-11T20:20:09","slug":"fc-porto-e-farioli-selam-renovacao-de-contrato-do-treinador","status":"publish","type":"post","link":"https:\/\/www.europesays.com\/pt\/225146\/","title":{"rendered":"FC Porto e Farioli selam renova\u00e7\u00e3o de contrato do treinador"},"content":{"rendered":"<p>Francesco Farioli j\u00e1 renovou contrato com o <a class=\"autolink-enabled\" data-resource-id=\"451\" data-resource-type=\"team\" data-sport=\"football\" href=\"https:\/\/www.abola.pt\/futebol\/fc-porto-451\" rel=\"nofollow noopener\" target=\"_blank\">FC Porto<\/a>. Pouco mais de seis meses depois de ter chegado ao Drag\u00e3o, o treinador italiano rubricou um novo v\u00ednculo, v\u00e1lido at\u00e9 2028, acrescentando uma \u00e9poca ao anterior, que era v\u00e1lido at\u00e9 ao final de 2026\/27.<\/p>\n<p>O processo avan\u00e7ou de forma r\u00e1pida e eficaz, algo potenciado pelo alinhamento entre as partes noticiado na \u00faltima semana. Farioli j\u00e1 tinha sido abordado pela SAD liderada por Andr\u00e9 Villas-Boas, que n\u00e3o teve d\u00favidas em premiar o t\u00e9cnico (e respetivo staff) com contratos melhorados, dado o rendimento apresentado pela equipa azul e branca, l\u00edder do campeonato com 7 pontos de vantagem sobre o <a class=\"autolink-enabled\" data-resource-id=\"448\" data-resource-type=\"team\" data-sport=\"football\" href=\"https:\/\/www.abola.pt\/futebol\/sporting-448\" rel=\"nofollow noopener\" target=\"_blank\">Sporting<\/a>, segundo classificado, e com o apuramento para os oitavos de final da <a class=\"autolink-enabled\" data-resource-id=\"28\" data-resource-type=\"competition\" data-sport=\"football\" href=\"https:\/\/www.abola.pt\/futebol\/competicao\/uefa-europa-league-28\" rel=\"nofollow noopener\" target=\"_blank\">UEFA Europa League<\/a> bem encaminhado.<\/p>\n<p>N\u00e3o deixa de ser curioso que a renova\u00e7\u00e3o tenha sido fechada a alguns dias do cl\u00e1ssico com o <a target=\"_blank\" class=\"editor-link autolink-enabled\" href=\"https:\/\/www.abola.pt\/futebol\/benfica-450\" data-resource-id=\"450\" data-resource-type=\"team\" data-sport=\"football\" rel=\"nofollow noopener\">Benfica<\/a>, referente aos quartos de final da Ta\u00e7a de Portugal. Uma esp\u00e9cie de demonstra\u00e7\u00e3o de total confian\u00e7a e cren\u00e7a no trabalho de Farioli, de 36 anos.<\/p>\n<p>De notar, tamb\u00e9m, que o contrato do italiano passa a ser v\u00e1lido at\u00e9 ao final do atual mandato de Villas-Boas na presid\u00eancia do <a class=\"autolink-enabled\" data-resource-id=\"451\" data-resource-type=\"team\" data-sport=\"football\" href=\"https:\/\/www.abola.pt\/futebol\/fc-porto-451\" rel=\"nofollow noopener\" target=\"_blank\">FC Porto<\/a>.<\/p>\n","protected":false},"excerpt":{"rendered":"Francesco Farioli j\u00e1 renovou contrato com o FC Porto. Pouco mais de seis meses depois de ter chegado&hellip;\n","protected":false},"author":2,"featured_media":225147,"comment_status":"","ping_status":"","sticky":false,"template":"","format":"standard","meta":{"footnotes":""},"categories":[87],"tags":[135,32,33,134],"class_list":{"0":"post-225146","1":"post","2":"type-post","3":"status-publish","4":"format-standard","5":"has-post-thumbnail","7":"category-desporto","8":"tag-desporto","9":"tag-portugal","10":"tag-pt","11":"tag-sports"},"share_on_mastodon":{"url":"https:\/\/pubeurope.com\/@pt\/115878325269374941","error":""},"_links":{"self":[{"href":"https:\/\/www.europesays.com\/pt\/wp-json\/wp\/v2\/posts\/225146","targetHints":{"allow":["GET"]}}],"collection":[{"href":"https:\/\/www.europesays.com\/pt\/wp-json\/wp\/v2\/posts"}],"about":[{"href":"https:\/\/www.europesays.com\/pt\/wp-json\/wp\/v2\/types\/post"}],"author":[{"embeddable":true,"href":"https:\/\/www.europesays.com\/pt\/wp-json\/wp\/v2\/users\/2"}],"replies":[{"embeddable":true,"href":"https:\/\/www.europesays.com\/pt\/wp-json\/wp\/v2\/comments?post=225146"}],"version-history":[{"count":0,"href":"https:\/\/www.europesays.com\/pt\/wp-json\/wp\/v2\/posts\/225146\/revisions"}],"wp:featuredmedia":[{"embeddable":true,"href":"https:\/\/www.europesays.com\/pt\/wp-json\/wp\/v2\/media\/225147"}],"wp:attachment":[{"href":"https:\/\/www.europesays.com\/pt\/wp-json\/wp\/v2\/media?parent=225146"}],"wp:term":[{"taxonomy":"category","embeddable":true,"href":"https:\/\/www.europesays.com\/pt\/wp-json\/wp\/v2\/categories?post=225146"},{"taxonomy":"post_tag","embeddable":true,"href":"https:\/\/www.europesays.com\/pt\/wp-json\/wp\/v2\/tags?post=225146"}],"curies":[{"name":"wp","href":"https:\/\/api.w.org\/{rel}","templated":true}]}}