{"id":22515,"date":"2025-08-09T15:29:07","date_gmt":"2025-08-09T15:29:07","guid":{"rendered":"https:\/\/www.europesays.com\/pt\/22515\/"},"modified":"2025-08-09T15:29:07","modified_gmt":"2025-08-09T15:29:07","slug":"maria-de-fatima-descobre-mentira-de-celina-e-toma-decisao-extrema-contra-solange","status":"publish","type":"post","link":"https:\/\/www.europesays.com\/pt\/22515\/","title":{"rendered":"Maria de F\u00e1tima descobre mentira de Celina e toma decis\u00e3o extrema contra Solange"},"content":{"rendered":"<p>                        <a href=\"https:\/\/img.nsctotal.com.br\/wp-content\/uploads\/2025\/08\/Maria-de-Fatima-descobre-mentira-de-Celina-em-Vale-Tudo.jpg\" data-caption=\"Maria de F\u00e1tima descobre mentira de Celina em Vale Tudo\" aria-label=\"Maria de F\u00e1tima descobre mentira de Celina em Vale Tudo\" rel=\"nofollow noopener\" target=\"_blank\"><img width=\"944\" height=\"531\" src=\"https:\/\/www.europesays.com\/pt\/wp-content\/uploads\/2025\/08\/Maria-de-Fatima-descobre-mentira-de-Celina-em-Vale-Tudo-944x531.jpg\" class=\"attachment-custom-large size-custom-large article-featured-image\" alt=\"Maria de F\u00e1tima descobre mentira de Celina em Vale Tudo\" fetchpriority=\"high\" decoding=\"async\"  \/><\/a><\/p>\n<p>Maria de F\u00e1tima descobre mentira de Celina em Vale Tudo (Fotos: Reprodu\u00e7\u00e3o, TV Globo)<\/p>\n<p>Celina (Malu Galli) bem que tentou enganar Maria de F\u00e1tima (Bella Campos) em Vale Tudo, mas n\u00e3o vai funcionar por muito tempo. Desconfiando que ela estava traindo o sobrinho, e ao saber da gravidez, a tia de Afonso (Humberto Carr\u00e3o) diz para F\u00e1tima que ele \u00e9 est\u00e9ril e n\u00e3o pode gerar filhos.<\/p>\n<p>Continua depois da publicidade<\/p>\n<p>Al\u00e9m disso, Celina amea\u00e7a contar toda verdade para a fam\u00edlia. \u00c9 isso que faz com que Maria de F\u00e1tima tenha uma atitude extrema. Em uma noite de gala, ela se joga da escadaria do Theatro Municipal, no Rio de Janeiro, com a inten\u00e7\u00e3o de perder o beb\u00ea e ainda sair como v\u00edtima.<\/p>\n<p>Maria de F\u00e1tima descobre que Solange est\u00e1 gr\u00e1vida de Afonso<\/p>\n<p>O problema \u00e9 que a queda n\u00e3o vai funcionar como a filha de Raquel (Ta\u00eds Ara\u00fajo) esperava. Nesse meio tempo ela descobre que Solange (Alice Wegmann) est\u00e1 gr\u00e1vida de Afonso e de g\u00eameos. F\u00e1tima fica intrigada para saber quem est\u00e1 mentindo, se Solange ou Celina. Afinal, Afonso pode ou n\u00e3o ser pai?<\/p>\n<p>A golpista vai subornar uma funcion\u00e1ria do laborat\u00f3rio que Celina mostrou o exame de Afonso e descobre que \u00e9 falso. Mas F\u00e1tima n\u00e3o vai sossegar, ela sabe que muito mais do que desmascarar Celina o mais importante agora \u00e9 evitar perder Afonso para Solange, que est\u00e1 gr\u00e1vida de g\u00eameos.<\/p>\n<p>Continua depois da publicidade<\/p>\n<p>Ela resolve agir e desta vez de forma criminosa. Maria de F\u00e1tima decide entrar na casa de Solange para trocar os rem\u00e9dios que a diretora de arte da Tomorrow toma, e provocar um aborto. Ser\u00e1 que Maria de F\u00e1tima vai ser capaz de fazer essa maldade?<\/p>\n<p>Globo divulga as primeiras imagens da cena que Celina impede que comam a maionese em Vale Tudo<a href=\"https:\/\/www.europesays.com\/pt\/wp-content\/uploads\/2025\/08\/Globo-divulga-as-primeiras-imagens-da-cena-que-Celina-impede-que-comam-a-maionese-em-Vale-Tudo-2.jpg\"><a href=\"https:\/\/www.europesays.com\/pt\/wp-content\/uploads\/2025\/08\/Globo-divulga-as-primeiras-imagens-da-cena-que-Celina-impede-que-comam-a-maionese-em-Vale-Tudo-2.jpg\" aria-label=\"Imagem da Galeria\"><img loading=\"lazy\" decoding=\"async\" width=\"1200\" height=\"675\" data-id=\"7605293\" src=\"https:\/\/www.europesays.com\/pt\/wp-content\/uploads\/2025\/08\/Globo-divulga-as-primeiras-imagens-da-cena-que-Celina-impede-que-comam-a-maionese-em-Vale-Tudo-2.jpg\" alt=\"Globo divulga as primeiras imagens da cena que Celina impede que comam a maionese em Vale Tudo\" class=\"wp-image-7605293\"  \/><\/a><\/p>\n<p>Celina corre para evitar trag\u00e9dia (Foto: Divulga\u00e7\u00e3o, Globo)<\/p>\n<p><a href=\"https:\/\/www.europesays.com\/pt\/wp-content\/uploads\/2025\/08\/Globo-divulga-as-primeiras-imagens-da-cena-que-Celina-impede-que-comam-a-maionese-em-Vale-Tudo-3.jpg\"><a href=\"https:\/\/www.europesays.com\/pt\/wp-content\/uploads\/2025\/08\/Globo-divulga-as-primeiras-imagens-da-cena-que-Celina-impede-que-comam-a-maionese-em-Vale-Tudo-3.jpg\" aria-label=\"Imagem da Galeria\"><img loading=\"lazy\" decoding=\"async\" width=\"1200\" height=\"675\" data-id=\"7605294\" src=\"https:\/\/www.europesays.com\/pt\/wp-content\/uploads\/2025\/08\/Globo-divulga-as-primeiras-imagens-da-cena-que-Celina-impede-que-comam-a-maionese-em-Vale-Tudo-3.jpg\" alt=\"Globo divulga as primeiras imagens da cena que Celina impede que comam a maionese em Vale Tudo\" class=\"wp-image-7605294\"  \/><\/a><\/p>\n<p>Ela encontra o restaurante cheio (Foto: Divulga\u00e7\u00e3o, Globo)<\/p>\n<p><a href=\"https:\/\/www.europesays.com\/pt\/wp-content\/uploads\/2025\/08\/Globo-divulga-as-primeiras-imagens-da-cena-que-Celina-impede-que-comam-a-maionese-em-Vale-Tudo.jpg\"><a href=\"https:\/\/www.europesays.com\/pt\/wp-content\/uploads\/2025\/08\/Globo-divulga-as-primeiras-imagens-da-cena-que-Celina-impede-que-comam-a-maionese-em-Vale-Tudo.jpg\" aria-label=\"Imagem da Galeria\"><img loading=\"lazy\" decoding=\"async\" width=\"1200\" height=\"675\" data-id=\"7605295\" src=\"https:\/\/www.europesays.com\/pt\/wp-content\/uploads\/2025\/08\/Globo-divulga-as-primeiras-imagens-da-cena-que-Celina-impede-que-comam-a-maionese-em-Vale-Tudo.jpg\" alt=\"Globo divulga as primeiras imagens da cena que Celina impede que comam a maionese em Vale Tudo\" class=\"wp-image-7605295\"  \/><\/a><\/p>\n<p>E grita para que n\u00e3o comam a maionese (Foto: Divulga\u00e7\u00e3o, Globo)<\/p>\n<p>VoltarAvan\u00e7ar<\/p>\n<p>Veja a cena em que Solange descobre que est\u00e1 gr\u00e1vida<\/p>\n<p>T\u00e1 gostando do <strong><a href=\"https:\/\/gshow.globo.com\/novelas\/vale-tudo\/\" target=\"_blank\" rel=\"noreferrer noopener nofollow\">remake<\/a><\/strong> da novela das nove? Voc\u00ea sabe\u00a0<strong><a href=\"https:\/\/www.nsctotal.com.br\/noticias\/quem-era-o-mario-sergio-na-versao-original-de-vale-tudo\" target=\"_blank\" rel=\"noreferrer noopener nofollow\">quem era o M\u00e1rio S\u00e9rgio na vers\u00e3o original de Vale Tudo?<\/a><\/strong>\u00a0E que a\u00a0<strong><a href=\"https:\/\/www.nsctotal.com.br\/noticias\/vale-tudo-novela-vai-exibir-cena-do-passado-do-filho-de-odete-roitman-antes-do-acidente\" target=\"_blank\" rel=\"noreferrer noopener nofollow\">novela vai exibir cena do passado do filho de Odete Roitman antes do acidente<\/a>?<\/strong><\/p>\n<p>Continua depois da publicidade<\/p>\n","protected":false},"excerpt":{"rendered":"Maria de F\u00e1tima descobre mentira de Celina em Vale Tudo (Fotos: Reprodu\u00e7\u00e3o, TV Globo) Celina (Malu Galli) bem&hellip;\n","protected":false},"author":2,"featured_media":22516,"comment_status":"","ping_status":"","sticky":false,"template":"","format":"standard","meta":{"footnotes":""},"categories":[142],"tags":[114,115,32,33,151,543],"class_list":{"0":"post-22515","1":"post","2":"type-post","3":"status-publish","4":"format-standard","5":"has-post-thumbnail","7":"category-tv","8":"tag-entertainment","9":"tag-entretenimento","10":"tag-portugal","11":"tag-pt","12":"tag-tv","13":"tag-ver-ouvir-ler"},"share_on_mastodon":{"url":"","error":""},"_links":{"self":[{"href":"https:\/\/www.europesays.com\/pt\/wp-json\/wp\/v2\/posts\/22515","targetHints":{"allow":["GET"]}}],"collection":[{"href":"https:\/\/www.europesays.com\/pt\/wp-json\/wp\/v2\/posts"}],"about":[{"href":"https:\/\/www.europesays.com\/pt\/wp-json\/wp\/v2\/types\/post"}],"author":[{"embeddable":true,"href":"https:\/\/www.europesays.com\/pt\/wp-json\/wp\/v2\/users\/2"}],"replies":[{"embeddable":true,"href":"https:\/\/www.europesays.com\/pt\/wp-json\/wp\/v2\/comments?post=22515"}],"version-history":[{"count":0,"href":"https:\/\/www.europesays.com\/pt\/wp-json\/wp\/v2\/posts\/22515\/revisions"}],"wp:featuredmedia":[{"embeddable":true,"href":"https:\/\/www.europesays.com\/pt\/wp-json\/wp\/v2\/media\/22516"}],"wp:attachment":[{"href":"https:\/\/www.europesays.com\/pt\/wp-json\/wp\/v2\/media?parent=22515"}],"wp:term":[{"taxonomy":"category","embeddable":true,"href":"https:\/\/www.europesays.com\/pt\/wp-json\/wp\/v2\/categories?post=22515"},{"taxonomy":"post_tag","embeddable":true,"href":"https:\/\/www.europesays.com\/pt\/wp-json\/wp\/v2\/tags?post=22515"}],"curies":[{"name":"wp","href":"https:\/\/api.w.org\/{rel}","templated":true}]}}