{"id":225154,"date":"2026-01-11T20:27:14","date_gmt":"2026-01-11T20:27:14","guid":{"rendered":"https:\/\/www.europesays.com\/pt\/225154\/"},"modified":"2026-01-11T20:27:14","modified_gmt":"2026-01-11T20:27:14","slug":"operacao-marques-advogado-de-socrates-recebeu-alta-mas-a-presenca-em-tribunal-a-13-de-janeiro-e-incerta","status":"publish","type":"post","link":"https:\/\/www.europesays.com\/pt\/225154\/","title":{"rendered":"Opera\u00e7\u00e3o Marqu\u00eas. Advogado de S\u00f3crates recebeu alta, mas a presen\u00e7a em tribunal a 13 de janeiro \u00e9 incerta"},"content":{"rendered":"<p><strong>uemJos\u00e9 Preto, advogado de Jos\u00e9 S\u00f3crates, recebeu alta hospitalar ap\u00f3s 12 duas internado devido a uma pneumonia, mas n\u00e3o garante estar presente em tribunal na pr\u00f3xima sess\u00e3o da Opera\u00e7\u00e3o Marqu\u00eas, marcada para ter\u00e7a-feira (13 de janeiro).<\/strong> <\/p>\n<p>A informa\u00e7\u00e3o foi avan\u00e7ada pelo jornal <a aria-label=\"content\" target=\"_blank\" href=\"https:\/\/expresso.pt\/sociedade\/2026-01-10-operacao-marques-12-dias-depois-advogado-de-socrates-tem-alta-hospitalar-5d8e22ae\" rel=\"nofollow noopener\">Expresso<\/a>, a quem Jos\u00e9 Preto afirmou n\u00e3o se comprometer com a presen\u00e7a em tribunal a 13 de janeiro. <strong>&#8220;O futuro a Deus pertence&#8221;, disse.<\/strong><\/p>\n<p>Ana Velho foi entretanto nomeada pelo tribunal advogada oficiosa do antigo primeiro-ministro.<\/p>\n<p>Jos\u00e9 Preto teve alta do hospital Santa Maria, em Lisboa, no dia 8 de janeiro. Como n\u00e3o nomeou substituto, a sess\u00e3o de 6 de janeiro foi adiada para que Ana Velho tivesse tempo para consultar o processo. A advogada recusou inicialmente ser advogada no processo devido a falta de tempo, mas acabou por n\u00e3o ver a sua pretens\u00e3o aceite pela juiza Susana Seca.<\/p>\n","protected":false},"excerpt":{"rendered":"uemJos\u00e9 Preto, advogado de Jos\u00e9 S\u00f3crates, recebeu alta hospitalar ap\u00f3s 12 duas internado devido a uma pneumonia, mas&hellip;\n","protected":false},"author":2,"featured_media":225155,"comment_status":"","ping_status":"","sticky":false,"template":"","format":"standard","meta":{"footnotes":""},"categories":[10],"tags":[11296,27,28,15,16,14,16189,5607,603,25,26,21,22,12,13,19,20,16190,32,23,24,33,17,18,29,30,31],"class_list":{"0":"post-225154","1":"post","2":"type-post","3":"status-publish","4":"format-standard","5":"has-post-thumbnail","7":"category-portugal","8":"tag-advogado","9":"tag-breaking-news","10":"tag-breakingnews","11":"tag-featured-news","12":"tag-featurednews","13":"tag-headlines","14":"tag-jose-socrates","15":"tag-julgamento","16":"tag-justica","17":"tag-latest-news","18":"tag-latestnews","19":"tag-main-news","20":"tag-mainnews","21":"tag-news","22":"tag-noticias","23":"tag-noticias-principais","24":"tag-noticiasprincipais","25":"tag-operacao-marques","26":"tag-portugal","27":"tag-principais-noticias","28":"tag-principaisnoticias","29":"tag-pt","30":"tag-top-stories","31":"tag-topstories","32":"tag-ultimas","33":"tag-ultimas-noticias","34":"tag-ultimasnoticias"},"share_on_mastodon":{"url":"https:\/\/pubeurope.com\/@pt\/115878352968500646","error":""},"_links":{"self":[{"href":"https:\/\/www.europesays.com\/pt\/wp-json\/wp\/v2\/posts\/225154","targetHints":{"allow":["GET"]}}],"collection":[{"href":"https:\/\/www.europesays.com\/pt\/wp-json\/wp\/v2\/posts"}],"about":[{"href":"https:\/\/www.europesays.com\/pt\/wp-json\/wp\/v2\/types\/post"}],"author":[{"embeddable":true,"href":"https:\/\/www.europesays.com\/pt\/wp-json\/wp\/v2\/users\/2"}],"replies":[{"embeddable":true,"href":"https:\/\/www.europesays.com\/pt\/wp-json\/wp\/v2\/comments?post=225154"}],"version-history":[{"count":0,"href":"https:\/\/www.europesays.com\/pt\/wp-json\/wp\/v2\/posts\/225154\/revisions"}],"wp:featuredmedia":[{"embeddable":true,"href":"https:\/\/www.europesays.com\/pt\/wp-json\/wp\/v2\/media\/225155"}],"wp:attachment":[{"href":"https:\/\/www.europesays.com\/pt\/wp-json\/wp\/v2\/media?parent=225154"}],"wp:term":[{"taxonomy":"category","embeddable":true,"href":"https:\/\/www.europesays.com\/pt\/wp-json\/wp\/v2\/categories?post=225154"},{"taxonomy":"post_tag","embeddable":true,"href":"https:\/\/www.europesays.com\/pt\/wp-json\/wp\/v2\/tags?post=225154"}],"curies":[{"name":"wp","href":"https:\/\/api.w.org\/{rel}","templated":true}]}}