{"id":225164,"date":"2026-01-11T20:35:16","date_gmt":"2026-01-11T20:35:16","guid":{"rendered":"https:\/\/www.europesays.com\/pt\/225164\/"},"modified":"2026-01-11T20:35:16","modified_gmt":"2026-01-11T20:35:16","slug":"o-benfica-nao-pode-so-depender-de-otamendi-e-de-antonio-silva","status":"publish","type":"post","link":"https:\/\/www.europesays.com\/pt\/225164\/","title":{"rendered":"\u00abO Benfica n\u00e3o pode s\u00f3 depender de Otamendi e de Ant\u00f3nio Silva\u00bb"},"content":{"rendered":"<p style=\"text-align: start;\"><a class=\"autolink-enabled\" data-resource-id=\"4441851\" data-resource-type=\"player\" data-sport=\"football\" href=\"https:\/\/www.abola.pt\/futebol\/jogador\/goncalo-oliveira-4441851\" rel=\"nofollow noopener\" target=\"_blank\">Gon\u00e7alo Oliveira<\/a> pode estrear-se pela equipa principal do <a class=\"autolink-enabled\" data-resource-id=\"450\" data-resource-type=\"team\" data-sport=\"football\" href=\"https:\/\/www.abola.pt\/futebol\/benfica-450\" rel=\"nofollow noopener\" target=\"_blank\">Benfica<\/a> em pleno Est\u00e1dio do Drag\u00e3o, diante do <a class=\"autolink-enabled\" data-resource-id=\"451\" data-resource-type=\"team\" data-sport=\"football\" href=\"https:\/\/www.abola.pt\/futebol\/fc-porto-451\" rel=\"nofollow noopener\" target=\"_blank\">FC Porto<\/a>, nos quartos de final da <a class=\"autolink-enabled\" data-resource-id=\"112\" data-resource-type=\"competition\" data-sport=\"football\" href=\"https:\/\/www.abola.pt\/futebol\/competicao\/taca-de-portugal-112\" rel=\"nofollow noopener\" target=\"_blank\">Ta\u00e7a de Portugal<\/a>. O defesa central pode aproveitar as les\u00f5es de <a class=\"autolink-enabled\" data-resource-id=\"246968\" data-resource-type=\"player\" data-sport=\"football\" href=\"https:\/\/www.abola.pt\/futebol\/jogador\/antonio-silva-246968\" rel=\"nofollow noopener\" target=\"_blank\">Ant\u00f3nio Silva<\/a> e <a class=\"autolink-enabled\" data-resource-id=\"240118\" data-resource-type=\"player\" data-sport=\"football\" href=\"https:\/\/www.abola.pt\/futebol\/jogador\/joshua-wynder-240118\" rel=\"nofollow noopener\" target=\"_blank\">Joshua Wynder<\/a> e o castigo de <a class=\"autolink-enabled\" data-resource-id=\"1978\" data-resource-type=\"player\" data-sport=\"football\" href=\"https:\/\/www.abola.pt\/futebol\/jogador\/nicolas-otamendi-1978\" rel=\"nofollow noopener\" target=\"_blank\">Otamendi<\/a>, expulso diante do <a class=\"autolink-enabled\" data-resource-id=\"457\" data-resource-type=\"team\" data-sport=\"football\" href=\"https:\/\/www.abola.pt\/futebol\/sc-braga-457\" rel=\"nofollow noopener\" target=\"_blank\">SC Braga<\/a> nas meias-finais da Ta\u00e7a da <a class=\"autolink-enabled\" data-resource-id=\"13\" data-resource-type=\"competition\" data-sport=\"football\" href=\"https:\/\/www.abola.pt\/futebol\/competicao\/liga-portugal-betclic-13\" rel=\"nofollow noopener\" target=\"_blank\">Liga<\/a>, para fazer companhia a <a class=\"autolink-enabled\" data-resource-id=\"226935\" data-resource-type=\"player\" data-sport=\"football\" href=\"https:\/\/www.abola.pt\/futebol\/jogador\/tomas-araujo-226935\" rel=\"nofollow noopener\" target=\"_blank\">Tom\u00e1s Ara\u00fajo<\/a> no centro da defesa encarnada.<\/p>\n<p style=\"text-align: start;\">A poss\u00edvel aposta de Mourinho em Oliveira agrada a Jo\u00e3o Manuel Pinto, que disputou 52 jogos oelo Benfica entre 2001 e 2003. O antigo defesa central das \u00e1guias, em declara\u00e7\u00f5es a <strong>A BOLA<\/strong>, recordou os elogios dirigidos anteriormente pelo t\u00e9cnico luso \u00e0 forma\u00e7\u00e3o encarnada para defender a utiliza\u00e7\u00e3o da prata da casa: \u00abH\u00e1 uns tempos o Mourinho disse que tinha muita qualidade no Seixal, portante penso que que n\u00e3o pode estar preocupado. N\u00e3o pode dizer uma coisa hoje e amanh\u00e3 outra. A <a target=\"_blank\" class=\"editor-link autolink-enabled\" href=\"https:\/\/www.abola.pt\/futebol\/competicao\/liga-portugal-2-meu-super-111\" data-resource-id=\"111\" data-resource-type=\"competition\" data-sport=\"football\" rel=\"nofollow noopener\">Liga 2<\/a> tamb\u00e9m \u00e9 muito competitiva, o <a target=\"_blank\" class=\"editor-link autolink-enabled\" href=\"https:\/\/www.abola.pt\/futebol\/benfica-450\" data-resource-id=\"450\" data-resource-type=\"team\" data-sport=\"football\" rel=\"nofollow noopener\">Benfica<\/a> tem de ter solu\u00e7\u00f5es e estar preparado para castigos e les\u00f5es.\u00bb<\/p>\n<p>            <img decoding=\"async\" src=\"https:\/\/www.europesays.com\/pt\/wp-content\/uploads\/2026\/01\/c1e11e02-e567-4b37-ad64-fad6ea69954f.jpg\" alt=\"\" width=\"620\" class=\"w-full object-cover\"\/><\/p>\n<p>                    Jo\u00e3o Manuel Pinto ao servi\u00e7o do Benfica, em 2002 &#8211; Foto: ASF<\/p>\n<p style=\"text-align: start;\">Jo\u00e3o Manuel Pinto frisa que \u00abo <a target=\"_blank\" class=\"editor-link autolink-enabled\" href=\"https:\/\/www.abola.pt\/futebol\/benfica-450\" data-resource-id=\"450\" data-resource-type=\"team\" data-sport=\"football\" rel=\"nofollow noopener\">Benfica<\/a> n\u00e3o pode s\u00f3 depender de <a target=\"_blank\" class=\"editor-link autolink-enabled\" href=\"https:\/\/www.abola.pt\/futebol\/jogador\/nicolas-otamendi-1978\" data-resource-id=\"1978\" data-resource-type=\"player\" data-sport=\"football\" rel=\"nofollow noopener\">Otamendi<\/a> e de <a target=\"_blank\" class=\"editor-link autolink-enabled\" href=\"https:\/\/www.abola.pt\/futebol\/jogador\/antonio-silva-246968\" data-resource-id=\"246968\" data-resource-type=\"player\" data-sport=\"football\" rel=\"nofollow noopener\">Ant\u00f3nio Silva<\/a>\u00bb, recusa cen\u00e1rio de crise central e elogia <a target=\"_blank\" class=\"editor-link autolink-enabled\" href=\"https:\/\/www.abola.pt\/futebol\/jogador\/goncalo-oliveira-4441851\" data-resource-id=\"4441851\" data-resource-type=\"player\" data-sport=\"football\" rel=\"nofollow noopener\">Gon\u00e7alo Oliveira<\/a>, um \u00abexcelente central\u00bb, que tem \u00abpotencial\u00bb para se afirmar no centro da defesa das \u00e1guias a longo prazo.<\/p>\n<p style=\"text-align: start;\">O antigo jogador dos encarnados utilizada passado recente encarnado. para frisar que o azar dos pesos pesados pode precipitar a afirma\u00e7\u00e3o prata da casa: \u00ab\u00c0s vezes temos de procurar solu\u00e7\u00f5es e elas at\u00e9 est\u00e3o na academia. Nos momentos em que o <a target=\"_blank\" class=\"editor-link autolink-enabled\" href=\"https:\/\/www.abola.pt\/futebol\/benfica-450\" data-resource-id=\"450\" data-resource-type=\"team\" data-sport=\"football\" rel=\"nofollow noopener\">Benfica<\/a> teve problemas de les\u00f5es no centro da defesa, recorreu a jovens e funcionou, lembro-me do <a target=\"_blank\" class=\"editor-link autolink-enabled\" href=\"https:\/\/www.abola.pt\/futebol\/jogador\/antonio-silva-246968\" data-resource-id=\"246968\" data-resource-type=\"player\" data-sport=\"football\" rel=\"nofollow noopener\">Ant\u00f3nio Silva<\/a>, do <a target=\"_blank\" class=\"editor-link autolink-enabled\" href=\"https:\/\/www.abola.pt\/futebol\/jogador\/ruben-dias-82491\" data-resource-id=\"82491\" data-resource-type=\"player\" data-sport=\"football\" rel=\"nofollow noopener\">R\u00faben Dias<\/a>, do <a target=\"_blank\" class=\"editor-link autolink-enabled\" href=\"https:\/\/www.abola.pt\/futebol\/jogador\/david-luiz-2296\" data-resource-id=\"2296\" data-resource-type=\"player\" data-sport=\"football\" rel=\"nofollow noopener\">David Luiz<\/a>.\u00bb<\/p>\n<p style=\"text-align: start;\">O atual treinador destacou a estreia do defesa central brasileiro de \u00e1guia ao peito, na casa do <a class=\"autolink-enabled\" data-resource-id=\"295\" data-resource-type=\"team\" data-sport=\"football\" href=\"https:\/\/www.abola.pt\/futebol\/psg-295\" rel=\"nofollow noopener\" target=\"_blank\">PSG<\/a>, na primeira m\u00e3o dos oitavos de final da <a class=\"autolink-enabled\" data-resource-id=\"112\" data-resource-type=\"competition\" data-sport=\"football\" href=\"https:\/\/www.abola.pt\/futebol\/competicao\/taca-de-portugal-112\" rel=\"nofollow noopener\" target=\"_blank\">Ta\u00e7a<\/a> <a class=\"autolink-enabled\" data-resource-id=\"27\" data-resource-type=\"competition\" data-sport=\"football\" href=\"https:\/\/www.abola.pt\/futebol\/competicao\/uefa-champions-league-27\" rel=\"nofollow noopener\" target=\"_blank\">UEFA<\/a>, a 8 de mar\u00e7o de 2007. <a class=\"autolink-enabled\" data-resource-id=\"2296\" data-resource-type=\"player\" data-sport=\"football\" href=\"https:\/\/www.abola.pt\/futebol\/jogador\/david-luiz-2296\" rel=\"nofollow noopener\" target=\"_blank\">David Luiz<\/a>, ent\u00e3o com 19 anos, entrou em campo aos 33\u2019 para substituir o lesionado Luis\u00e3o, quando o <a class=\"autolink-enabled\" data-resource-id=\"450\" data-resource-type=\"team\" data-sport=\"football\" href=\"https:\/\/www.abola.pt\/futebol\/benfica-450\" rel=\"nofollow noopener\" target=\"_blank\">Benfica<\/a> vencia por 1-0.<\/p>\n<p>            <img decoding=\"async\" src=\"https:\/\/www.europesays.com\/pt\/wp-content\/uploads\/2026\/01\/61e133a0-fe12-49ee-901a-b7bf52d382a3.jpg\" alt=\"\" width=\"620\" class=\"w-full object-cover\"\/><\/p>\n<p>                    David Luiz durante o duelo diante do PSG, em 2007 &#8211; Foto: A BOLA<\/p>\n<p style=\"text-align: start;\"><strong>A BOLA<\/strong>, nas aprecia\u00e7\u00f5es individuais dos jogadores encarnados, destacou a estreia \u00abingrata\u00bb do central que \u00abentrou a frio\u00bb, mas que \u00abse acalmou e partiu para exibi\u00e7\u00e3o segura\u00bb, num duelo que terminou com vit\u00f3ria parisiense por 2-1. O <a target=\"_blank\" class=\"editor-link autolink-enabled\" href=\"https:\/\/www.abola.pt\/futebol\/benfica-450\" data-resource-id=\"450\" data-resource-type=\"team\" data-sport=\"football\" rel=\"nofollow noopener\">Benfica<\/a> ultrapassou o gigante gaul\u00eas gra\u00e7as a um triunfo por 3-1 na segunda m\u00e3o e <a target=\"_blank\" class=\"editor-link autolink-enabled\" href=\"https:\/\/www.abola.pt\/futebol\/jogador\/david-luiz-2296\" data-resource-id=\"2296\" data-resource-type=\"player\" data-sport=\"football\" rel=\"nofollow noopener\">David Luiz<\/a> tornou-se defesa central de elite, com passagens por <a target=\"_blank\" class=\"editor-link autolink-enabled\" href=\"https:\/\/www.abola.pt\/futebol\/chelsea-82\" data-resource-id=\"82\" data-resource-type=\"team\" data-sport=\"football\" rel=\"nofollow noopener\">Chelsea<\/a>, <a target=\"_blank\" class=\"editor-link autolink-enabled\" href=\"https:\/\/www.abola.pt\/futebol\/psg-295\" data-resource-id=\"295\" data-resource-type=\"team\" data-sport=\"football\" rel=\"nofollow noopener\">PSG<\/a> e <a target=\"_blank\" class=\"editor-link autolink-enabled\" href=\"https:\/\/www.abola.pt\/futebol\/arsenal-97\" data-resource-id=\"97\" data-resource-type=\"team\" data-sport=\"football\" rel=\"nofollow noopener\">Arsenal<\/a> e 57 internacionaliza\u00e7\u00f5es pela sele\u00e7\u00e3o brasileira.<\/p>\n<p style=\"text-align: start;\">\u00abPens\u00e1vamos todos que o <a target=\"_blank\" class=\"editor-link autolink-enabled\" href=\"https:\/\/www.abola.pt\/futebol\/benfica-450\" data-resource-id=\"450\" data-resource-type=\"team\" data-sport=\"football\" rel=\"nofollow noopener\">Benfica<\/a> ia ser demolido, e n\u00e3o foi\u00bb recordou Jo\u00e3o Manuel Pinto, relativizando o eventual peso de uma estreia no Drag\u00e3o. O antigo defesa central recusa qualquer perigo associado \u00e0 aposta em <a target=\"_blank\" class=\"editor-link autolink-enabled\" href=\"https:\/\/www.abola.pt\/futebol\/jogador\/goncalo-oliveira-4441851\" data-resource-id=\"4441851\" data-resource-type=\"player\" data-sport=\"football\" rel=\"nofollow noopener\">Gon\u00e7alo Oliveira<\/a> no cl\u00e1ssico: \u00abN\u00e3o se trata de um risco, mas sim de uma oportunidade. Uma coisa era teres o <a target=\"_blank\" class=\"editor-link autolink-enabled\" href=\"https:\/\/www.abola.pt\/futebol\/jogador\/nicolas-otamendi-1978\" data-resource-id=\"1978\" data-resource-type=\"player\" data-sport=\"football\" rel=\"nofollow noopener\">Otamendi<\/a> dispon\u00edvel e optares por um mi\u00fado. Isso sim seria um risco.\u00bb<\/p>\n<p style=\"text-align: start;\">O antigo jogador das \u00e1guias, que chegou a envergar a bra\u00e7adeira de capit\u00e3o, reiterou confian\u00e7a na \u00abvasta experi\u00eancia e grande qualidade\u00bb de Jos\u00e9 Mourinho, mas destacou o \u00abvasto lote de jogadores com muito talento\u00bb do <a target=\"_blank\" class=\"editor-link autolink-enabled\" href=\"https:\/\/www.abola.pt\/futebol\/benfica-450\" data-resource-id=\"450\" data-resource-type=\"team\" data-sport=\"football\" rel=\"nofollow noopener\">Benfica<\/a> Campus, com vontade de escrever a pr\u00f3pria hist\u00f3ria na equipa principal.<\/p>\n","protected":false},"excerpt":{"rendered":"Gon\u00e7alo Oliveira pode estrear-se pela equipa principal do Benfica em pleno Est\u00e1dio do Drag\u00e3o, diante do FC Porto,&hellip;\n","protected":false},"author":2,"featured_media":225165,"comment_status":"","ping_status":"","sticky":false,"template":"","format":"standard","meta":{"footnotes":""},"categories":[87],"tags":[135,32,33,134],"class_list":{"0":"post-225164","1":"post","2":"type-post","3":"status-publish","4":"format-standard","5":"has-post-thumbnail","7":"category-desporto","8":"tag-desporto","9":"tag-portugal","10":"tag-pt","11":"tag-sports"},"share_on_mastodon":{"url":"https:\/\/pubeurope.com\/@pt\/115878384442497956","error":""},"_links":{"self":[{"href":"https:\/\/www.europesays.com\/pt\/wp-json\/wp\/v2\/posts\/225164","targetHints":{"allow":["GET"]}}],"collection":[{"href":"https:\/\/www.europesays.com\/pt\/wp-json\/wp\/v2\/posts"}],"about":[{"href":"https:\/\/www.europesays.com\/pt\/wp-json\/wp\/v2\/types\/post"}],"author":[{"embeddable":true,"href":"https:\/\/www.europesays.com\/pt\/wp-json\/wp\/v2\/users\/2"}],"replies":[{"embeddable":true,"href":"https:\/\/www.europesays.com\/pt\/wp-json\/wp\/v2\/comments?post=225164"}],"version-history":[{"count":0,"href":"https:\/\/www.europesays.com\/pt\/wp-json\/wp\/v2\/posts\/225164\/revisions"}],"wp:featuredmedia":[{"embeddable":true,"href":"https:\/\/www.europesays.com\/pt\/wp-json\/wp\/v2\/media\/225165"}],"wp:attachment":[{"href":"https:\/\/www.europesays.com\/pt\/wp-json\/wp\/v2\/media?parent=225164"}],"wp:term":[{"taxonomy":"category","embeddable":true,"href":"https:\/\/www.europesays.com\/pt\/wp-json\/wp\/v2\/categories?post=225164"},{"taxonomy":"post_tag","embeddable":true,"href":"https:\/\/www.europesays.com\/pt\/wp-json\/wp\/v2\/tags?post=225164"}],"curies":[{"name":"wp","href":"https:\/\/api.w.org\/{rel}","templated":true}]}}