{"id":225176,"date":"2026-01-11T20:46:17","date_gmt":"2026-01-11T20:46:17","guid":{"rendered":"https:\/\/www.europesays.com\/pt\/225176\/"},"modified":"2026-01-11T20:46:17","modified_gmt":"2026-01-11T20:46:17","slug":"familia-e-amigos-cumprem-ultimo-pedido-no-funeral-de-maycon-douglas-primeira-companhia","status":"publish","type":"post","link":"https:\/\/www.europesays.com\/pt\/225176\/","title":{"rendered":"Fam\u00edlia e amigos cumprem &#8220;\u00faltimo pedido&#8221; no funeral de Maycon Douglas &#8211; Primeira Companhia"},"content":{"rendered":"<p style=\"margin-bottom:11px\">O \u00faltimo adeus a <a href=\"https:\/\/tvi.iol.pt\/primeiracompanhia\/search?pagina=1&amp;pesquisa=Maycon+Douglas\" rel=\"nofollow noopener\" target=\"_blank\">Maycon Douglas<\/a> realizou-se este domingo, 11 de janeiro, <strong>no Cremat\u00f3rio de Leiria<\/strong>. Foram muitos os amigos, familiares, f\u00e3s e ex-concorrentes de reality shows que <strong>marcaram presen\u00e7a na despedida ao jovem e todos eles\u00a0cumpriram o pedido especial.<\/strong><\/p>\n<p>Atrav\u00e9s dos stories do Instagram, Marcelo Palma tinha partilhado um pedido especial publicado pela Ag\u00eancia Funer\u00e1ria Velhinho que se destinava a todos os que desejassem estar presentes na cerim\u00f3nia de despedida:<\/p>\n<p><strong>\u00abPedimos, por favor, que se apresentem vestidos de branco, como forma de homenagear a luz e a paz neste momento de despedida.\u00bb<\/strong><\/p>\n<p>O apelo, divulgado nas redes sociais, teve um impacto vis\u00edvel: <strong>nas cerim\u00f3nias f\u00fanebres, formou-se uma grande mancha branca, s\u00edmbolo de paz e uni\u00e3o entre todos os presentes<\/strong> que quiseram prestar a \u00faltima homenagem ao <a href=\"https:\/\/tvi.iol.pt\/primeiracompanhia\/search?pagina=1&amp;pesquisa=Maycon+Douglas\" rel=\"nofollow noopener\" target=\"_blank\">ex-concorrente do Secret Story 8.<\/a><\/p>\n<p>\u00a0<\/p>\n<p>\u00a0<\/p>\n","protected":false},"excerpt":{"rendered":"O \u00faltimo adeus a Maycon Douglas realizou-se este domingo, 11 de janeiro, no Cremat\u00f3rio de Leiria. Foram muitos&hellip;\n","protected":false},"author":2,"featured_media":217755,"comment_status":"","ping_status":"","sticky":false,"template":"","format":"standard","meta":{"footnotes":""},"categories":[142],"tags":[41536,114,115,18705,10223,3734,32,33,151,41535],"class_list":{"0":"post-225176","1":"post","2":"type-post","3":"status-publish","4":"format-standard","5":"has-post-thumbnail","7":"category-tv","8":"tag-bastidores-da-recruta","9":"tag-entertainment","10":"tag-entretenimento","11":"tag-entrevistas-concorrentes-tvi","12":"tag-maycon-douglas","13":"tag-pedido","14":"tag-portugal","15":"tag-pt","16":"tag-tv","17":"tag-vida-fora-da-base"},"share_on_mastodon":{"url":"https:\/\/pubeurope.com\/@pt\/115878427537013894","error":""},"_links":{"self":[{"href":"https:\/\/www.europesays.com\/pt\/wp-json\/wp\/v2\/posts\/225176","targetHints":{"allow":["GET"]}}],"collection":[{"href":"https:\/\/www.europesays.com\/pt\/wp-json\/wp\/v2\/posts"}],"about":[{"href":"https:\/\/www.europesays.com\/pt\/wp-json\/wp\/v2\/types\/post"}],"author":[{"embeddable":true,"href":"https:\/\/www.europesays.com\/pt\/wp-json\/wp\/v2\/users\/2"}],"replies":[{"embeddable":true,"href":"https:\/\/www.europesays.com\/pt\/wp-json\/wp\/v2\/comments?post=225176"}],"version-history":[{"count":0,"href":"https:\/\/www.europesays.com\/pt\/wp-json\/wp\/v2\/posts\/225176\/revisions"}],"wp:featuredmedia":[{"embeddable":true,"href":"https:\/\/www.europesays.com\/pt\/wp-json\/wp\/v2\/media\/217755"}],"wp:attachment":[{"href":"https:\/\/www.europesays.com\/pt\/wp-json\/wp\/v2\/media?parent=225176"}],"wp:term":[{"taxonomy":"category","embeddable":true,"href":"https:\/\/www.europesays.com\/pt\/wp-json\/wp\/v2\/categories?post=225176"},{"taxonomy":"post_tag","embeddable":true,"href":"https:\/\/www.europesays.com\/pt\/wp-json\/wp\/v2\/tags?post=225176"}],"curies":[{"name":"wp","href":"https:\/\/api.w.org\/{rel}","templated":true}]}}