{"id":225179,"date":"2026-01-11T20:49:12","date_gmt":"2026-01-11T20:49:12","guid":{"rendered":"https:\/\/www.europesays.com\/pt\/225179\/"},"modified":"2026-01-11T20:49:12","modified_gmt":"2026-01-11T20:49:12","slug":"rafa-pode-ser-o-segundo-trintao-por-quem-rui-costa-admite-pagar-benfica","status":"publish","type":"post","link":"https:\/\/www.europesays.com\/pt\/225179\/","title":{"rendered":"Rafa pode ser o segundo trint\u00e3o por quem Rui Costa admite pagar &#8211; Benfica"},"content":{"rendered":"<p>                    17:02<\/p>\n<p>Atual presidente j\u00e1 contratou 4 jogadores com 30 ou mais anos e apenas Bruma implicou uma taxa de transfer\u00eancia<\/p>\n<p>    &#13;<br \/>\n            &#13;<br \/>\n                &#13;<\/p>\n<p>                        &#13;<\/p>\n<p href=\"https:\/\/www.record.pt\/futebol\/futebol-nacional\/liga-betclic\/benfica\/detalhe\/javascript:void(0)\" title=\"Nuno Miguel Ferreira\" class=\"name\">Nuno Miguel Ferreira<\/p>\n<p>&#13;<br \/>\n                            Editor&#13;<\/p>\n<p>                    &#13;<br \/>\n                &#13;<br \/>\n                &#13;<br \/>\n            &#13;<\/p>\n<p class=\"\">&#13;<br \/>\n        O nome de Rafa Silva continua apontado no bloco de notas de Rui Costa para este mercado de janeiro. A cumprir a segunda temporada no Besiktas, o extremo pretende sair da Turquia pois entrou em rota de colis\u00e3o com o treinador, Sergen Yal\u00e7in, e j\u00e1 n\u00e3o joga desde 2 de novembro. Os encarnados est\u00e3o atentos e interessados em voltar a contar com o extremo, que jogou de \u00e1guia ao peito entre 2016 e 2024, admitindo vir a pagar pela contrata\u00e7\u00e3o desde que a quantia n\u00e3o seja avultada.&#13;\n    <\/p>\n<p>                        Para ler TODOS OS ARTIGOS RECORD PREMIUM durante o dia 11.01.2026 insira o seu n\u00famero de telem\u00f3vel e clique em OK<\/p>\n<p>Consulte a aplica\u00e7\u00e3o MBway no seu telem\u00f3vel e aceite a transa\u00e7\u00e3o&#13;\n                    <\/p>\n<p>                        Os seus dados n\u00e3o ser\u00e3o guardados pelo Record<\/p>\n","protected":false},"excerpt":{"rendered":"17:02 Atual presidente j\u00e1 contratou 4 jogadores com 30 ou mais anos e apenas Bruma implicou uma taxa&hellip;\n","protected":false},"author":2,"featured_media":225180,"comment_status":"","ping_status":"","sticky":false,"template":"","format":"standard","meta":{"footnotes":""},"categories":[87],"tags":[135,32,33,134],"class_list":{"0":"post-225179","1":"post","2":"type-post","3":"status-publish","4":"format-standard","5":"has-post-thumbnail","7":"category-desporto","8":"tag-desporto","9":"tag-portugal","10":"tag-pt","11":"tag-sports"},"share_on_mastodon":{"url":"https:\/\/pubeurope.com\/@pt\/115878439340490847","error":""},"_links":{"self":[{"href":"https:\/\/www.europesays.com\/pt\/wp-json\/wp\/v2\/posts\/225179","targetHints":{"allow":["GET"]}}],"collection":[{"href":"https:\/\/www.europesays.com\/pt\/wp-json\/wp\/v2\/posts"}],"about":[{"href":"https:\/\/www.europesays.com\/pt\/wp-json\/wp\/v2\/types\/post"}],"author":[{"embeddable":true,"href":"https:\/\/www.europesays.com\/pt\/wp-json\/wp\/v2\/users\/2"}],"replies":[{"embeddable":true,"href":"https:\/\/www.europesays.com\/pt\/wp-json\/wp\/v2\/comments?post=225179"}],"version-history":[{"count":0,"href":"https:\/\/www.europesays.com\/pt\/wp-json\/wp\/v2\/posts\/225179\/revisions"}],"wp:featuredmedia":[{"embeddable":true,"href":"https:\/\/www.europesays.com\/pt\/wp-json\/wp\/v2\/media\/225180"}],"wp:attachment":[{"href":"https:\/\/www.europesays.com\/pt\/wp-json\/wp\/v2\/media?parent=225179"}],"wp:term":[{"taxonomy":"category","embeddable":true,"href":"https:\/\/www.europesays.com\/pt\/wp-json\/wp\/v2\/categories?post=225179"},{"taxonomy":"post_tag","embeddable":true,"href":"https:\/\/www.europesays.com\/pt\/wp-json\/wp\/v2\/tags?post=225179"}],"curies":[{"name":"wp","href":"https:\/\/api.w.org\/{rel}","templated":true}]}}