{"id":225185,"date":"2026-01-11T20:55:09","date_gmt":"2026-01-11T20:55:09","guid":{"rendered":"https:\/\/www.europesays.com\/pt\/225185\/"},"modified":"2026-01-11T20:55:09","modified_gmt":"2026-01-11T20:55:09","slug":"valenca-dois-idosos-feridos-apos-aparatoso-despiste","status":"publish","type":"post","link":"https:\/\/www.europesays.com\/pt\/225185\/","title":{"rendered":"Valen\u00e7a: Dois idosos feridos ap\u00f3s aparatoso despiste"},"content":{"rendered":"<p>Um homem de 90 anos e uma mulher de 88 ficaram feridos<strong> ap\u00f3s o ve\u00edculo ligeiro em que seguiam ter entrado em despiste seguido de capotamento lateral, este domingo ao in\u00edcio da tarde<\/strong>, no n\u00f3 de acesso \u00e0 A3, em Valen\u00e7a, sentido Norte\/Sul.<\/p>\n<p>\u00a0<\/p>\n<p><strong>O alerta foi registado \u00e0s 13h22.<\/strong> Ao local acorreram os Bombeiros Volunt\u00e1rios de Valen\u00e7a, com cinco operacionais apoiados por duas viaturas.<\/p>\n<p>\u00a0<\/p>\n<p>Marcaram tamb\u00e9m presen\u00e7a os Bombeiros Volunt\u00e1rios de Vila Nova de Cerveira, com dois operacionais e uma viatura.<\/p>\n<p>\u00a0<\/p>\n<p><strong>As duas v\u00edtimas foram transportadas para o Hospital de St\u00aa Luzia,<\/strong> em Viana do Castelo, com ferimentos considerados ligeiros.<\/p>\n<p>\u00a0<\/p>\n<p>Desconhecem-se as circunst\u00e2ncias em que aconteceu o acidente.<\/p>\n<p>\u00a0<\/p>\n<p>A GNR registou a ocorr\u00eancia.<\/p>\n<p>\u00a0<\/p>\n<p>\u00a0<\/p>\n<p>\u00a0<\/p>\n<p>[cr\u00e9dito fotogorafias: cedidas \u00e0 R\u00e1dio Vale do Minho]<\/p>\n","protected":false},"excerpt":{"rendered":"Um homem de 90 anos e uma mulher de 88 ficaram feridos ap\u00f3s o ve\u00edculo ligeiro em que&hellip;\n","protected":false},"author":2,"featured_media":225186,"comment_status":"","ping_status":"","sticky":false,"template":"","format":"standard","meta":{"footnotes":""},"categories":[10],"tags":[27,28,15,16,14,25,26,21,22,12,13,19,20,32,23,24,33,17,18,29,30,31],"class_list":{"0":"post-225185","1":"post","2":"type-post","3":"status-publish","4":"format-standard","5":"has-post-thumbnail","7":"category-portugal","8":"tag-breaking-news","9":"tag-breakingnews","10":"tag-featured-news","11":"tag-featurednews","12":"tag-headlines","13":"tag-latest-news","14":"tag-latestnews","15":"tag-main-news","16":"tag-mainnews","17":"tag-news","18":"tag-noticias","19":"tag-noticias-principais","20":"tag-noticiasprincipais","21":"tag-portugal","22":"tag-principais-noticias","23":"tag-principaisnoticias","24":"tag-pt","25":"tag-top-stories","26":"tag-topstories","27":"tag-ultimas","28":"tag-ultimas-noticias","29":"tag-ultimasnoticias"},"share_on_mastodon":{"url":"https:\/\/pubeurope.com\/@pt\/115878462893911456","error":""},"_links":{"self":[{"href":"https:\/\/www.europesays.com\/pt\/wp-json\/wp\/v2\/posts\/225185","targetHints":{"allow":["GET"]}}],"collection":[{"href":"https:\/\/www.europesays.com\/pt\/wp-json\/wp\/v2\/posts"}],"about":[{"href":"https:\/\/www.europesays.com\/pt\/wp-json\/wp\/v2\/types\/post"}],"author":[{"embeddable":true,"href":"https:\/\/www.europesays.com\/pt\/wp-json\/wp\/v2\/users\/2"}],"replies":[{"embeddable":true,"href":"https:\/\/www.europesays.com\/pt\/wp-json\/wp\/v2\/comments?post=225185"}],"version-history":[{"count":0,"href":"https:\/\/www.europesays.com\/pt\/wp-json\/wp\/v2\/posts\/225185\/revisions"}],"wp:featuredmedia":[{"embeddable":true,"href":"https:\/\/www.europesays.com\/pt\/wp-json\/wp\/v2\/media\/225186"}],"wp:attachment":[{"href":"https:\/\/www.europesays.com\/pt\/wp-json\/wp\/v2\/media?parent=225185"}],"wp:term":[{"taxonomy":"category","embeddable":true,"href":"https:\/\/www.europesays.com\/pt\/wp-json\/wp\/v2\/categories?post=225185"},{"taxonomy":"post_tag","embeddable":true,"href":"https:\/\/www.europesays.com\/pt\/wp-json\/wp\/v2\/tags?post=225185"}],"curies":[{"name":"wp","href":"https:\/\/api.w.org\/{rel}","templated":true}]}}