{"id":225195,"date":"2026-01-11T21:03:58","date_gmt":"2026-01-11T21:03:58","guid":{"rendered":"https:\/\/www.europesays.com\/pt\/225195\/"},"modified":"2026-01-11T21:03:58","modified_gmt":"2026-01-11T21:03:58","slug":"fas-ficam-chocados-com-novidade-sobre-a-personagem-de-sadie-sink","status":"publish","type":"post","link":"https:\/\/www.europesays.com\/pt\/225195\/","title":{"rendered":"F\u00e3s ficam chocados com novidade sobre a personagem de Sadie Sink"},"content":{"rendered":"<p>Nos \u00faltimos dias, come\u00e7aram a circular novos rumores sobre o pr\u00f3ximo filme do <a href=\"https:\/\/legadodamarvel.com.br\/tag\/homem-aranha\/\" rel=\"nofollow noopener\" target=\"_blank\">Homem-Aranha<\/a>. Nada foi confirmado oficialmente, mas os detalhes levantaram curiosidade porque apontam para um caminho bem diferente do esperado para uma nova personagem importante da hist\u00f3ria.<\/p>\n<p>As informa\u00e7\u00f5es envolvem <a href=\"https:\/\/legadodamarvel.com.br\/tag\/sadie-sink\/\" rel=\"nofollow noopener\" target=\"_blank\">Sadie Sink<\/a> e o papel que ela vai interpretar em <a href=\"https:\/\/legadodamarvel.com.br\/filme\/homem-aranha-um-novo-dia\/\" rel=\"nofollow noopener\" target=\"_blank\">Homem-Aranha: Um Novo Dia<\/a>, ainda mantido em segredo pela Marvel.<\/p>\n<p>Segundo informa\u00e7\u00f5es divulgadas hoje (08), a personagem de Sadie Sink deve ter habilidades parecidas com as de <a href=\"https:\/\/legadodamarvel.com.br\/tag\/jean-grey\/\" rel=\"nofollow noopener\" target=\"_blank\">Jean Grey<\/a>. Isso inclui poderes mentais e um figurino nas cores amarelo e verde, visual cl\u00e1ssico ligado \u00e0 mutante dos <a href=\"https:\/\/legadodamarvel.com.br\/tag\/x-men-mcu\/\" rel=\"nofollow noopener\" target=\"_blank\">X-Men<\/a>.<\/p>\n<p>Quem compartilhou esses detalhes foi o perfil <a href=\"https:\/\/x.com\/marvelousgeek__\/status\/2009379801803436484\" rel=\"nofollow\">MyTimeToShineHello<\/a>, conhecido por divulgar informa\u00e7\u00f5es de bastidores. A combina\u00e7\u00e3o entre visual e poderes fez muita gente associar diretamente a personagem \u00e0 F\u00eanix, mesmo sem confirma\u00e7\u00e3o oficial.<\/p>\n<p>A pr\u00f3pria <strong>Sadie Sink<\/strong> comentou recentemente sobre as teorias que surgem na internet sempre que seu nome aparece ligado ao MCU. Segundo ela, n\u00e3o \u00e9 raro os f\u00e3s acertarem mais do que se imagina.<\/p>\n<blockquote class=\"wp-block-quote\">\n<p>\u201cEu descobri atrav\u00e9s de teorias online. Antes de ser escalada para o Homem-Aranha, havia especula\u00e7\u00f5es online que diziam: \u2018Sadie Sink vai estar no novo Homem-Aranha\u2019. Eu fiquei tipo: \u2018Hmm? Eu vou?\u2019. E, claro, dois dias depois, eles me convidaram para fazer isso. Ent\u00e3o, sim, essas teorias, \u00e0s vezes h\u00e1 alguma verdade nelas.\u201d<\/p>\n<\/blockquote>\n<p>Ela tamb\u00e9m falou sobre a dificuldade de manter segredo sobre o papel, j\u00e1 que toda semana surgem novas apostas diferentes sobre quem sua personagem realmente \u00e9.<\/p>\n<blockquote class=\"wp-block-quote\">\n<p>\u201c\u00c9 uma tortura. H\u00e1 tanta especula\u00e7\u00e3o tamb\u00e9m. Sinto que h\u00e1 um novo personagem toda semana.\u201d<\/p>\n<\/blockquote>\n<p>Um suposto trailer vazado no m\u00eas passado, em baixa qualidade, mostrou a personagem de Sink em uma cena tensa com Peter Parker. No trecho, ela parece amea\u00e7ar o her\u00f3i e demonstra saber sua identidade secreta, o que levantou a possibilidade de um papel mais sombrio ou at\u00e9 antagonista.<\/p>\n<blockquote class=\"wp-block-quote\">\n<p>\u201cVoc\u00ea \u00e9 uma bagun\u00e7a, Homem-Aranha. N\u00e3o fique no meu caminho. Caso contr\u00e1rio, n\u00e3o ser\u00e3o apenas seus amigos que n\u00e3o se lembrar\u00e3o de quem \u00e9 Peter Parker.\u201d<\/p>\n<\/blockquote>\n<p>O filme \u00e9 dirigido por <a href=\"https:\/\/legadodamarvel.com.br\/tag\/destin-daniel-cretton\/\" rel=\"nofollow noopener\" target=\"_blank\">Destin Daniel Cretton<\/a>, com filmagens j\u00e1 encerradas. A estreia est\u00e1 marcada para 31 de julho de 2026. No elenco, retornam <a href=\"https:\/\/legadodamarvel.com.br\/tag\/tom-holland\/\" rel=\"nofollow noopener\" target=\"_blank\">Tom Holland<\/a>, <a href=\"https:\/\/legadodamarvel.com.br\/tag\/zendaya\/\" rel=\"nofollow noopener\" target=\"_blank\">Zendaya<\/a> e <a href=\"https:\/\/legadodamarvel.com.br\/tag\/jacob-batalon\/\" rel=\"nofollow noopener\" target=\"_blank\">Jacob Batalon<\/a>.<\/p>\n<p>A produ\u00e7\u00e3o tamb\u00e9m conta com <a href=\"https:\/\/legadodamarvel.com.br\/tag\/jon-bernthal\/\" rel=\"nofollow noopener\" target=\"_blank\">Jon Bernthal<\/a> novamente como <a href=\"https:\/\/legadodamarvel.com.br\/tag\/justiceiro\/\" rel=\"nofollow noopener\" target=\"_blank\">Justiceiro<\/a> e <a href=\"https:\/\/legadodamarvel.com.br\/tag\/mark-ruffalo\/\" rel=\"nofollow noopener\" target=\"_blank\">Mark Ruffalo<\/a> no papel do <a href=\"https:\/\/legadodamarvel.com.br\/tag\/hulk\/\" rel=\"nofollow noopener\" target=\"_blank\">Hulk<\/a>. <a href=\"https:\/\/legadodamarvel.com.br\/tag\/michael-mando\/\" rel=\"nofollow noopener\" target=\"_blank\">Michael Mando<\/a> deve retornar como Escorpi\u00e3o, enquanto Liza Col\u00f3n-Zayas aparece em um papel ainda n\u00e3o revelado.<\/p>\n<p>Relat\u00f3rios anteriores indicam que a participa\u00e7\u00e3o de Sadie Sink n\u00e3o deve ficar restrita a este filme. A atriz tamb\u00e9m \u00e9 cotada para <a href=\"https:\/\/legadodamarvel.com.br\/filme\/vingadores-guerras-secretas\/\" rel=\"nofollow noopener\" target=\"_blank\">Vingadores: Guerras Secretas<\/a>, previsto para 2027, o que refor\u00e7a o peso da personagem.<\/p>\n<p>E voc\u00ea, acha que Sadie Sink ser\u00e1 mesmo a nova Jean Grey do MCU ou a Marvel est\u00e1 escondendo algo maior? Deixei seu coment\u00e1rio e continue acompanhando a <strong>Legado da Marvel<\/strong>.<\/p>\n","protected":false},"excerpt":{"rendered":"Nos \u00faltimos dias, come\u00e7aram a circular novos rumores sobre o pr\u00f3ximo filme do Homem-Aranha. Nada foi confirmado oficialmente,&hellip;\n","protected":false},"author":2,"featured_media":225196,"comment_status":"","ping_status":"","sticky":false,"template":"","format":"standard","meta":{"footnotes":""},"categories":[140],"tags":[114,115,147,148,5814,10305,146,32,33,10306,6705],"class_list":{"0":"post-225195","1":"post","2":"type-post","3":"status-publish","4":"format-standard","5":"has-post-thumbnail","7":"category-filmes","8":"tag-entertainment","9":"tag-entretenimento","10":"tag-film","11":"tag-filmes","12":"tag-homem-aranha","13":"tag-homem-aranha-um-novo-dia","14":"tag-movies","15":"tag-portugal","16":"tag-pt","17":"tag-sadie-sink","18":"tag-tom-holland"},"share_on_mastodon":{"url":"https:\/\/pubeurope.com\/@pt\/115878498292891378","error":""},"_links":{"self":[{"href":"https:\/\/www.europesays.com\/pt\/wp-json\/wp\/v2\/posts\/225195","targetHints":{"allow":["GET"]}}],"collection":[{"href":"https:\/\/www.europesays.com\/pt\/wp-json\/wp\/v2\/posts"}],"about":[{"href":"https:\/\/www.europesays.com\/pt\/wp-json\/wp\/v2\/types\/post"}],"author":[{"embeddable":true,"href":"https:\/\/www.europesays.com\/pt\/wp-json\/wp\/v2\/users\/2"}],"replies":[{"embeddable":true,"href":"https:\/\/www.europesays.com\/pt\/wp-json\/wp\/v2\/comments?post=225195"}],"version-history":[{"count":0,"href":"https:\/\/www.europesays.com\/pt\/wp-json\/wp\/v2\/posts\/225195\/revisions"}],"wp:featuredmedia":[{"embeddable":true,"href":"https:\/\/www.europesays.com\/pt\/wp-json\/wp\/v2\/media\/225196"}],"wp:attachment":[{"href":"https:\/\/www.europesays.com\/pt\/wp-json\/wp\/v2\/media?parent=225195"}],"wp:term":[{"taxonomy":"category","embeddable":true,"href":"https:\/\/www.europesays.com\/pt\/wp-json\/wp\/v2\/categories?post=225195"},{"taxonomy":"post_tag","embeddable":true,"href":"https:\/\/www.europesays.com\/pt\/wp-json\/wp\/v2\/tags?post=225195"}],"curies":[{"name":"wp","href":"https:\/\/api.w.org\/{rel}","templated":true}]}}