{"id":225197,"date":"2026-01-11T21:04:07","date_gmt":"2026-01-11T21:04:07","guid":{"rendered":"https:\/\/www.europesays.com\/pt\/225197\/"},"modified":"2026-01-11T21:04:07","modified_gmt":"2026-01-11T21:04:07","slug":"f-c-porto-e-francesco-farioli-renovam-contrato-ate-2028","status":"publish","type":"post","link":"https:\/\/www.europesays.com\/pt\/225197\/","title":{"rendered":"F. C. Porto e Francesco Farioli renovam contrato at\u00e9 2028"},"content":{"rendered":"<p data-remotead-prev-elm=\"true\" data-remotead-elm-id=\"inread\">Ap\u00f3s uma primeira volta praticamente perfeita, com 16 vit\u00f3rias e apenas um empate, em casa com o Benfica, Farioli viu o nome associado a grandes tubar\u00f5es europeus, nomeadamente Chelsea e Manchester United, mas fez quest\u00e3o de garantir que se ia manter no drag\u00e3o, com o F. C. Porto a cimentar, agora, a liga\u00e7\u00e3o ao t\u00e9cnico.<\/p>\n<p>Al\u00e9m da excelente campanha no campeonato, o F. C. Porto do treinador italiano est\u00e1 muito bem encaminhado para garantir o apuramento direto para os oitavos de final da Liga Europa e enfrenta, na pr\u00f3xima quarta-feira, o Benfica nos quartos de final da Ta\u00e7a de Portugal. A \u00fanica verdadeira desilus\u00e3o na \u00e9poca foi a elimina\u00e7\u00e3o da Ta\u00e7a da Liga, frente ao Vit\u00f3ria de Guimar\u00e3es, falhando a presen\u00e7a na &#8220;final four&#8221;.<\/p>\n<p>Os n\u00fameros mostram bem o impacto de Farioli no Drag\u00e3o, com a equipa a somar 23 vit\u00f3rias, dois empates (Benfica e Utrecht) e outras tantas derrotas (Nottingham Forest e Vit\u00f3ria) em 27 partidas oficiais, com 57 golos marcados e apenas 13 sofridos.<\/p>\n<p>O treinador fica, assim, com um contrato v\u00e1lido at\u00e9 2028, ano em que Andr\u00e9 Villas-Boas termina o primeiro mandato como presidente do F. C. Porto, depois de ter assumido o cargo em 2024.<\/p>\n","protected":false},"excerpt":{"rendered":"Ap\u00f3s uma primeira volta praticamente perfeita, com 16 vit\u00f3rias e apenas um empate, em casa com o Benfica,&hellip;\n","protected":false},"author":2,"featured_media":225198,"comment_status":"","ping_status":"","sticky":false,"template":"","format":"standard","meta":{"footnotes":""},"categories":[87],"tags":[135,20558,1011,32,33,134],"class_list":{"0":"post-225197","1":"post","2":"type-post","3":"status-publish","4":"format-standard","5":"has-post-thumbnail","7":"category-desporto","8":"tag-desporto","9":"tag-f-c-porto","10":"tag-francesco-farioli","11":"tag-portugal","12":"tag-pt","13":"tag-sports"},"share_on_mastodon":{"url":"https:\/\/pubeurope.com\/@pt\/115878498348870135","error":""},"_links":{"self":[{"href":"https:\/\/www.europesays.com\/pt\/wp-json\/wp\/v2\/posts\/225197","targetHints":{"allow":["GET"]}}],"collection":[{"href":"https:\/\/www.europesays.com\/pt\/wp-json\/wp\/v2\/posts"}],"about":[{"href":"https:\/\/www.europesays.com\/pt\/wp-json\/wp\/v2\/types\/post"}],"author":[{"embeddable":true,"href":"https:\/\/www.europesays.com\/pt\/wp-json\/wp\/v2\/users\/2"}],"replies":[{"embeddable":true,"href":"https:\/\/www.europesays.com\/pt\/wp-json\/wp\/v2\/comments?post=225197"}],"version-history":[{"count":0,"href":"https:\/\/www.europesays.com\/pt\/wp-json\/wp\/v2\/posts\/225197\/revisions"}],"wp:featuredmedia":[{"embeddable":true,"href":"https:\/\/www.europesays.com\/pt\/wp-json\/wp\/v2\/media\/225198"}],"wp:attachment":[{"href":"https:\/\/www.europesays.com\/pt\/wp-json\/wp\/v2\/media?parent=225197"}],"wp:term":[{"taxonomy":"category","embeddable":true,"href":"https:\/\/www.europesays.com\/pt\/wp-json\/wp\/v2\/categories?post=225197"},{"taxonomy":"post_tag","embeddable":true,"href":"https:\/\/www.europesays.com\/pt\/wp-json\/wp\/v2\/tags?post=225197"}],"curies":[{"name":"wp","href":"https:\/\/api.w.org\/{rel}","templated":true}]}}