{"id":225203,"date":"2026-01-11T21:10:18","date_gmt":"2026-01-11T21:10:18","guid":{"rendered":"https:\/\/www.europesays.com\/pt\/225203\/"},"modified":"2026-01-11T21:10:18","modified_gmt":"2026-01-11T21:10:18","slug":"o-casal-com-empresa-onde-nunca-trabalharam-159-ilegais-observador","status":"publish","type":"post","link":"https:\/\/www.europesays.com\/pt\/225203\/","title":{"rendered":"O casal com empresa onde (nunca) trabalharam 159 ilegais \u2013 Observador"},"content":{"rendered":"<p>Foi num templo da religi\u00e3o Sikh em Odivelas que Vedika (nome fict\u00edcio) ouviu falar pela primeira vez de A.P., um cidad\u00e3o tamb\u00e9m indiano que morava em Albufeira e era conhecido por dar acesso aos documentos necess\u00e1rios para pedidos de legaliza\u00e7\u00e3o de cidad\u00e3os estrangeiros em Portugal. A informa\u00e7\u00e3o corria em mais do que um templo e, ap\u00f3s um contacto com A.P., ficou combinado o pagamento de 1.300 euros em troca de quatro N\u00fameros de Identifica\u00e7\u00e3o de Seguran\u00e7a Social (NISS) destinados \u00e0 mulher e outras tr\u00eas pessoas.<\/p>\n<p>Desta forma, Vedika pretendia obter uma autoriza\u00e7\u00e3o de resid\u00eancia para exerc\u00edcio de atividade profissional subordinada, prevista na lei 23\/2007 que regula o regime jur\u00eddico de entrada, perman\u00eancia, sa\u00edda e afastamento de estrangeiros do territ\u00f3rio nacional. Esta autoriza\u00e7\u00e3o \u00e9 atribu\u00edda a quem j\u00e1 tenha um contrato de trabalho e esteja inscrito na Seguran\u00e7a Social. Vedika s\u00f3 precisava desta \u00faltima parte e, com vista a obter os n\u00fameros, depositou a 12 de novembro de 2019 numa conta pertencente a A.P. os 1.300 euros que lhe foram pedidos. Contudo, os NISS prometidos nunca chegaram.<\/p>\n<p>Ent\u00e3o, a lesada denunciou o caso \u00e0s autoridades e, recentemente, A. P. e a sua mulher, bem como as duas empresas que fundaram, acabaram acusados de 209 crimes de aux\u00edlio \u00e0 imigra\u00e7\u00e3o ilegal, tr\u00eas crimes de burla e 32 crimes de falsifica\u00e7\u00e3o de documento pelo Departamento de Investiga\u00e7\u00e3o e A\u00e7\u00e3o Penal (DIAP) de Albufeira, ap\u00f3s uma investiga\u00e7\u00e3o da Pol\u00edcia Judici\u00e1ria (PJ). Os dois cidad\u00e3os s\u00e3o acusados de criar um verdadeiro esquema que passou pela cria\u00e7\u00e3o de empresas que serviam para \u201cemitir contratos de trabalho falsos e outros documentos com vista a inscrever cidad\u00e3os indost\u00e2nicos na plataforma do antigo SEF\u201d e iniciar os pedidos de legaliza\u00e7\u00e3o em territ\u00f3rio nacional. Em troca, exigiam dinheiro, mas pessoas houve, como Vedika, que pagaram sem receber nada de volta.<\/p>\n<p>\u201cN\u00e3o restam d\u00favidas de que os arguidos obtiveram, deste modo, e reiteradamente, avultados proveitos financeiros il\u00edcitos auxiliando na regulariza\u00e7\u00e3o de cidad\u00e3os em situa\u00e7\u00e3o ilegal, vendendo a alguns destes, contratos de trabalho falsos e inscri\u00e7\u00f5es na Seguran\u00e7a Social, apenas para efeitos de legaliza\u00e7\u00e3o extraordin\u00e1ria, em Portugal\u201d, sustenta a acusa\u00e7\u00e3o. Ao todo, o casal ter\u00e1 feito quase um milh\u00e3o de euros atrav\u00e9s desta pr\u00e1tica criminosa.<\/p>\n<blockquote class=\"wp-embedded-content\" data-secret=\"tFZgBaWC09\">\n<p><a href=\"https:\/\/observador.pt\/especiais\/aliciava-jovens-guineenses-a-estudar-em-portugal-e-abandonava-os-no-aeroporto-foi-acusado-de-auxilio-a-imigracao-ilegal\/\" rel=\"nofollow noopener\" target=\"_blank\">Aliciava jovens guineenses a estudar em Portugal e abandonava-os no aeroporto. Foi acusado de aux\u00edlio \u00e0 imigra\u00e7\u00e3o ilegal<\/a><\/p>\n<\/blockquote>\n<p>A.P., de 41 anos e a mulher N. M., de 36, s\u00e3o acusados de centenas de crimes. A sua morada corresponde \u00e0 de uma mercearia junto ao centro de Albufeira que, numa placa, anuncia a venda de bebidas, comida e tabaco. Segundo a acusa\u00e7\u00e3o, houve quem aqui se deslocasse para celebrar o contrato de trabalho. Foi em 2017 que abriram a primeira empresa \u2014 de com\u00e9rcio \u2014, a que se seguiu outra \u2014 de trabalho tempor\u00e1rio \u2014 em 2019. Ao que as autoridades suspeitam, ambas s\u00f3 serviam para o esquema ilegal de legaliza\u00e7\u00e3o de imigrantes. Muitos conseguiam assim inscrever-se na plataforma do SEF e pelo menos duas pessoas conseguiram mesmo a autoriza\u00e7\u00e3o de resid\u00eancia.<\/p>\n","protected":false},"excerpt":{"rendered":"Foi num templo da religi\u00e3o Sikh em Odivelas que Vedika (nome fict\u00edcio) ouviu falar pela primeira vez de&hellip;\n","protected":false},"author":2,"featured_media":225204,"comment_status":"","ping_status":"","sticky":false,"template":"","format":"standard","meta":{"footnotes":""},"categories":[10],"tags":[6579,27,28,15,16,14,34099,300,25,26,21,22,62,12,13,19,20,57,2003,3918,32,23,24,33,2004,58,17,18,29,30,31],"class_list":{"0":"post-225203","1":"post","2":"type-post","3":"status-publish","4":"format-standard","5":"has-post-thumbnail","7":"category-portugal","8":"tag-albufeira","9":"tag-breaking-news","10":"tag-breakingnews","11":"tag-featured-news","12":"tag-featurednews","13":"tag-headlines","14":"tag-imigrau00e7u00e3o-ilegal","15":"tag-justiu00e7a","16":"tag-latest-news","17":"tag-latestnews","18":"tag-main-news","19":"tag-mainnews","20":"tag-mundo","21":"tag-news","22":"tag-noticias","23":"tag-noticias-principais","24":"tag-noticiasprincipais","25":"tag-pau00eds","26":"tag-polu00edcia","27":"tag-polu00edcia-judiciu00e1ria","28":"tag-portugal","29":"tag-principais-noticias","30":"tag-principaisnoticias","31":"tag-pt","32":"tag-seguranu00e7a","33":"tag-sociedade","34":"tag-top-stories","35":"tag-topstories","36":"tag-ultimas","37":"tag-ultimas-noticias","38":"tag-ultimasnoticias"},"share_on_mastodon":{"url":"","error":"Validation failed: Text character limit of 500 exceeded"},"_links":{"self":[{"href":"https:\/\/www.europesays.com\/pt\/wp-json\/wp\/v2\/posts\/225203","targetHints":{"allow":["GET"]}}],"collection":[{"href":"https:\/\/www.europesays.com\/pt\/wp-json\/wp\/v2\/posts"}],"about":[{"href":"https:\/\/www.europesays.com\/pt\/wp-json\/wp\/v2\/types\/post"}],"author":[{"embeddable":true,"href":"https:\/\/www.europesays.com\/pt\/wp-json\/wp\/v2\/users\/2"}],"replies":[{"embeddable":true,"href":"https:\/\/www.europesays.com\/pt\/wp-json\/wp\/v2\/comments?post=225203"}],"version-history":[{"count":0,"href":"https:\/\/www.europesays.com\/pt\/wp-json\/wp\/v2\/posts\/225203\/revisions"}],"wp:featuredmedia":[{"embeddable":true,"href":"https:\/\/www.europesays.com\/pt\/wp-json\/wp\/v2\/media\/225204"}],"wp:attachment":[{"href":"https:\/\/www.europesays.com\/pt\/wp-json\/wp\/v2\/media?parent=225203"}],"wp:term":[{"taxonomy":"category","embeddable":true,"href":"https:\/\/www.europesays.com\/pt\/wp-json\/wp\/v2\/categories?post=225203"},{"taxonomy":"post_tag","embeddable":true,"href":"https:\/\/www.europesays.com\/pt\/wp-json\/wp\/v2\/tags?post=225203"}],"curies":[{"name":"wp","href":"https:\/\/api.w.org\/{rel}","templated":true}]}}